{"id":1425,"date":"2019-05-03T09:13:26","date_gmt":"2019-05-03T07:13:26","guid":{"rendered":"https:\/\/www.displayhersteller.de\/ratgeber\/?p=1425"},"modified":"2026-03-05T15:00:35","modified_gmt":"2026-03-05T14:00:35","slug":"messevitrinen-aus-glas","status":"publish","type":"post","link":"https:\/\/www.displayhersteller.de\/ratgeber\/messeausstattung\/messevitrinen-aus-glas","title":{"rendered":"Messevitrinen aus Glas"},"content":{"rendered":"<div class=\"pld-like-dislike-wrap pld-template-1\">\r\n    <div class=\"pld-like-wrap  pld-common-wrap\">\r\n    <a href=\"javascript:void(0)\" class=\"pld-like-trigger pld-like-dislike-trigger  \" title=\"Gef\u00e4llt mir\" data-post-id=\"1425\" data-trigger-type=\"like\" data-restriction=\"cookie\" data-already-liked=\"0\">\r\n                        <i class=\"fas fa-thumbs-up\"><\/i>\r\n                <\/a>\r\n    <span class=\"pld-like-count-wrap pld-count-wrap\">    <\/span>\r\n<\/div><\/div><div id=\"ez-toc-container\" class=\"ez-toc-v2_0_82_2 counter-hierarchy ez-toc-counter ez-toc-grey ez-toc-container-direction\">\n<div class=\"ez-toc-title-container\">\n<p class=\"ez-toc-title\" style=\"cursor:inherit\">Inhaltsverzeichnis<\/p>\n<span class=\"ez-toc-title-toggle\"><a href=\"#\" class=\"ez-toc-pull-right ez-toc-btn ez-toc-btn-xs ez-toc-btn-default ez-toc-toggle\" aria-label=\"Toggle Table of Content\"><span class=\"ez-toc-js-icon-con\"><span class=\"\"><span class=\"eztoc-hide\" style=\"display:none;\">Toggle<\/span><span class=\"ez-toc-icon-toggle-span\"><svg style=\"fill: #999;color:#999\" xmlns=\"http:\/\/www.w3.org\/2000\/svg\" class=\"list-377408\" width=\"20px\" height=\"20px\" viewBox=\"0 0 24 24\" fill=\"none\"><path d=\"M6 6H4v2h2V6zm14 0H8v2h12V6zM4 11h2v2H4v-2zm16 0H8v2h12v-2zM4 16h2v2H4v-2zm16 0H8v2h12v-2z\" fill=\"currentColor\"><\/path><\/svg><svg style=\"fill: #999;color:#999\" class=\"arrow-unsorted-368013\" xmlns=\"http:\/\/www.w3.org\/2000\/svg\" width=\"10px\" height=\"10px\" viewBox=\"0 0 24 24\" version=\"1.2\" baseProfile=\"tiny\"><path d=\"M18.2 9.3l-6.2-6.3-6.2 6.3c-.2.2-.3.4-.3.7s.1.5.3.7c.2.2.4.3.7.3h11c.3 0 .5-.1.7-.3.2-.2.3-.5.3-.7s-.1-.5-.3-.7zM5.8 14.7l6.2 6.3 6.2-6.3c.2-.2.3-.5.3-.7s-.1-.5-.3-.7c-.2-.2-.4-.3-.7-.3h-11c-.3 0-.5.1-.7.3-.2.2-.3.5-.3.7s.1.5.3.7z\"\/><\/svg><\/span><\/span><\/span><\/a><\/span><\/div>\n<nav><ul class='ez-toc-list ez-toc-list-level-1 ' ><li class='ez-toc-page-1 ez-toc-heading-level-2'><a class=\"ez-toc-link ez-toc-heading-1\" href=\"https:\/\/www.displayhersteller.de\/ratgeber\/messeausstattung\/messevitrinen-aus-glas\/#%C2%AB_Produktpraesentation_mit_besonderer_Eleganz_%C2%BB\" >\u00ab Produktpr\u00e4sentation mit besonderer Eleganz \u00bb<\/a><\/li><li class='ez-toc-page-1 ez-toc-heading-level-2'><a class=\"ez-toc-link ez-toc-heading-2\" href=\"https:\/\/www.displayhersteller.de\/ratgeber\/messeausstattung\/messevitrinen-aus-glas\/#Den_Messestand_attraktiv_gestalten\" >Den Messestand attraktiv gestalten<\/a><\/li><li class='ez-toc-page-1 ez-toc-heading-level-2'><a class=\"ez-toc-link ez-toc-heading-3\" href=\"https:\/\/www.displayhersteller.de\/ratgeber\/messeausstattung\/messevitrinen-aus-glas\/#Eine_Welt_voller_repraesentativer_Moeglichkeiten_%E2%80%93_die_Glasvitrine\" >Eine Welt voller repr\u00e4sentativer M\u00f6glichkeiten \u2013 die Glasvitrine<\/a><\/li><li class='ez-toc-page-1 ez-toc-heading-level-2'><a class=\"ez-toc-link ez-toc-heading-4\" href=\"https:\/\/www.displayhersteller.de\/ratgeber\/messeausstattung\/messevitrinen-aus-glas\/#Welche_Ausstattung_sollte_eine_Messevitrine_mitbringen\" >Welche Ausstattung sollte eine Messevitrine mitbringen?<\/a><ul class='ez-toc-list-level-3' ><li class='ez-toc-heading-level-3'><a class=\"ez-toc-link ez-toc-heading-5\" href=\"https:\/\/www.displayhersteller.de\/ratgeber\/messeausstattung\/messevitrinen-aus-glas\/#Diebstahl_nein_danke_Eine_Messevitrine_mit_Sicherheitsschloss_sorgt_fuer_Abhilfe\" >Diebstahl nein danke! Eine Messevitrine mit Sicherheitsschloss sorgt f\u00fcr Abhilfe<\/a><\/li><li class='ez-toc-page-1 ez-toc-heading-level-3'><a class=\"ez-toc-link ez-toc-heading-6\" href=\"https:\/\/www.displayhersteller.de\/ratgeber\/messeausstattung\/messevitrinen-aus-glas\/#Weil_immer_einmal_etwas_zu_Bruch_gehen_kann%E2%80%A6\" >Weil immer einmal etwas zu Bruch gehen kann&#8230;<\/a><\/li><li class='ez-toc-page-1 ez-toc-heading-level-3'><a class=\"ez-toc-link ez-toc-heading-7\" href=\"https:\/\/www.displayhersteller.de\/ratgeber\/messeausstattung\/messevitrinen-aus-glas\/#Weil_kein_Exponat_dem_anderen_gleicht\" >Weil kein Exponat dem anderen gleicht<\/a><\/li><li class='ez-toc-page-1 ez-toc-heading-level-3'><a class=\"ez-toc-link ez-toc-heading-8\" href=\"https:\/\/www.displayhersteller.de\/ratgeber\/messeausstattung\/messevitrinen-aus-glas\/#Fuer_einen_sicheren_Stand\" >F\u00fcr einen sicheren Stand<\/a><\/li><\/ul><\/li><li class='ez-toc-page-1 ez-toc-heading-level-2'><a class=\"ez-toc-link ez-toc-heading-9\" href=\"https:\/\/www.displayhersteller.de\/ratgeber\/messeausstattung\/messevitrinen-aus-glas\/#Diese_Messevitrinen_lenken_den_Fokus_auf_das_Wesentliche\" >Diese Messevitrinen lenken den Fokus auf das Wesentliche<\/a><\/li><li class='ez-toc-page-1 ez-toc-heading-level-2'><a class=\"ez-toc-link ez-toc-heading-10\" href=\"https:\/\/www.displayhersteller.de\/ratgeber\/messeausstattung\/messevitrinen-aus-glas\/#Elegantes_Design_%E2%80%93_die_Vitrine_mit_Glashaube\" >Elegantes Design \u2013 die Vitrine mit Glashaube<\/a><\/li><li class='ez-toc-page-1 ez-toc-heading-level-2'><a class=\"ez-toc-link ez-toc-heading-11\" href=\"https:\/\/www.displayhersteller.de\/ratgeber\/messeausstattung\/messevitrinen-aus-glas\/#Der_Vitrinentisch_%E2%80%93_extravagant_und_elegant\" >Der Vitrinentisch \u2013 extravagant und elegant<\/a><\/li><li class='ez-toc-page-1 ez-toc-heading-level-2'><a class=\"ez-toc-link ez-toc-heading-12\" href=\"https:\/\/www.displayhersteller.de\/ratgeber\/messeausstattung\/messevitrinen-aus-glas\/#Mehr_Mobilitaet_fuer_die_Messe\" >Mehr Mobilit\u00e4t f\u00fcr die Messe<\/a><ul class='ez-toc-list-level-3' ><li class='ez-toc-heading-level-3'><a class=\"ez-toc-link ez-toc-heading-13\" href=\"https:\/\/www.displayhersteller.de\/ratgeber\/messeausstattung\/messevitrinen-aus-glas\/#Die_Faltwand-Vitrine\" >Die Faltwand-Vitrine<\/a><\/li><li class='ez-toc-page-1 ez-toc-heading-level-3'><a class=\"ez-toc-link ez-toc-heading-14\" href=\"https:\/\/www.displayhersteller.de\/ratgeber\/messeausstattung\/messevitrinen-aus-glas\/#Die_Spiralvitrine_%E2%80%93_eine_Saeule_mit_Stil\" >Die Spiralvitrine \u2013 eine S\u00e4ule mit Stil<\/a><\/li><\/ul><\/li><li class='ez-toc-page-1 ez-toc-heading-level-2'><a class=\"ez-toc-link ez-toc-heading-15\" href=\"https:\/\/www.displayhersteller.de\/ratgeber\/messeausstattung\/messevitrinen-aus-glas\/#Der_perfekte_Auftritt_im_Aussenbereich\" >Der perfekte Auftritt im Au\u00dfenbereich<\/a><\/li><\/ul><\/nav><\/div>\n<h2><span class=\"ez-toc-section\" id=\"%C2%AB_Produktpraesentation_mit_besonderer_Eleganz_%C2%BB\"><\/span>\u00ab Produktpr\u00e4sentation mit besonderer Eleganz \u00bb<span class=\"ez-toc-section-end\"><\/span><\/h2>\n<p style=\"text-align: justify;\"><strong>Nicht nur Schmuck kommt in Vitrinen besonders gut zur Geltung. Um Anschauungsst\u00fccken eine besondere Wertigkeit zu verleihen, sind Messevitrinen ein absolutes Must-have am Point-of-Sale oder auf Events. Vitrinen aus Glas setzen Objekte aller Art besonders gekonnt in Szene. Dabei gibt es viele Varianten und unterschiedliche Ausf\u00fchrungen.<\/strong><\/p>\n<h2><span class=\"ez-toc-section\" id=\"Den_Messestand_attraktiv_gestalten\"><\/span>Den Messestand attraktiv gestalten<span class=\"ez-toc-section-end\"><\/span><\/h2>\n<p style=\"text-align: justify;\">F\u00fcr einen ansprechenden Messestand ist es wichtig, Akzente zu setzen. Neben stimmigen <a href=\"https:\/\/www.displayhersteller.de\/de\/displaysysteme\">Displaysystemen<\/a> sollte man auf <a href=\"https:\/\/www.displayhersteller.de\/de\/messeausstattung\/messemoebel\">hochwertige Messem\u00f6bel<\/a> achten. Passende Messevitrinen lockern das Erscheinungsbild wohltuend auf und lenken die Aufmerksamkeit geschickt auf die besonderen Highlights. \u00dcbertreiben sollte man es allerdings nicht. Das haptische Erlebnis ist f\u00fcr eine Kaufentscheidung besonders wichtig. Wer seine Sch\u00e4tze ausschlie\u00dflich in Vitrinen pr\u00e4sentiert, setzt eine Grenze, die sich nur schwer \u00fcberwinden l\u00e4sst. Die hohe Kunst des Verkaufens besteht darin, Bed\u00fcrfnisse zu wecken. Am besten gelingt dies mit Emotionen. Die direkte Ansprache unserer Sinne spielt dabei eine gro\u00dfe Rolle. Sehen, h\u00f6ren, f\u00fchlen und riechen \u2013 clevere Marketing-Experten nutzen ihre Chancen. Ein Schaukasten dient als Blickfang, sollte aber nur ausgew\u00e4hlten Exponaten vorbehalten sein.<\/p>\n<p><a href=\"https:\/\/www.displayhersteller.de\/de\/messestaende-sets\"><img loading=\"lazy\" decoding=\"async\" class=\"aligncenter wp-image-1444 size-full\" title=\"Messeset 209\" src=\"https:\/\/www.displayhersteller.de\/ratgeber\/wp-content\/uploads\/2019\/05\/Messeset-209.jpg\" alt=\"Messeset 209\" width=\"820\" height=\"715\" srcset=\"https:\/\/www.displayhersteller.de\/ratgeber\/wp-content\/uploads\/2019\/05\/Messeset-209.jpg 820w, https:\/\/www.displayhersteller.de\/ratgeber\/wp-content\/uploads\/2019\/05\/Messeset-209-150x131.jpg 150w, https:\/\/www.displayhersteller.de\/ratgeber\/wp-content\/uploads\/2019\/05\/Messeset-209-300x262.jpg 300w\" sizes=\"auto, (max-width: 820px) 100vw, 820px\" \/><\/a><\/p>\n<h2><span class=\"ez-toc-section\" id=\"Eine_Welt_voller_repraesentativer_Moeglichkeiten_%E2%80%93_die_Glasvitrine\"><\/span>Eine Welt voller repr\u00e4sentativer M\u00f6glichkeiten \u2013 die Glasvitrine<span class=\"ez-toc-section-end\"><\/span><\/h2>\n<p style=\"text-align: justify;\">Um die vielen unterschiedlichen Exponate optisch ansprechend in Szene setzen zu k\u00f6nnen, hilft eine Standard-L\u00f6sung nicht weiter. Daher gibt es zahlreiche Modelle, um den verschiedenen Anforderungen gerecht zu werden. Es gibt runde, eckige oder auch ovale Messvitrinen. Der Klassiker ist die auf einer meist quadratischen Grundfl\u00e4che basierende Variante. Sie zeigt sich extrem wandelbar. In der Regel verf\u00fcgt diese Messevitrine \u00fcber mehrere Einlegeb\u00f6den, die ebenfalls aus Glas sind. Manche Modelle haben eine Abdeckung, in die eine Beleuchtung integriert ist, andere wiederum punkten mit einer gl\u00e4sernen Decke, die optimalen Lichteinfall gew\u00e4hrleistet. Licht spielt bei der Performance \u2013 neben dem Exponat selbst \u2013 die absolute Hauptrolle. Daher sollten Sie beim Kauf einer passenden Glasvitrine f\u00fcr Ihren Stand oder Messeauftritt unbedingt auf eine m\u00f6glichst fl\u00e4chendeckende Ausleuchtung achten. Glas ist nat\u00fcrlich ein Material, das dem zutr\u00e4glich ist.<\/p>\n<h2><span class=\"ez-toc-section\" id=\"Welche_Ausstattung_sollte_eine_Messevitrine_mitbringen\"><\/span>Welche Ausstattung sollte eine Messevitrine mitbringen?<span class=\"ez-toc-section-end\"><\/span><\/h2>\n<p style=\"text-align: justify;\">Glasvitrinen f\u00fcr den sollten bestimmte Voraussetzungen erf\u00fcllen. Nur so ist eine optimale Performance am POS und auf der Messe garantiert.<\/p>\n<h3><a href=\"https:\/\/www.displayhersteller.de\/de\/messestaende-sets\"><img loading=\"lazy\" decoding=\"async\" class=\"alignright wp-image-1427 size-full\" title=\"Glasvitrine Cubus\" src=\"https:\/\/www.displayhersteller.de\/ratgeber\/wp-content\/uploads\/2019\/05\/Glasvitrine-Cubus-e1556869071146.jpg\" alt=\"Glasvitrine Cubus\" width=\"293\" height=\"476\" srcset=\"https:\/\/www.displayhersteller.de\/ratgeber\/wp-content\/uploads\/2019\/05\/Glasvitrine-Cubus-e1556869071146.jpg 293w, https:\/\/www.displayhersteller.de\/ratgeber\/wp-content\/uploads\/2019\/05\/Glasvitrine-Cubus-e1556869071146-92x150.jpg 92w, https:\/\/www.displayhersteller.de\/ratgeber\/wp-content\/uploads\/2019\/05\/Glasvitrine-Cubus-e1556869071146-185x300.jpg 185w\" sizes=\"auto, (max-width: 293px) 100vw, 293px\" \/><\/a><\/h3>\n<h3><span class=\"ez-toc-section\" id=\"Diebstahl_nein_danke_Eine_Messevitrine_mit_Sicherheitsschloss_sorgt_fuer_Abhilfe\"><\/span>Diebstahl nein danke! Eine Messevitrine mit Sicherheitsschloss sorgt f\u00fcr Abhilfe<span class=\"ez-toc-section-end\"><\/span><\/h3>\n<p style=\"text-align: justify;\">Ob am Point of Sale oder auf der Messe \u2013 leider sind nicht alle Kunden ehrlich. Da man nicht immer das gesamte Ladenlokal, den ganzen Messestand oder die Veranstaltungsfl\u00e4che im Blickfeld behalten kann, sollte man hier vorbeugen. Glasvitrinen dienen meist dazu, hochwertige Exponate auszustellen. Um sie vor unberechtigtem Zugriff zu sch\u00fctzen, sollten Glasvitrinen daher stets abschlie\u00dfbar sein.<\/p>\n<h3><span class=\"ez-toc-section\" id=\"Weil_immer_einmal_etwas_zu_Bruch_gehen_kann%E2%80%A6\"><\/span>Weil immer einmal etwas zu Bruch gehen kann&#8230;<span class=\"ez-toc-section-end\"><\/span><\/h3>\n<p style=\"text-align: justify;\">Sicherheit geht vor! Da es immer einmal zu einem kleinen Malheur kommen kann, sollten Glasvitrinen aus ESG Sicherheitsglas gefertigt sein. Nur so sind Sie, Ihre Mitarbeiter und Ihre Kunden und Besucher ausreichend vor Verletzungen gesch\u00fctzt.<\/p>\n<h3><span class=\"ez-toc-section\" id=\"Weil_kein_Exponat_dem_anderen_gleicht\"><\/span>Weil kein Exponat dem anderen gleicht<span class=\"ez-toc-section-end\"><\/span><\/h3>\n<p style=\"text-align: justify;\">Um stets flexibel zu sein, sollten die Einlegeb\u00f6den m\u00f6glichst stufenlos in der H\u00f6he verstellbar sein. So lassen sich kleine und gro\u00dfe, hohe und niedrige Objekte perfekt pr\u00e4sentieren. Achten Sie dar\u00fcber hinaus auf die Belastbarkeit Ihrer Messevitrine. Ist diese nicht ausreichend gew\u00e4hrleistet, kann es tats\u00e4chlich passieren, dass ein Einlegeboden bricht. Scherben bringen Gl\u00fcck? Leider nicht immer!<\/p>\n<h3><span class=\"ez-toc-section\" id=\"Fuer_einen_sicheren_Stand\"><\/span>F\u00fcr einen sicheren Stand<span class=\"ez-toc-section-end\"><\/span><\/h3>\n<p style=\"text-align: justify;\">Wenn es wackelt, hilft ein St\u00fcck Pappe? Das ist reichlich unprofessionell. Auch wenn Improvisation manchmal notwendig ist \u2013 besser ist es, rechtzeitig vorzubeugen und eine Variante mit Stellf\u00fc\u00dfen zu w\u00e4hlen, deren Niveau sich regulieren l\u00e4sst. Gerade auf einer Messe muss man immer mit Unebenheiten des Bodens rechnen.<\/p>\n<h2><span class=\"ez-toc-section\" id=\"Diese_Messevitrinen_lenken_den_Fokus_auf_das_Wesentliche\"><\/span>Diese Messevitrinen lenken den Fokus auf das Wesentliche<span class=\"ez-toc-section-end\"><\/span><\/h2>\n<p style=\"text-align: justify;\">Wer es besonders edel mag, der sollte sich f\u00fcr eine Glasvitrine entscheiden, die \u00fcber einen eingef\u00fcgten gl\u00e4sernen Cubus verf\u00fcgt. Bei dieser Art von Schaukasten ist der Sockel, sowie die Haube verblendet. In der Mitte befindet sich ein Cubus aus Glas. Das lenkt nicht nur die Blicke gezielt auf das ausgestellte Exponat, sondern erh\u00f6ht au\u00dferdem dessen Wertigkeit. Empfehlenswert ist eine Verblendung in Schwarz. Das sieht elegant aus und bildet einen optimalen Kontrast zu dem beleuchteten gl\u00e4sernen Cubus. Selbstverst\u00e4ndlich sind auch viele weitere Farbgebungen denkbar. Auch mit einer Werbebotschaft oder dem eigenen Logo bedruckte Blenden sind m\u00f6glich. Die Messevitrine sollte au\u00dferdem farblich auf die \u00fcbrigen Messem\u00f6bel und ein eventuelles Displaysystem abgestimmt sein. Ein homogenes Erscheinungsbild verleiht dem Messestand ein beruhigendes Ambiente. Andererseits kann man mit einer farbigen L\u00f6sung auch wunderbare Akzente setzen. In der Regel sollte diese Aufgabe aber die ausgestellten Waren und Objekte \u00fcbernehmen.<\/p>\n<p><a href=\"https:\/\/www.displayhersteller.de\/de\/displaysysteme\/messetheken\/aluminium-messetheke\"><img loading=\"lazy\" decoding=\"async\" class=\"alignnone wp-image-1434 size-full\" title=\"Spiral Vitrine inkl. Druck\" src=\"https:\/\/www.displayhersteller.de\/ratgeber\/wp-content\/uploads\/2019\/05\/Spiral-Vitrine-inkl.-Druck.jpg\" alt=\"Spiral Vitrine inkl. Druck\" width=\"400\" height=\"472\" srcset=\"https:\/\/www.displayhersteller.de\/ratgeber\/wp-content\/uploads\/2019\/05\/Spiral-Vitrine-inkl.-Druck.jpg 400w, https:\/\/www.displayhersteller.de\/ratgeber\/wp-content\/uploads\/2019\/05\/Spiral-Vitrine-inkl.-Druck-127x150.jpg 127w, https:\/\/www.displayhersteller.de\/ratgeber\/wp-content\/uploads\/2019\/05\/Spiral-Vitrine-inkl.-Druck-254x300.jpg 254w\" sizes=\"auto, (max-width: 400px) 100vw, 400px\" \/><\/a> \u00a0 \u00a0 <a href=\"https:\/\/www.displayhersteller.de\/de\/messestaende-sets\"><img loading=\"lazy\" decoding=\"async\" class=\"alignnone wp-image-1435 size-full\" title=\"Glasvitrine Eckig\" src=\"https:\/\/www.displayhersteller.de\/ratgeber\/wp-content\/uploads\/2019\/05\/Glasvitrine-Eckig.jpg\" alt=\"Glasvitrine Eckig\" width=\"400\" height=\"472\" srcset=\"https:\/\/www.displayhersteller.de\/ratgeber\/wp-content\/uploads\/2019\/05\/Glasvitrine-Eckig.jpg 400w, https:\/\/www.displayhersteller.de\/ratgeber\/wp-content\/uploads\/2019\/05\/Glasvitrine-Eckig-127x150.jpg 127w, https:\/\/www.displayhersteller.de\/ratgeber\/wp-content\/uploads\/2019\/05\/Glasvitrine-Eckig-254x300.jpg 254w\" sizes=\"auto, (max-width: 400px) 100vw, 400px\" \/><\/a><\/p>\n<h2><span class=\"ez-toc-section\" id=\"Elegantes_Design_%E2%80%93_die_Vitrine_mit_Glashaube\"><\/span>Elegantes Design \u2013 die Vitrine mit Glashaube<span class=\"ez-toc-section-end\"><\/span><\/h2>\n<p style=\"text-align: justify;\">Eine ebenfalls sehr ansprechende L\u00f6sung ist eine Variante, bei der auf einem Sockel eine Glashaube platziert ist. Sie unterstreicht auf gekonnte Weise die Hochwertigkeit der gezeigten St\u00fccke. Durch den zus\u00e4tzlichen Lichteinfall von oben, werden die Objekte perfekt in Szene gesetzt. Ein weiteres Plus ist, dass die Glashaube den Blick aus den unterschiedlichsten Perspektiven auf die ausgestellten Objekte freigibt. Besonders edel ist ein Sockel in Hochglanz. Auch hier empfiehlt sich eine dunkle Farbe, vorzugsweise Schwarz. Es stehen auf Wunsch selbstverst\u00e4ndlich auch nahezu alle anderen Farben zur Verf\u00fcgung.<\/p>\n<h2><span class=\"ez-toc-section\" id=\"Der_Vitrinentisch_%E2%80%93_extravagant_und_elegant\"><\/span>Der Vitrinentisch \u2013 extravagant und elegant<span class=\"ez-toc-section-end\"><\/span><\/h2>\n<p style=\"text-align: justify;\">Der Vitrinentisch ist eine filigrane Variante der Vitrine mit Glashaube. Auch hier sind alle St\u00fccke von oben einsehbar. Statt auf einem kubischen Unterbau verf\u00fcgt der Vitrinentisch \u00fcber schlanke Beine, die ihm eine gewisse Anmut verleihen. Ge\u00f6ffnet wir der Vitrinentisch entweder durch eine T\u00fcr an der Frontseite oder durch Hochklappen der oberen Abdeckung. Dieses Modell eignet sich hervorragend zur Pr\u00e4sentation von Schmuckst\u00fccken, Schals, Handschuhen und anderen hochwertigen Accessoires. Eine stilvolle L\u00f6sung, die auf der Messe einen ebenso guten Eindruck macht, wie an jedem anderen Point of Sale.<\/p>\n<p><a href=\"https:\/\/www.displayhersteller.de\/de\/displaysysteme\/messetheken\"><img loading=\"lazy\" decoding=\"async\" class=\"aligncenter wp-image-1438\" title=\"Tischvitrine Elegance\" src=\"https:\/\/www.displayhersteller.de\/ratgeber\/wp-content\/uploads\/2019\/05\/Tischvitrine-Elegance.jpg\" alt=\"Tischvitrine Elegance\" width=\"554\" height=\"583\" srcset=\"https:\/\/www.displayhersteller.de\/ratgeber\/wp-content\/uploads\/2019\/05\/Tischvitrine-Elegance.jpg 820w, https:\/\/www.displayhersteller.de\/ratgeber\/wp-content\/uploads\/2019\/05\/Tischvitrine-Elegance-143x150.jpg 143w, https:\/\/www.displayhersteller.de\/ratgeber\/wp-content\/uploads\/2019\/05\/Tischvitrine-Elegance-285x300.jpg 285w\" sizes=\"auto, (max-width: 554px) 100vw, 554px\" \/><\/a><\/p>\n<h2><span class=\"ez-toc-section\" id=\"Mehr_Mobilitaet_fuer_die_Messe\"><\/span>Mehr Mobilit\u00e4t f\u00fcr die Messe<span class=\"ez-toc-section-end\"><\/span><\/h2>\n<p style=\"text-align: justify;\">Wer mehr als eine Messe im Jahr absolviert, wei\u00df die Vorz\u00fcge eines m\u00f6glichst flexiblen Equipments zu sch\u00e4tzen Echtglasvitrinen sind nicht nur schwer, sie bergen auch eine erh\u00f6hte Gefahr von Besch\u00e4digungen. Mobile Messevitrinen mit Plexiglasscheiben sind eine perfekte Alternative f\u00fcr die Messe. Mit speziellen Konstruktionen und Verbindungssystemen ist die mobile L\u00f6sung im Handumdrehen auf- und wieder abgebaut. Sie sorgt auf jedem Messestand f\u00fcr einen Hingucker.<\/p>\n<h3><span class=\"ez-toc-section\" id=\"Die_Faltwand-Vitrine\"><\/span>Die Faltwand-Vitrine<span class=\"ez-toc-section-end\"><\/span><\/h3>\n<p style=\"text-align: justify;\">Design von seiner sch\u00f6nsten Seite &#8211; eine Faltwand-Vitrine \u00fcberzeugt durch ihr geringes Gewicht und die einfache Handhabung. Farbig gestaltbare Paneele und hochwertiges Plexiglas f\u00fcgen sich zu einer harmonischen Komposition, die einer Echtglasvitrine in fast nichts nachsteht.<\/p>\n<p><a href=\"https:\/\/www.displayhersteller.de\/de\/messestaende-sets\/pop-up-messestand\"><img loading=\"lazy\" decoding=\"async\" class=\"aligncenter wp-image-1441 size-large\" title=\"Faltwand Vitrine\" src=\"https:\/\/www.displayhersteller.de\/ratgeber\/wp-content\/uploads\/2019\/05\/Faltwand-Vitrine-1024x746.jpg\" alt=\"Faltwand Vitrine\" width=\"618\" height=\"450\" srcset=\"https:\/\/www.displayhersteller.de\/ratgeber\/wp-content\/uploads\/2019\/05\/Faltwand-Vitrine-1024x746.jpg 1024w, https:\/\/www.displayhersteller.de\/ratgeber\/wp-content\/uploads\/2019\/05\/Faltwand-Vitrine-150x109.jpg 150w, https:\/\/www.displayhersteller.de\/ratgeber\/wp-content\/uploads\/2019\/05\/Faltwand-Vitrine-300x219.jpg 300w, https:\/\/www.displayhersteller.de\/ratgeber\/wp-content\/uploads\/2019\/05\/Faltwand-Vitrine.jpg 1404w\" sizes=\"auto, (max-width: 618px) 100vw, 618px\" \/><\/a><\/p>\n<h3><span class=\"ez-toc-section\" id=\"Die_Spiralvitrine_%E2%80%93_eine_Saeule_mit_Stil\"><\/span>Die Spiralvitrine \u2013 eine S\u00e4ule mit Stil<span class=\"ez-toc-section-end\"><\/span><\/h3>\n<p style=\"text-align: justify;\">Schneller kann der Aufbau nicht sein. \u00c4hnlich wie bei einem Pop-up System steht diese Messevitrine in wenigen Augenblicken. Hochziehen, drehen und schon steht die S\u00e4ulenvitrine. Das extravagante Design dieser Messevitrine kann wahlweise mit klaren PET Scheiben oder mit hochwertig bedruckten Paneelen eingesetzt werden. Mit einer Transporttasche l\u00e4sst sich die Spiralvitrine ganz einfach in jedem PKW transportieren und ist in wenigen Minuten f\u00fcr die n\u00e4chste Messe bereit.<\/p>\n<h2><span class=\"ez-toc-section\" id=\"Der_perfekte_Auftritt_im_Aussenbereich\"><\/span>Der perfekte Auftritt im Au\u00dfenbereich<span class=\"ez-toc-section-end\"><\/span><\/h2>\n<p style=\"text-align: justify;\">Messevitrinen sind f\u00fcr den Au\u00dfenbereich nur bedingt geeignet. Eine gute Alternative ist ein abschlie\u00dfbarer Schaukasten, in dem man Speisekarten, kleinere Exponate und andere St\u00fccke mit geringen Abmessungen pr\u00e4sentieren kann. Wichtig ist, dass der Schaukasten staubgesch\u00fctzt und wasserdicht ist, um den Anforderungen im Outdoor Bereich gewachsen zu sein.<\/p>\n","protected":false},"excerpt":{"rendered":"<p>\u00ab Produktpr\u00e4sentation mit besonderer Eleganz \u00bb Nicht nur Schmuck kommt in Vitrinen besonders gut zur&#8230;<\/p>\n","protected":false},"author":11,"featured_media":4100,"comment_status":"closed","ping_status":"open","sticky":false,"template":"","format":"standard","meta":{"_acf_changed":false,"_lmt_disableupdate":"no","_lmt_disable":"no","footnotes":""},"categories":[431],"tags":[151,148,149,147,146,150],"class_list":{"0":"post-1425","1":"post","2":"type-post","3":"status-publish","4":"format-standard","5":"has-post-thumbnail","7":"category-messeausstattung","8":"tag-ausstellung","9":"tag-glas","10":"tag-glasvitrinen","11":"tag-messevitrinen","12":"tag-messevitrinen-aus-glas","13":"tag-sicherheitsglas"},"acf":[],"yoast_head":"<!-- This site is optimized with the Yoast SEO plugin v27.5 - https:\/\/yoast.com\/product\/yoast-seo-wordpress\/ -->\n<title>Messevitrinen aus Glas - sch\u00f6ne Produktpr\u00e4sentation f\u00fcr Messe<\/title>\n<meta name=\"description\" content=\"Das Magazin von displayhersteller.de berichtet von schicken Messevitrinen, die aus Glas Produktpr\u00e4sentation besondere Eleganz verleihen \u2714\" \/>\n<meta name=\"robots\" content=\"index, follow, max-snippet:-1, max-image-preview:large, max-video-preview:-1\" \/>\n<link rel=\"canonical\" href=\"https:\/\/www.displayhersteller.de\/ratgeber\/messeausstattung\/messevitrinen-aus-glas\" \/>\n<meta property=\"og:locale\" content=\"de_DE\" \/>\n<meta property=\"og:type\" content=\"article\" \/>\n<meta property=\"og:title\" content=\"Messevitrinen aus Glas - sch\u00f6ne Produktpr\u00e4sentation f\u00fcr Messe\" \/>\n<meta property=\"og:description\" content=\"Das Magazin von displayhersteller.de berichtet von schicken Messevitrinen, die aus Glas Produktpr\u00e4sentation besondere Eleganz verleihen \u2714\" \/>\n<meta property=\"og:url\" content=\"https:\/\/www.displayhersteller.de\/ratgeber\/messeausstattung\/messevitrinen-aus-glas\" \/>\n<meta property=\"og:site_name\" content=\"displayhersteller Ratgeber\" \/>\n<meta property=\"article:author\" content=\"https:\/\/www.facebook.com\/displayhersteller\" \/>\n<meta property=\"article:published_time\" content=\"2019-05-03T07:13:26+00:00\" \/>\n<meta property=\"article:modified_time\" content=\"2026-03-05T14:00:35+00:00\" \/>\n<meta property=\"og:image\" content=\"http:\/\/www.displayhersteller.de\/ratgeber\/wp-content\/uploads\/2019\/05\/Messevitrinen-aus-Glas.jpg\" \/>\n\t<meta property=\"og:image:width\" content=\"1839\" \/>\n\t<meta property=\"og:image:height\" content=\"945\" \/>\n\t<meta property=\"og:image:type\" content=\"image\/jpeg\" \/>\n<meta name=\"author\" content=\"Selin Alica\" \/>\n<meta name=\"twitter:card\" content=\"summary_large_image\" \/>\n<meta name=\"twitter:label1\" content=\"Geschrieben von\" \/>\n\t<meta name=\"twitter:data1\" content=\"Selin Alica\" \/>\n\t<meta name=\"twitter:label2\" content=\"Gesch\u00e4tzte Lesezeit\" \/>\n\t<meta name=\"twitter:data2\" content=\"8\u00a0Minuten\" \/>\n<!-- \/ Yoast SEO plugin. -->","yoast_head_json":{"title":"Messevitrinen aus Glas - sch\u00f6ne Produktpr\u00e4sentation f\u00fcr Messe","description":"Das Magazin von displayhersteller.de berichtet von schicken Messevitrinen, die aus Glas Produktpr\u00e4sentation besondere Eleganz verleihen \u2714","robots":{"index":"index","follow":"follow","max-snippet":"max-snippet:-1","max-image-preview":"max-image-preview:large","max-video-preview":"max-video-preview:-1"},"canonical":"https:\/\/www.displayhersteller.de\/ratgeber\/messeausstattung\/messevitrinen-aus-glas","og_locale":"de_DE","og_type":"article","og_title":"Messevitrinen aus Glas - sch\u00f6ne Produktpr\u00e4sentation f\u00fcr Messe","og_description":"Das Magazin von displayhersteller.de berichtet von schicken Messevitrinen, die aus Glas Produktpr\u00e4sentation besondere Eleganz verleihen \u2714","og_url":"https:\/\/www.displayhersteller.de\/ratgeber\/messeausstattung\/messevitrinen-aus-glas","og_site_name":"displayhersteller Ratgeber","article_author":"https:\/\/www.facebook.com\/displayhersteller","article_published_time":"2019-05-03T07:13:26+00:00","article_modified_time":"2026-03-05T14:00:35+00:00","og_image":[{"width":1839,"height":945,"url":"http:\/\/www.displayhersteller.de\/ratgeber\/wp-content\/uploads\/2019\/05\/Messevitrinen-aus-Glas.jpg","type":"image\/jpeg"}],"author":"Selin Alica","twitter_card":"summary_large_image","twitter_misc":{"Geschrieben von":"Selin Alica","Gesch\u00e4tzte Lesezeit":"8\u00a0Minuten"},"schema":{"@context":"https:\/\/schema.org","@graph":[{"@type":"Article","@id":"https:\/\/www.displayhersteller.de\/ratgeber\/messeausstattung\/messevitrinen-aus-glas#article","isPartOf":{"@id":"https:\/\/www.displayhersteller.de\/ratgeber\/messeausstattung\/messevitrinen-aus-glas"},"author":{"name":"Selin Alica","@id":"https:\/\/www.displayhersteller.de\/ratgeber\/#\/schema\/person\/1300a732ee83919ebb218862e2c750c7"},"headline":"Messevitrinen aus Glas","datePublished":"2019-05-03T07:13:26+00:00","dateModified":"2026-03-05T14:00:35+00:00","mainEntityOfPage":{"@id":"https:\/\/www.displayhersteller.de\/ratgeber\/messeausstattung\/messevitrinen-aus-glas"},"wordCount":1217,"image":{"@id":"https:\/\/www.displayhersteller.de\/ratgeber\/messeausstattung\/messevitrinen-aus-glas#primaryimage"},"thumbnailUrl":"https:\/\/www.displayhersteller.de\/ratgeber\/wp-content\/uploads\/2019\/05\/Messevitrinen-aus-Glas.jpg","keywords":["Ausstellung","Glas","Glasvitrinen","Messevitrinen","Messevitrinen aus Glas","Sicherheitsglas"],"articleSection":["Messeausstattung"],"inLanguage":"de"},{"@type":"WebPage","@id":"https:\/\/www.displayhersteller.de\/ratgeber\/messeausstattung\/messevitrinen-aus-glas","url":"https:\/\/www.displayhersteller.de\/ratgeber\/messeausstattung\/messevitrinen-aus-glas","name":"Messevitrinen aus Glas - sch\u00f6ne Produktpr\u00e4sentation f\u00fcr Messe","isPartOf":{"@id":"https:\/\/www.displayhersteller.de\/ratgeber\/#website"},"primaryImageOfPage":{"@id":"https:\/\/www.displayhersteller.de\/ratgeber\/messeausstattung\/messevitrinen-aus-glas#primaryimage"},"image":{"@id":"https:\/\/www.displayhersteller.de\/ratgeber\/messeausstattung\/messevitrinen-aus-glas#primaryimage"},"thumbnailUrl":"https:\/\/www.displayhersteller.de\/ratgeber\/wp-content\/uploads\/2019\/05\/Messevitrinen-aus-Glas.jpg","datePublished":"2019-05-03T07:13:26+00:00","dateModified":"2026-03-05T14:00:35+00:00","author":{"@id":"https:\/\/www.displayhersteller.de\/ratgeber\/#\/schema\/person\/1300a732ee83919ebb218862e2c750c7"},"description":"Das Magazin von displayhersteller.de berichtet von schicken Messevitrinen, die aus Glas Produktpr\u00e4sentation besondere Eleganz verleihen \u2714","breadcrumb":{"@id":"https:\/\/www.displayhersteller.de\/ratgeber\/messeausstattung\/messevitrinen-aus-glas#breadcrumb"},"inLanguage":"de","potentialAction":[{"@type":"ReadAction","target":["https:\/\/www.displayhersteller.de\/ratgeber\/messeausstattung\/messevitrinen-aus-glas"]}]},{"@type":"ImageObject","inLanguage":"de","@id":"https:\/\/www.displayhersteller.de\/ratgeber\/messeausstattung\/messevitrinen-aus-glas#primaryimage","url":"https:\/\/www.displayhersteller.de\/ratgeber\/wp-content\/uploads\/2019\/05\/Messevitrinen-aus-Glas.jpg","contentUrl":"https:\/\/www.displayhersteller.de\/ratgeber\/wp-content\/uploads\/2019\/05\/Messevitrinen-aus-Glas.jpg","width":1839,"height":945},{"@type":"BreadcrumbList","@id":"https:\/\/www.displayhersteller.de\/ratgeber\/messeausstattung\/messevitrinen-aus-glas#breadcrumb","itemListElement":[{"@type":"ListItem","position":1,"name":"Home","item":"https:\/\/www.displayhersteller.de\/ratgeber"},{"@type":"ListItem","position":2,"name":"Messevitrinen aus Glas"}]},{"@type":"WebSite","@id":"https:\/\/www.displayhersteller.de\/ratgeber\/#website","url":"https:\/\/www.displayhersteller.de\/ratgeber\/","name":"displayhersteller Ratgeber","description":"Informative Beitr\u00e4ge zu Messest\u00e4nden, Werbeaufstellern f\u00fcr Messen, Events und Veranstaltungen","potentialAction":[{"@type":"SearchAction","target":{"@type":"EntryPoint","urlTemplate":"https:\/\/www.displayhersteller.de\/ratgeber\/?s={search_term_string}"},"query-input":{"@type":"PropertyValueSpecification","valueRequired":true,"valueName":"search_term_string"}}],"inLanguage":"de"},{"@type":"Person","@id":"https:\/\/www.displayhersteller.de\/ratgeber\/#\/schema\/person\/1300a732ee83919ebb218862e2c750c7","name":"Selin Alica","image":{"@type":"ImageObject","inLanguage":"de","@id":"https:\/\/secure.gravatar.com\/avatar\/650c55b627ba9992a08d890f7aa957ebf15c0e3479fbe7a420fa4fec345b976a?s=96&d=mm&r=g","url":"https:\/\/secure.gravatar.com\/avatar\/650c55b627ba9992a08d890f7aa957ebf15c0e3479fbe7a420fa4fec345b976a?s=96&d=mm&r=g","contentUrl":"https:\/\/secure.gravatar.com\/avatar\/650c55b627ba9992a08d890f7aa957ebf15c0e3479fbe7a420fa4fec345b976a?s=96&d=mm&r=g","caption":"Selin Alica"},"description":"Selin ist offiziell seit 2024 Teil des Teams von Displayhersteller.de und bringt frischen Wind sowie ein feines Gesp\u00fcr f\u00fcr Inhalte mit. Als Mediengestalterin mit Schwerpunkt Content Management sorgt sie daf\u00fcr, dass alle Informationen rund um unsere Produkte strukturiert, ansprechend und informativ aufbereitet sind. Messe-DNA hat sie quasi im Blut \u2013 aufgewachsen in einem familiengef\u00fchrten Messebauunternehmen, kennt sie die Branche von Grund auf. Ihre Mischung aus Textsicherheit und Messeerfahrung macht sie zu einer wertvollen Stimme im Ratgeber von Displayhersteller.de.","sameAs":["https:\/\/www.displayhersteller.de\/de\/","https:\/\/www.facebook.com\/displayhersteller","https:\/\/www.instagram.com\/displayhersteller\/","https:\/\/www.linkedin.com\/company\/12794866\/admin\/page-posts\/published\/","https:\/\/www.youtube.com\/@displayhersteller"],"url":"https:\/\/www.displayhersteller.de\/ratgeber\/author\/selin"}]}},"modified_by":"Julian Jablonski","_links":{"self":[{"href":"https:\/\/www.displayhersteller.de\/ratgeber\/wp-json\/wp\/v2\/posts\/1425","targetHints":{"allow":["GET"]}}],"collection":[{"href":"https:\/\/www.displayhersteller.de\/ratgeber\/wp-json\/wp\/v2\/posts"}],"about":[{"href":"https:\/\/www.displayhersteller.de\/ratgeber\/wp-json\/wp\/v2\/types\/post"}],"author":[{"embeddable":true,"href":"https:\/\/www.displayhersteller.de\/ratgeber\/wp-json\/wp\/v2\/users\/11"}],"replies":[{"embeddable":true,"href":"https:\/\/www.displayhersteller.de\/ratgeber\/wp-json\/wp\/v2\/comments?post=1425"}],"version-history":[{"count":20,"href":"https:\/\/www.displayhersteller.de\/ratgeber\/wp-json\/wp\/v2\/posts\/1425\/revisions"}],"predecessor-version":[{"id":10595,"href":"https:\/\/www.displayhersteller.de\/ratgeber\/wp-json\/wp\/v2\/posts\/1425\/revisions\/10595"}],"wp:featuredmedia":[{"embeddable":true,"href":"https:\/\/www.displayhersteller.de\/ratgeber\/wp-json\/wp\/v2\/media\/4100"}],"wp:attachment":[{"href":"https:\/\/www.displayhersteller.de\/ratgeber\/wp-json\/wp\/v2\/media?parent=1425"}],"wp:term":[{"taxonomy":"category","embeddable":true,"href":"https:\/\/www.displayhersteller.de\/ratgeber\/wp-json\/wp\/v2\/categories?post=1425"},{"taxonomy":"post_tag","embeddable":true,"href":"https:\/\/www.displayhersteller.de\/ratgeber\/wp-json\/wp\/v2\/tags?post=1425"}],"curies":[{"name":"wp","href":"https:\/\/api.w.org\/{rel}","templated":true}]}}