{"id":1555,"date":"2019-06-05T09:04:52","date_gmt":"2019-06-05T07:04:52","guid":{"rendered":"https:\/\/www.displayhersteller.de\/ratgeber\/?p=1555"},"modified":"2025-09-22T11:06:36","modified_gmt":"2025-09-22T09:06:36","slug":"messekalender-juni-2019","status":"publish","type":"post","link":"https:\/\/www.displayhersteller.de\/ratgeber\/messestaedte\/messekalender-juni-2019","title":{"rendered":"Juni 2019 &#8211; Alle wichtigen Messen Deutschlands"},"content":{"rendered":"<div class=\"pld-like-dislike-wrap pld-template-1\">\r\n    <div class=\"pld-like-wrap  pld-common-wrap\">\r\n    <a href=\"javascript:void(0)\" class=\"pld-like-trigger pld-like-dislike-trigger  \" title=\"Gef\u00e4llt mir\" data-post-id=\"1555\" data-trigger-type=\"like\" data-restriction=\"cookie\" data-already-liked=\"0\">\r\n                        <i class=\"fas fa-thumbs-up\"><\/i>\r\n                <\/a>\r\n    <span class=\"pld-like-count-wrap pld-count-wrap\">1    <\/span>\r\n<\/div><\/div><h2><span style=\"color: #000000;\">Juni 2019 &#8211; eine \u00dcbersicht der wichtigsten Messen in Deutschland:<\/span><\/h2>\n<p><span style=\"color: #000000;\">Wir pr\u00e4sentieren Ihnen eine \u00dcbersicht s\u00e4mtlicher wichtiger Messetermine in Deutschland vom Juni 2019:<\/span><!--more--><\/p>\n<table style=\"width: 100%;\">\n<tbody>\n<tr>\n<th><span style=\"color: #000000;\">Anfangsdatum<\/span><\/th>\n<th><span style=\"color: #000000;\">Enddatum<\/span><\/th>\n<th><span style=\"color: #000000;\">Ort<\/span><\/th>\n<th><span style=\"color: #000000;\">Name der Veranstaltung<\/span><\/th>\n<\/tr>\n<tr>\n<td><span style=\"color: #000000;\">03.06.2019<\/span><\/td>\n<td><span style=\"color: #000000;\">05.06.2019<\/span><\/td>\n<td><span style=\"color: #000000;\">M\u00fcnchen<\/span><\/td>\n<td><span style=\"color: #000000;\">CESIO &#8211; Weltkongress f\u00fcr Oberfl\u00e4chentechnik<\/span><\/td>\n<\/tr>\n<tr>\n<td><span style=\"color: #000000;\">04.06.2019<\/span><\/td>\n<td><span style=\"color: #000000;\">06.06.2019<\/span><\/td>\n<td><span style=\"color: #000000;\">K\u00f6ln<\/span><\/td>\n<td><span style=\"color: #000000;\">Anga Com &#8211; Europas f\u00fchrende Business-Plattform f\u00fcr Breitband und audiovisuelle Medien<\/span><\/td>\n<\/tr>\n<tr>\n<td><span style=\"color: #000000;\">04.06.2019<\/span><\/td>\n<td><span style=\"color: #000000;\">07.06.2019<\/span><\/td>\n<td><span style=\"color: #000000;\">M\u00fcnchen<\/span><\/td>\n<td><span style=\"color: #000000;\">Transport Logistic &#8211; Internationale Ausstellung f\u00fcr Logistik Telematik und Transport<\/span><\/td>\n<\/tr>\n<tr>\n<td><span style=\"color: #000000;\">05.06.2019<\/span><\/td>\n<td><span style=\"color: #000000;\">06.06.2019<\/span><\/td>\n<td><span style=\"color: #000000;\">M\u00fcnchen<\/span><\/td>\n<td><span style=\"color: #000000;\">Cosmetic Business &#8211; Der gro\u00dfe Kosmetikmarkt in Europa<\/span><\/td>\n<\/tr>\n<tr>\n<td><span style=\"color: #000000;\">12.06.2019<\/span><\/td>\n<td><span style=\"color: #000000;\">14.06.2019<\/span><\/td>\n<td><span style=\"color: #000000;\">K\u00f6ln<\/span><\/td>\n<td><span style=\"color: #000000;\">Victam International &#8211; Globale Messe f\u00fcr die Tiernahrung und Lebensmittelindustrie<\/span><\/td>\n<\/tr>\n<tr>\n<td><span style=\"color: #000000;\">19.06.2019<\/span><\/td>\n<td><span style=\"color: #000000;\">20.06.2019<\/span><\/td>\n<td><span style=\"color: #000000;\">Karlsruhe<\/span><\/td>\n<td><span style=\"color: #000000;\">CEB &#8211; Internationale Fachmesse und Kongress f\u00fcr Erneuerbare Energien &amp; Energieeffiziente Geb\u00e4ude<\/span><\/td>\n<\/tr>\n<tr>\n<td><span style=\"color: #000000;\">19.06.2019<\/span><\/td>\n<td><span style=\"color: #000000;\">21.06.2019<\/span><\/td>\n<td><span style=\"color: #000000;\">Berlin<\/span><\/td>\n<td><span style=\"color: #000000;\">SMAU &#8211; Internationale Ausstellung f\u00fcr Informations- &amp; Kommunikationstechnologien<\/span><\/td>\n<\/tr>\n<tr>\n<td><span style=\"color: #000000;\">24.06.2019<\/span><\/td>\n<td><span style=\"color: #000000;\">27.06.2019<\/span><\/td>\n<td><span style=\"color: #000000;\">M\u00fcnchen<\/span><\/td>\n<td><span style=\"color: #000000;\">LASER World of Photonics &#8211; Internationale Fachmesse und Kongress f\u00fcr innovative und praktische Lasertechnologie und Optoelektronik<\/span><\/td>\n<\/tr>\n<tr>\n<td><span style=\"color: #000000;\">25.06.2019<\/span><\/td>\n<td><span style=\"color: #000000;\">26.06.2019<\/span><\/td>\n<td><span style=\"color: #000000;\">Erfurt<\/span><\/td>\n<td><span style=\"color: #000000;\">Rapid.Tech + Fabcon 3.D &#8211; Internationale Messe und Konferenz f\u00fcr Additive Manufacturing und Rapid Prototyping<\/span><\/td>\n<\/tr>\n<tr>\n<td><span style=\"color: #000000;\">25.06.2019<\/span><\/td>\n<td><span style=\"color: #000000;\">27.06.2019<\/span><\/td>\n<td><span style=\"color: #000000;\">N\u00fcrnberg<\/span><\/td>\n<td><span style=\"color: #000000;\">Sensor + Test &#8211; Internationale Fachpresse mit Kongress f\u00fcr Sensoren, Sensorik und Systeme<\/span><\/td>\n<\/tr>\n<tr>\n<td><span style=\"color: #000000;\">25.06.2019<\/span><\/td>\n<td><span style=\"color: #000000;\">29.06.2019<\/span><\/td>\n<td><span style=\"color: #000000;\">D\u00fcsseldorf<\/span><\/td>\n<td><span style=\"color: #000000;\">GIFA &#8211; Internationale Fachmesse f\u00fcr Giessverfahren<\/span><\/td>\n<\/tr>\n<tr>\n<td><span style=\"color: #000000;\">25.06.2019<\/span><\/td>\n<td><span style=\"color: #000000;\">29.06.2019<\/span><\/td>\n<td><span style=\"color: #000000;\">D\u00fcsseldorf<\/span><\/td>\n<td><span style=\"color: #000000;\">METEC &#8211; Internationale Ausstellung und Kongress f\u00fcr die Metallindustrie<\/span><\/td>\n<\/tr>\n<tr>\n<td><span style=\"color: #000000;\">25.06.2019<\/span><\/td>\n<td><span style=\"color: #000000;\">29.06.2019<\/span><\/td>\n<td><span style=\"color: #000000;\">D\u00fcsseldorf<\/span><\/td>\n<td><span style=\"color: #000000;\">Thermprocess &#8211; Internationale Ausstellung f\u00fcr industrielle \u00d6fen und thermische Porzesse, mit technischem Forum<\/span><\/td>\n<\/tr>\n<\/tbody>\n<\/table>\n<p><span style=\"color: #000000;\">Diese Termine sind vor allem besonders nennenswert:<\/span><\/p>\n<ul>\n<li><span style=\"color: #000000;\"><b>ANGA COM\u00a0<\/b>als f\u00fchrende Business-Plattform f\u00fcr Breitband- und Inhalteanbieter konnte im Jahr 2018 mit 500 Ausstellern aus 37 L\u00e4ndern und 21.700 Teilnehmern aus 78 L\u00e4ndern samt einem erweiterten Kongressprogramm mit 37 Panels und \u00fcber 170 Referenten \u00fcberzeugen.<\/span><\/li>\n<li><span style=\"color: #000000;\">Die<b> VICTAM<\/b> ist die globale Messe f\u00fcr Tiernahrung und Lebensmittelindustrie, welche unter anderem die Sektoren Mischfutterproduktionstechnologie, Ger\u00e4te, Verarbeitung, Steuerung, Verpackung. Fischfutter, Ger\u00e4te und Verarbeitung abdeckt und im Jahr 2015 eine Besucheranzahl von 7500 mit \u00fcber 275 Ausstellern umfasste.<\/span><\/li>\n<li><span style=\"color: #000000;\"><b>LASER World of Photonics\u00a0<\/b>als Weltleitmesse f\u00fcr Komponenten, Systeme und Anwendungen der Photonik existiert seit 1973 und kombiniert die Bereiche Forschung, Technologie und Anwendung. 2017 gab es hier \u00fcber 32.700 Besucher aus 73 L\u00e4ndern, 1.290 Aussteller aus 42 L\u00e4ndern und rund 3.000 Kongressvortr\u00e4ge und -pr\u00e4sentationen auf einer Gesamtfl\u00e4che von 55.000m\u00b2.<\/span><\/li>\n<\/ul>\n<p>&nbsp;<\/p>\n<p><span style=\"color: #000000;\"><strong>ACHTUNG:<\/strong>\u00a0Wir \u00fcbernehmen\u00a0keine Gew\u00e4hr\u00a0oder\u00a0Garantie\u00a0f\u00fcr\u00a0die\u00a0Aktualit\u00e4t, Richtigkeit und\u00a0Vollst\u00e4ndigkeit der auf dieser Website bereitgestellten Informationen<\/span><\/p>\n","protected":false},"excerpt":{"rendered":"<p>1 Juni 2019 &#8211; eine \u00dcbersicht der wichtigsten Messen in Deutschland: Wir pr\u00e4sentieren Ihnen eine&#8230;<\/p>\n","protected":false},"author":11,"featured_media":4116,"comment_status":"closed","ping_status":"open","sticky":false,"template":"","format":"standard","meta":{"_acf_changed":false,"_lmt_disableupdate":"no","_lmt_disable":"no","footnotes":""},"categories":[10],"tags":[],"class_list":{"0":"post-1555","1":"post","2":"type-post","3":"status-publish","4":"format-standard","5":"has-post-thumbnail","7":"category-messestaedte"},"acf":[],"yoast_head":"<!-- This site is optimized with the Yoast SEO plugin v27.5 - https:\/\/yoast.com\/product\/yoast-seo-wordpress\/ -->\n<title>Messekalender Juni 2019 - Deutschlands wichtigste Messetermine<\/title>\n<meta name=\"description\" content=\"Bei uns finden Sie eine \u00dcbersicht \u00fcber die wichtigsten Messe-, Veranstaltungs- und Event-Termine Deutschlands f\u00fcr den Juni 2019.\" \/>\n<meta name=\"robots\" content=\"index, follow, max-snippet:-1, max-image-preview:large, max-video-preview:-1\" \/>\n<link rel=\"canonical\" href=\"https:\/\/www.displayhersteller.de\/ratgeber\/messestaedte\/messekalender-juni-2019\" \/>\n<meta property=\"og:locale\" content=\"de_DE\" \/>\n<meta property=\"og:type\" content=\"article\" \/>\n<meta property=\"og:title\" content=\"Messekalender Juni 2019 - Deutschlands wichtigste Messetermine\" \/>\n<meta property=\"og:description\" content=\"Bei uns finden Sie eine \u00dcbersicht \u00fcber die wichtigsten Messe-, Veranstaltungs- und Event-Termine Deutschlands f\u00fcr den Juni 2019.\" \/>\n<meta property=\"og:url\" content=\"https:\/\/www.displayhersteller.de\/ratgeber\/messestaedte\/messekalender-juni-2019\" \/>\n<meta property=\"og:site_name\" content=\"displayhersteller Ratgeber\" \/>\n<meta property=\"article:author\" content=\"https:\/\/www.facebook.com\/displayhersteller\" \/>\n<meta property=\"article:published_time\" content=\"2019-06-05T07:04:52+00:00\" \/>\n<meta property=\"article:modified_time\" content=\"2025-09-22T09:06:36+00:00\" \/>\n<meta property=\"og:image\" content=\"http:\/\/www.displayhersteller.de\/ratgeber\/wp-content\/uploads\/2019\/06\/Juni-2019-\u2013-Alle-wichtigen-Messen-Deutschlands.jpg\" \/>\n\t<meta property=\"og:image:width\" content=\"1839\" \/>\n\t<meta property=\"og:image:height\" content=\"945\" \/>\n\t<meta property=\"og:image:type\" content=\"image\/jpeg\" \/>\n<meta name=\"author\" content=\"Selin Alica\" \/>\n<meta name=\"twitter:card\" content=\"summary_large_image\" \/>\n<meta name=\"twitter:label1\" content=\"Geschrieben von\" \/>\n\t<meta name=\"twitter:data1\" content=\"Selin Alica\" \/>\n\t<meta name=\"twitter:label2\" content=\"Gesch\u00e4tzte Lesezeit\" \/>\n\t<meta name=\"twitter:data2\" content=\"3\u00a0Minuten\" \/>\n<!-- \/ Yoast SEO plugin. -->","yoast_head_json":{"title":"Messekalender Juni 2019 - Deutschlands wichtigste Messetermine","description":"Bei uns finden Sie eine \u00dcbersicht \u00fcber die wichtigsten Messe-, Veranstaltungs- und Event-Termine Deutschlands f\u00fcr den Juni 2019.","robots":{"index":"index","follow":"follow","max-snippet":"max-snippet:-1","max-image-preview":"max-image-preview:large","max-video-preview":"max-video-preview:-1"},"canonical":"https:\/\/www.displayhersteller.de\/ratgeber\/messestaedte\/messekalender-juni-2019","og_locale":"de_DE","og_type":"article","og_title":"Messekalender Juni 2019 - Deutschlands wichtigste Messetermine","og_description":"Bei uns finden Sie eine \u00dcbersicht \u00fcber die wichtigsten Messe-, Veranstaltungs- und Event-Termine Deutschlands f\u00fcr den Juni 2019.","og_url":"https:\/\/www.displayhersteller.de\/ratgeber\/messestaedte\/messekalender-juni-2019","og_site_name":"displayhersteller Ratgeber","article_author":"https:\/\/www.facebook.com\/displayhersteller","article_published_time":"2019-06-05T07:04:52+00:00","article_modified_time":"2025-09-22T09:06:36+00:00","og_image":[{"width":1839,"height":945,"url":"http:\/\/www.displayhersteller.de\/ratgeber\/wp-content\/uploads\/2019\/06\/Juni-2019-\u2013-Alle-wichtigen-Messen-Deutschlands.jpg","type":"image\/jpeg"}],"author":"Selin Alica","twitter_card":"summary_large_image","twitter_misc":{"Geschrieben von":"Selin Alica","Gesch\u00e4tzte Lesezeit":"3\u00a0Minuten"},"schema":{"@context":"https:\/\/schema.org","@graph":[{"@type":"Article","@id":"https:\/\/www.displayhersteller.de\/ratgeber\/messestaedte\/messekalender-juni-2019#article","isPartOf":{"@id":"https:\/\/www.displayhersteller.de\/ratgeber\/messestaedte\/messekalender-juni-2019"},"author":{"name":"Selin Alica","@id":"https:\/\/www.displayhersteller.de\/ratgeber\/#\/schema\/person\/1300a732ee83919ebb218862e2c750c7"},"headline":"Juni 2019 &#8211; Alle wichtigen Messen Deutschlands","datePublished":"2019-06-05T07:04:52+00:00","dateModified":"2025-09-22T09:06:36+00:00","mainEntityOfPage":{"@id":"https:\/\/www.displayhersteller.de\/ratgeber\/messestaedte\/messekalender-juni-2019"},"wordCount":361,"image":{"@id":"https:\/\/www.displayhersteller.de\/ratgeber\/messestaedte\/messekalender-juni-2019#primaryimage"},"thumbnailUrl":"https:\/\/www.displayhersteller.de\/ratgeber\/wp-content\/uploads\/2019\/06\/Juni-2019-\u2013-Alle-wichtigen-Messen-Deutschlands.jpg","articleSection":["Messest\u00e4dte"],"inLanguage":"de"},{"@type":"WebPage","@id":"https:\/\/www.displayhersteller.de\/ratgeber\/messestaedte\/messekalender-juni-2019","url":"https:\/\/www.displayhersteller.de\/ratgeber\/messestaedte\/messekalender-juni-2019","name":"Messekalender Juni 2019 - Deutschlands wichtigste Messetermine","isPartOf":{"@id":"https:\/\/www.displayhersteller.de\/ratgeber\/#website"},"primaryImageOfPage":{"@id":"https:\/\/www.displayhersteller.de\/ratgeber\/messestaedte\/messekalender-juni-2019#primaryimage"},"image":{"@id":"https:\/\/www.displayhersteller.de\/ratgeber\/messestaedte\/messekalender-juni-2019#primaryimage"},"thumbnailUrl":"https:\/\/www.displayhersteller.de\/ratgeber\/wp-content\/uploads\/2019\/06\/Juni-2019-\u2013-Alle-wichtigen-Messen-Deutschlands.jpg","datePublished":"2019-06-05T07:04:52+00:00","dateModified":"2025-09-22T09:06:36+00:00","author":{"@id":"https:\/\/www.displayhersteller.de\/ratgeber\/#\/schema\/person\/1300a732ee83919ebb218862e2c750c7"},"description":"Bei uns finden Sie eine \u00dcbersicht \u00fcber die wichtigsten Messe-, Veranstaltungs- und Event-Termine Deutschlands f\u00fcr den Juni 2019.","breadcrumb":{"@id":"https:\/\/www.displayhersteller.de\/ratgeber\/messestaedte\/messekalender-juni-2019#breadcrumb"},"inLanguage":"de","potentialAction":[{"@type":"ReadAction","target":["https:\/\/www.displayhersteller.de\/ratgeber\/messestaedte\/messekalender-juni-2019"]}]},{"@type":"ImageObject","inLanguage":"de","@id":"https:\/\/www.displayhersteller.de\/ratgeber\/messestaedte\/messekalender-juni-2019#primaryimage","url":"https:\/\/www.displayhersteller.de\/ratgeber\/wp-content\/uploads\/2019\/06\/Juni-2019-\u2013-Alle-wichtigen-Messen-Deutschlands.jpg","contentUrl":"https:\/\/www.displayhersteller.de\/ratgeber\/wp-content\/uploads\/2019\/06\/Juni-2019-\u2013-Alle-wichtigen-Messen-Deutschlands.jpg","width":1839,"height":945},{"@type":"BreadcrumbList","@id":"https:\/\/www.displayhersteller.de\/ratgeber\/messestaedte\/messekalender-juni-2019#breadcrumb","itemListElement":[{"@type":"ListItem","position":1,"name":"Home","item":"https:\/\/www.displayhersteller.de\/ratgeber"},{"@type":"ListItem","position":2,"name":"Juni 2019 &#8211; Alle wichtigen Messen Deutschlands"}]},{"@type":"WebSite","@id":"https:\/\/www.displayhersteller.de\/ratgeber\/#website","url":"https:\/\/www.displayhersteller.de\/ratgeber\/","name":"displayhersteller Ratgeber","description":"Informative Beitr\u00e4ge zu Messest\u00e4nden, Werbeaufstellern f\u00fcr Messen, Events und Veranstaltungen","potentialAction":[{"@type":"SearchAction","target":{"@type":"EntryPoint","urlTemplate":"https:\/\/www.displayhersteller.de\/ratgeber\/?s={search_term_string}"},"query-input":{"@type":"PropertyValueSpecification","valueRequired":true,"valueName":"search_term_string"}}],"inLanguage":"de"},{"@type":"Person","@id":"https:\/\/www.displayhersteller.de\/ratgeber\/#\/schema\/person\/1300a732ee83919ebb218862e2c750c7","name":"Selin Alica","image":{"@type":"ImageObject","inLanguage":"de","@id":"https:\/\/secure.gravatar.com\/avatar\/650c55b627ba9992a08d890f7aa957ebf15c0e3479fbe7a420fa4fec345b976a?s=96&d=mm&r=g","url":"https:\/\/secure.gravatar.com\/avatar\/650c55b627ba9992a08d890f7aa957ebf15c0e3479fbe7a420fa4fec345b976a?s=96&d=mm&r=g","contentUrl":"https:\/\/secure.gravatar.com\/avatar\/650c55b627ba9992a08d890f7aa957ebf15c0e3479fbe7a420fa4fec345b976a?s=96&d=mm&r=g","caption":"Selin Alica"},"description":"Selin ist offiziell seit 2024 Teil des Teams von Displayhersteller.de und bringt frischen Wind sowie ein feines Gesp\u00fcr f\u00fcr Inhalte mit. Als Mediengestalterin mit Schwerpunkt Content Management sorgt sie daf\u00fcr, dass alle Informationen rund um unsere Produkte strukturiert, ansprechend und informativ aufbereitet sind. Messe-DNA hat sie quasi im Blut \u2013 aufgewachsen in einem familiengef\u00fchrten Messebauunternehmen, kennt sie die Branche von Grund auf. Ihre Mischung aus Textsicherheit und Messeerfahrung macht sie zu einer wertvollen Stimme im Ratgeber von Displayhersteller.de.","sameAs":["https:\/\/www.displayhersteller.de\/de\/","https:\/\/www.facebook.com\/displayhersteller","https:\/\/www.instagram.com\/displayhersteller\/","https:\/\/www.linkedin.com\/company\/12794866\/admin\/page-posts\/published\/","https:\/\/www.youtube.com\/@displayhersteller"],"url":"https:\/\/www.displayhersteller.de\/ratgeber\/author\/selin"}]}},"modified_by":"Jonas Dollhofer","_links":{"self":[{"href":"https:\/\/www.displayhersteller.de\/ratgeber\/wp-json\/wp\/v2\/posts\/1555","targetHints":{"allow":["GET"]}}],"collection":[{"href":"https:\/\/www.displayhersteller.de\/ratgeber\/wp-json\/wp\/v2\/posts"}],"about":[{"href":"https:\/\/www.displayhersteller.de\/ratgeber\/wp-json\/wp\/v2\/types\/post"}],"author":[{"embeddable":true,"href":"https:\/\/www.displayhersteller.de\/ratgeber\/wp-json\/wp\/v2\/users\/11"}],"replies":[{"embeddable":true,"href":"https:\/\/www.displayhersteller.de\/ratgeber\/wp-json\/wp\/v2\/comments?post=1555"}],"version-history":[{"count":6,"href":"https:\/\/www.displayhersteller.de\/ratgeber\/wp-json\/wp\/v2\/posts\/1555\/revisions"}],"predecessor-version":[{"id":9831,"href":"https:\/\/www.displayhersteller.de\/ratgeber\/wp-json\/wp\/v2\/posts\/1555\/revisions\/9831"}],"wp:featuredmedia":[{"embeddable":true,"href":"https:\/\/www.displayhersteller.de\/ratgeber\/wp-json\/wp\/v2\/media\/4116"}],"wp:attachment":[{"href":"https:\/\/www.displayhersteller.de\/ratgeber\/wp-json\/wp\/v2\/media?parent=1555"}],"wp:term":[{"taxonomy":"category","embeddable":true,"href":"https:\/\/www.displayhersteller.de\/ratgeber\/wp-json\/wp\/v2\/categories?post=1555"},{"taxonomy":"post_tag","embeddable":true,"href":"https:\/\/www.displayhersteller.de\/ratgeber\/wp-json\/wp\/v2\/tags?post=1555"}],"curies":[{"name":"wp","href":"https:\/\/api.w.org\/{rel}","templated":true}]}}