{"id":1725,"date":"2019-07-04T09:42:41","date_gmt":"2019-07-04T07:42:41","guid":{"rendered":"https:\/\/www.displayhersteller.de\/ratgeber\/?p=1725"},"modified":"2025-09-22T11:07:20","modified_gmt":"2025-09-22T09:07:20","slug":"messekalender-juli-2019","status":"publish","type":"post","link":"https:\/\/www.displayhersteller.de\/ratgeber\/messestaedte\/messekalender-juli-2019","title":{"rendered":"Juli 2019 &#8211; Alle wichtigen Messen Deutschlands"},"content":{"rendered":"<div class=\"pld-like-dislike-wrap pld-template-1\">\r\n    <div class=\"pld-like-wrap  pld-common-wrap\">\r\n    <a href=\"javascript:void(0)\" class=\"pld-like-trigger pld-like-dislike-trigger  \" title=\"Gef\u00e4llt mir\" data-post-id=\"1725\" data-trigger-type=\"like\" data-restriction=\"cookie\" data-already-liked=\"0\">\r\n                        <i class=\"fas fa-thumbs-up\"><\/i>\r\n                <\/a>\r\n    <span class=\"pld-like-count-wrap pld-count-wrap\">    <\/span>\r\n<\/div><\/div><h2><span style=\"color: #000000;\">Juli 2019 &#8211; eine \u00dcbersicht der wichtigsten Messen in Deutschland:<\/span><\/h2>\n<p><span style=\"color: #000000;\">Hier zeigen wir Ihnen eine \u00dcbersicht s\u00e4mtlicher wichtiger Messetermine in Deutschland vom Juli 2019:<\/span><!--more--><\/p>\n<table style=\"width: 100%;\">\n<tbody>\n<tr>\n<th><span style=\"color: #000000;\">Anfangsdatum<\/span><\/th>\n<th><span style=\"color: #000000;\">Enddatum<\/span><\/th>\n<th><span style=\"color: #000000;\">Ort<\/span><\/th>\n<th><span style=\"color: #000000;\">Name der Veranstaltung<\/span><\/th>\n<\/tr>\n<tr>\n<td><span style=\"color: #000000;\">02.07.2019<\/span><\/td>\n<td><span style=\"color: #000000;\">04.07.2019<\/span><\/td>\n<td><span style=\"color: #000000;\">Berlin<\/span><\/td>\n<td><span style=\"color: #000000;\">NEONYT &#8211; Weltweit gr\u00f6\u00dfte Messe f\u00fcr Sustainable Fashion<\/span><\/td>\n<\/tr>\n<tr>\n<td><span style=\"color: #000000;\">02.07.2019<\/span><\/td>\n<td><span style=\"color: #000000;\">04.07.2019<\/span><\/td>\n<td><span style=\"color: #000000;\">M\u00fcnchen<\/span><\/td>\n<td><span style=\"color: #000000;\">Automotive Logistics Europe Conference &#8211; Konferenz f\u00fcr die Weltmarktf\u00fchrer in Kfz-Logistik<\/span><\/td>\n<\/tr>\n<tr>\n<td><span style=\"color: #000000;\">02.07.2019<\/span><\/td>\n<td><span style=\"color: #000000;\">04.07.2019<\/span><\/td>\n<td><span style=\"color: #000000;\">Berlin<\/span><\/td>\n<td><span style=\"color: #000000;\">PANORAMA Berlin &#8211; Internationale Modemesse f\u00fcr die Qualit\u00e4tsf\u00fchrer des Volumensegments<\/span><\/td>\n<\/tr>\n<tr>\n<td><span style=\"color: #000000;\">09.07.2019<\/span><\/td>\n<td><span style=\"color: #000000;\">10.07.2019<\/span><\/td>\n<td><span style=\"color: #000000;\">K\u00f6ln<\/span><\/td>\n<td><span style=\"color: #000000;\">RDA Group Travel Expo &#8211; Die Leitmesse f\u00fcr Gruppenreisen<\/span><\/td>\n<\/tr>\n<tr>\n<td><span style=\"color: #000000;\">19.07.2019<\/span><\/td>\n<td><span style=\"color: #000000;\">23.07.2019<\/span><\/td>\n<td><span style=\"color: #000000;\">D\u00fcsseldorfTa<\/span><\/td>\n<td><span style=\"color: #000000;\">Gallery &#8211; internationale Modemesse<\/span><\/td>\n<\/tr>\n<tr>\n<td><span style=\"color: #000000;\">20.07.2019<\/span><\/td>\n<td><span style=\"color: #000000;\">22.07.2019<\/span><\/td>\n<td><span style=\"color: #000000;\">D\u00fcsseldorf<\/span><\/td>\n<td><span style=\"color: #000000;\">DATE D\u00fcsseldorf &#8211; internationale Show f\u00fcr Accessoires<\/span><\/td>\n<\/tr>\n<tr>\n<td><span style=\"color: #000000;\">27.07.2019<\/span><\/td>\n<td><span style=\"color: #000000;\">29.07.2019<\/span><\/td>\n<td><span style=\"color: #000000;\">Wallau <\/span><span style=\"color: #000000;\">(Hofheim am Taunus)<\/span><\/td>\n<td><span style=\"color: #000000;\">INNATEX &#8211; Internationale Fachmesse f\u00fcr nachhaltige Textilien<\/span><\/td>\n<\/tr>\n<\/tbody>\n<\/table>\n<p><span style=\"color: #000000;\">Auf folgende Veranstaltungen sollten Sie Ihr Augenmerk richten:<\/span><\/p>\n<ul>\n<li><span style=\"color: #000000;\">Die<b> Automotive Logistics Europe Conference<\/b> als eine Konferenz f\u00fcr die Weltmarktf\u00fchrer in Kfz-Logistik mit \u00fcber 300 europ\u00e4ischen Logistik- und Supply Chain Mangern und Leitern, mehr als 30 industrieleitenden Sprechern und \u00fcber 18 Stunden Netzwerk\u00fcbertragungszeit.\u00a0<\/span><\/li>\n<li><span style=\"color: #000000;\"><b>DATE D\u00fcsseldorf <\/b>&#8211; die internationale Show f\u00fcr Accessoires bietet ein breites Angebot f\u00fcr f\u00fchrende Hersteller und Neuheiten auf einer Ausstellungsfl\u00e4che von \u00fcber 1.500m\u00b2.<\/span><\/li>\n<\/ul>\n<p>&nbsp;<\/p>\n<p><span style=\"color: #000000;\"><strong>ACHTUNG:<\/strong>\u00a0Wir \u00fcbernehmen\u00a0keine Gew\u00e4hr\u00a0oder\u00a0Garantie\u00a0f\u00fcr\u00a0die\u00a0Aktualit\u00e4t, Richtigkeit und\u00a0Vollst\u00e4ndigkeit der auf dieser Website bereitgestellten Informationen<\/span><\/p>\n","protected":false},"excerpt":{"rendered":"<p>Juli 2019 &#8211; eine \u00dcbersicht der wichtigsten Messen in Deutschland: Hier zeigen wir Ihnen eine&#8230;<\/p>\n","protected":false},"author":11,"featured_media":4119,"comment_status":"closed","ping_status":"open","sticky":false,"template":"","format":"standard","meta":{"_acf_changed":false,"_lmt_disableupdate":"no","_lmt_disable":"no","footnotes":""},"categories":[10],"tags":[],"class_list":{"0":"post-1725","1":"post","2":"type-post","3":"status-publish","4":"format-standard","5":"has-post-thumbnail","7":"category-messestaedte"},"acf":[],"yoast_head":"<!-- This site is optimized with the Yoast SEO plugin v27.5 - https:\/\/yoast.com\/product\/yoast-seo-wordpress\/ -->\n<title>Messekalender Juli 2019 - alle wichtigen Messetermine Deutschlands<\/title>\n<meta name=\"description\" content=\"In diesem Artikel pr\u00e4sentieren wir Ihnen alle relevanten Messe-, Veranstaltungs- und Eventtermine vom Juli 2019 in Deutschland.\" \/>\n<meta name=\"robots\" content=\"index, follow, max-snippet:-1, max-image-preview:large, max-video-preview:-1\" \/>\n<link rel=\"canonical\" href=\"https:\/\/www.displayhersteller.de\/ratgeber\/messestaedte\/messekalender-juli-2019\" \/>\n<meta property=\"og:locale\" content=\"de_DE\" \/>\n<meta property=\"og:type\" content=\"article\" \/>\n<meta property=\"og:title\" content=\"Messekalender Juli 2019 - alle wichtigen Messetermine Deutschlands\" \/>\n<meta property=\"og:description\" content=\"In diesem Artikel pr\u00e4sentieren wir Ihnen alle relevanten Messe-, Veranstaltungs- und Eventtermine vom Juli 2019 in Deutschland.\" \/>\n<meta property=\"og:url\" content=\"https:\/\/www.displayhersteller.de\/ratgeber\/messestaedte\/messekalender-juli-2019\" \/>\n<meta property=\"og:site_name\" content=\"displayhersteller Ratgeber\" \/>\n<meta property=\"article:author\" content=\"https:\/\/www.facebook.com\/displayhersteller\" \/>\n<meta property=\"article:published_time\" content=\"2019-07-04T07:42:41+00:00\" \/>\n<meta property=\"article:modified_time\" content=\"2025-09-22T09:07:20+00:00\" \/>\n<meta property=\"og:image\" content=\"http:\/\/www.displayhersteller.de\/ratgeber\/wp-content\/uploads\/2019\/07\/Juli-2019-\u2013-Alle-wichtigen-Messen-Deutschlands-1.jpg\" \/>\n\t<meta property=\"og:image:width\" content=\"1839\" \/>\n\t<meta property=\"og:image:height\" content=\"945\" \/>\n\t<meta property=\"og:image:type\" content=\"image\/jpeg\" \/>\n<meta name=\"author\" content=\"Selin Alica\" \/>\n<meta name=\"twitter:card\" content=\"summary_large_image\" \/>\n<meta name=\"twitter:label1\" content=\"Geschrieben von\" \/>\n\t<meta name=\"twitter:data1\" content=\"Selin Alica\" \/>\n\t<meta name=\"twitter:label2\" content=\"Gesch\u00e4tzte Lesezeit\" \/>\n\t<meta name=\"twitter:data2\" content=\"2\u00a0Minuten\" \/>\n<!-- \/ Yoast SEO plugin. -->","yoast_head_json":{"title":"Messekalender Juli 2019 - alle wichtigen Messetermine Deutschlands","description":"In diesem Artikel pr\u00e4sentieren wir Ihnen alle relevanten Messe-, Veranstaltungs- und Eventtermine vom Juli 2019 in Deutschland.","robots":{"index":"index","follow":"follow","max-snippet":"max-snippet:-1","max-image-preview":"max-image-preview:large","max-video-preview":"max-video-preview:-1"},"canonical":"https:\/\/www.displayhersteller.de\/ratgeber\/messestaedte\/messekalender-juli-2019","og_locale":"de_DE","og_type":"article","og_title":"Messekalender Juli 2019 - alle wichtigen Messetermine Deutschlands","og_description":"In diesem Artikel pr\u00e4sentieren wir Ihnen alle relevanten Messe-, Veranstaltungs- und Eventtermine vom Juli 2019 in Deutschland.","og_url":"https:\/\/www.displayhersteller.de\/ratgeber\/messestaedte\/messekalender-juli-2019","og_site_name":"displayhersteller Ratgeber","article_author":"https:\/\/www.facebook.com\/displayhersteller","article_published_time":"2019-07-04T07:42:41+00:00","article_modified_time":"2025-09-22T09:07:20+00:00","og_image":[{"width":1839,"height":945,"url":"http:\/\/www.displayhersteller.de\/ratgeber\/wp-content\/uploads\/2019\/07\/Juli-2019-\u2013-Alle-wichtigen-Messen-Deutschlands-1.jpg","type":"image\/jpeg"}],"author":"Selin Alica","twitter_card":"summary_large_image","twitter_misc":{"Geschrieben von":"Selin Alica","Gesch\u00e4tzte Lesezeit":"2\u00a0Minuten"},"schema":{"@context":"https:\/\/schema.org","@graph":[{"@type":"Article","@id":"https:\/\/www.displayhersteller.de\/ratgeber\/messestaedte\/messekalender-juli-2019#article","isPartOf":{"@id":"https:\/\/www.displayhersteller.de\/ratgeber\/messestaedte\/messekalender-juli-2019"},"author":{"name":"Selin Alica","@id":"https:\/\/www.displayhersteller.de\/ratgeber\/#\/schema\/person\/1300a732ee83919ebb218862e2c750c7"},"headline":"Juli 2019 &#8211; Alle wichtigen Messen Deutschlands","datePublished":"2019-07-04T07:42:41+00:00","dateModified":"2025-09-22T09:07:20+00:00","mainEntityOfPage":{"@id":"https:\/\/www.displayhersteller.de\/ratgeber\/messestaedte\/messekalender-juli-2019"},"wordCount":211,"image":{"@id":"https:\/\/www.displayhersteller.de\/ratgeber\/messestaedte\/messekalender-juli-2019#primaryimage"},"thumbnailUrl":"https:\/\/www.displayhersteller.de\/ratgeber\/wp-content\/uploads\/2019\/07\/Juli-2019-\u2013-Alle-wichtigen-Messen-Deutschlands-1.jpg","articleSection":["Messest\u00e4dte"],"inLanguage":"de"},{"@type":"WebPage","@id":"https:\/\/www.displayhersteller.de\/ratgeber\/messestaedte\/messekalender-juli-2019","url":"https:\/\/www.displayhersteller.de\/ratgeber\/messestaedte\/messekalender-juli-2019","name":"Messekalender Juli 2019 - alle wichtigen Messetermine Deutschlands","isPartOf":{"@id":"https:\/\/www.displayhersteller.de\/ratgeber\/#website"},"primaryImageOfPage":{"@id":"https:\/\/www.displayhersteller.de\/ratgeber\/messestaedte\/messekalender-juli-2019#primaryimage"},"image":{"@id":"https:\/\/www.displayhersteller.de\/ratgeber\/messestaedte\/messekalender-juli-2019#primaryimage"},"thumbnailUrl":"https:\/\/www.displayhersteller.de\/ratgeber\/wp-content\/uploads\/2019\/07\/Juli-2019-\u2013-Alle-wichtigen-Messen-Deutschlands-1.jpg","datePublished":"2019-07-04T07:42:41+00:00","dateModified":"2025-09-22T09:07:20+00:00","author":{"@id":"https:\/\/www.displayhersteller.de\/ratgeber\/#\/schema\/person\/1300a732ee83919ebb218862e2c750c7"},"description":"In diesem Artikel pr\u00e4sentieren wir Ihnen alle relevanten Messe-, Veranstaltungs- und Eventtermine vom Juli 2019 in Deutschland.","breadcrumb":{"@id":"https:\/\/www.displayhersteller.de\/ratgeber\/messestaedte\/messekalender-juli-2019#breadcrumb"},"inLanguage":"de","potentialAction":[{"@type":"ReadAction","target":["https:\/\/www.displayhersteller.de\/ratgeber\/messestaedte\/messekalender-juli-2019"]}]},{"@type":"ImageObject","inLanguage":"de","@id":"https:\/\/www.displayhersteller.de\/ratgeber\/messestaedte\/messekalender-juli-2019#primaryimage","url":"https:\/\/www.displayhersteller.de\/ratgeber\/wp-content\/uploads\/2019\/07\/Juli-2019-\u2013-Alle-wichtigen-Messen-Deutschlands-1.jpg","contentUrl":"https:\/\/www.displayhersteller.de\/ratgeber\/wp-content\/uploads\/2019\/07\/Juli-2019-\u2013-Alle-wichtigen-Messen-Deutschlands-1.jpg","width":1839,"height":945},{"@type":"BreadcrumbList","@id":"https:\/\/www.displayhersteller.de\/ratgeber\/messestaedte\/messekalender-juli-2019#breadcrumb","itemListElement":[{"@type":"ListItem","position":1,"name":"Home","item":"https:\/\/www.displayhersteller.de\/ratgeber"},{"@type":"ListItem","position":2,"name":"Juli 2019 &#8211; Alle wichtigen Messen Deutschlands"}]},{"@type":"WebSite","@id":"https:\/\/www.displayhersteller.de\/ratgeber\/#website","url":"https:\/\/www.displayhersteller.de\/ratgeber\/","name":"displayhersteller Ratgeber","description":"Informative Beitr\u00e4ge zu Messest\u00e4nden, Werbeaufstellern f\u00fcr Messen, Events und Veranstaltungen","potentialAction":[{"@type":"SearchAction","target":{"@type":"EntryPoint","urlTemplate":"https:\/\/www.displayhersteller.de\/ratgeber\/?s={search_term_string}"},"query-input":{"@type":"PropertyValueSpecification","valueRequired":true,"valueName":"search_term_string"}}],"inLanguage":"de"},{"@type":"Person","@id":"https:\/\/www.displayhersteller.de\/ratgeber\/#\/schema\/person\/1300a732ee83919ebb218862e2c750c7","name":"Selin Alica","image":{"@type":"ImageObject","inLanguage":"de","@id":"https:\/\/secure.gravatar.com\/avatar\/650c55b627ba9992a08d890f7aa957ebf15c0e3479fbe7a420fa4fec345b976a?s=96&d=mm&r=g","url":"https:\/\/secure.gravatar.com\/avatar\/650c55b627ba9992a08d890f7aa957ebf15c0e3479fbe7a420fa4fec345b976a?s=96&d=mm&r=g","contentUrl":"https:\/\/secure.gravatar.com\/avatar\/650c55b627ba9992a08d890f7aa957ebf15c0e3479fbe7a420fa4fec345b976a?s=96&d=mm&r=g","caption":"Selin Alica"},"description":"Selin ist offiziell seit 2024 Teil des Teams von Displayhersteller.de und bringt frischen Wind sowie ein feines Gesp\u00fcr f\u00fcr Inhalte mit. Als Mediengestalterin mit Schwerpunkt Content Management sorgt sie daf\u00fcr, dass alle Informationen rund um unsere Produkte strukturiert, ansprechend und informativ aufbereitet sind. Messe-DNA hat sie quasi im Blut \u2013 aufgewachsen in einem familiengef\u00fchrten Messebauunternehmen, kennt sie die Branche von Grund auf. Ihre Mischung aus Textsicherheit und Messeerfahrung macht sie zu einer wertvollen Stimme im Ratgeber von Displayhersteller.de.","sameAs":["https:\/\/www.displayhersteller.de\/de\/","https:\/\/www.facebook.com\/displayhersteller","https:\/\/www.instagram.com\/displayhersteller\/","https:\/\/www.linkedin.com\/company\/12794866\/admin\/page-posts\/published\/","https:\/\/www.youtube.com\/@displayhersteller"],"url":"https:\/\/www.displayhersteller.de\/ratgeber\/author\/selin"}]}},"modified_by":"Jonas Dollhofer","_links":{"self":[{"href":"https:\/\/www.displayhersteller.de\/ratgeber\/wp-json\/wp\/v2\/posts\/1725","targetHints":{"allow":["GET"]}}],"collection":[{"href":"https:\/\/www.displayhersteller.de\/ratgeber\/wp-json\/wp\/v2\/posts"}],"about":[{"href":"https:\/\/www.displayhersteller.de\/ratgeber\/wp-json\/wp\/v2\/types\/post"}],"author":[{"embeddable":true,"href":"https:\/\/www.displayhersteller.de\/ratgeber\/wp-json\/wp\/v2\/users\/11"}],"replies":[{"embeddable":true,"href":"https:\/\/www.displayhersteller.de\/ratgeber\/wp-json\/wp\/v2\/comments?post=1725"}],"version-history":[{"count":4,"href":"https:\/\/www.displayhersteller.de\/ratgeber\/wp-json\/wp\/v2\/posts\/1725\/revisions"}],"predecessor-version":[{"id":9833,"href":"https:\/\/www.displayhersteller.de\/ratgeber\/wp-json\/wp\/v2\/posts\/1725\/revisions\/9833"}],"wp:featuredmedia":[{"embeddable":true,"href":"https:\/\/www.displayhersteller.de\/ratgeber\/wp-json\/wp\/v2\/media\/4119"}],"wp:attachment":[{"href":"https:\/\/www.displayhersteller.de\/ratgeber\/wp-json\/wp\/v2\/media?parent=1725"}],"wp:term":[{"taxonomy":"category","embeddable":true,"href":"https:\/\/www.displayhersteller.de\/ratgeber\/wp-json\/wp\/v2\/categories?post=1725"},{"taxonomy":"post_tag","embeddable":true,"href":"https:\/\/www.displayhersteller.de\/ratgeber\/wp-json\/wp\/v2\/tags?post=1725"}],"curies":[{"name":"wp","href":"https:\/\/api.w.org\/{rel}","templated":true}]}}