{"id":5494,"date":"2023-03-13T16:20:42","date_gmt":"2023-03-13T15:20:42","guid":{"rendered":"https:\/\/www.displayhersteller.de\/ratgeber\/?p=5494"},"modified":"2026-03-03T10:21:16","modified_gmt":"2026-03-03T09:21:16","slug":"messestandort-koeln","status":"publish","type":"post","link":"https:\/\/www.displayhersteller.de\/ratgeber\/messestaedte\/messestandort-koeln","title":{"rendered":"Messestadt K\u00f6ln: Messen, Events &#038; Highlights in der Domstadt"},"content":{"rendered":"<div class=\"pld-like-dislike-wrap pld-template-1\">\r\n    <div class=\"pld-like-wrap  pld-common-wrap\">\r\n    <a href=\"javascript:void(0)\" class=\"pld-like-trigger pld-like-dislike-trigger  \" title=\"Gef\u00e4llt mir\" data-post-id=\"5494\" data-trigger-type=\"like\" data-restriction=\"cookie\" data-already-liked=\"0\">\r\n                        <i class=\"fas fa-thumbs-up\"><\/i>\r\n                <\/a>\r\n    <span class=\"pld-like-count-wrap pld-count-wrap\">    <\/span>\r\n<\/div><\/div>[vc_row type=&#8221;in_container&#8221; full_screen_row_position=&#8221;middle&#8221; column_margin=&#8221;default&#8221; column_direction=&#8221;default&#8221; column_direction_tablet=&#8221;default&#8221; column_direction_phone=&#8221;default&#8221; scene_position=&#8221;center&#8221; text_color=&#8221;dark&#8221; text_align=&#8221;left&#8221; row_border_radius=&#8221;none&#8221; row_border_radius_applies=&#8221;bg&#8221; overflow=&#8221;visible&#8221; overlay_strength=&#8221;0.3&#8243; gradient_direction=&#8221;left_to_right&#8221; shape_divider_position=&#8221;bottom&#8221; bg_image_animation=&#8221;none&#8221;][vc_column column_padding=&#8221;no-extra-padding&#8221; column_padding_tablet=&#8221;inherit&#8221; column_padding_phone=&#8221;inherit&#8221; column_padding_position=&#8221;all&#8221; column_element_direction_desktop=&#8221;default&#8221; column_element_spacing=&#8221;default&#8221; desktop_text_alignment=&#8221;default&#8221; tablet_text_alignment=&#8221;default&#8221; phone_text_alignment=&#8221;default&#8221; background_color_opacity=&#8221;1&#8243; background_hover_color_opacity=&#8221;1&#8243; column_backdrop_filter=&#8221;none&#8221; column_shadow=&#8221;none&#8221; column_border_radius=&#8221;none&#8221; column_link_target=&#8221;_self&#8221; column_position=&#8221;default&#8221; gradient_direction=&#8221;left_to_right&#8221; overlay_strength=&#8221;0.3&#8243; width=&#8221;1\/1&#8243; tablet_width_inherit=&#8221;default&#8221; animation_type=&#8221;default&#8221; bg_image_animation=&#8221;none&#8221; border_type=&#8221;simple&#8221; column_border_width=&#8221;none&#8221; column_border_style=&#8221;solid&#8221;][vc_column_text]Die Koelnmesse z\u00e4hlt zu den gr\u00f6\u00dften und bedeutendsten Messestandorten Europas. Sie findet j\u00e4hrlich auf dem Messegel\u00e4nde in K\u00f6ln-Deutz statt und bietet Ausstellern sowie Besuchern eine breite Palette an Produkten und Dienstleistungen. Die weitl\u00e4ufigen Hallenfl\u00e4chen bieten dabei optimale Bedingungen f\u00fcr unterschiedlichste <a title=\"Messest\u00e4nde\" href=\"https:\/\/www.displayhersteller.de\/de\/messestaende-sets\">Messest\u00e4nde<\/a> \u2013 von modularen Systeml\u00f6sungen bis hin zu individuell geplanten Gro\u00dfst\u00e4nden, die eine wirkungsvolle Markenpr\u00e4sentation auf internationalem Niveau erm\u00f6glichen. Hier sind einige Fakten, Daten und Termine rund um die Messe in K\u00f6ln.<\/p>\n<div id=\"ez-toc-container\" class=\"ez-toc-v2_0_82_2 counter-hierarchy ez-toc-counter ez-toc-grey ez-toc-container-direction\">\n<div class=\"ez-toc-title-container\">\n<p class=\"ez-toc-title\" style=\"cursor:inherit\">Inhaltsverzeichnis<\/p>\n<span class=\"ez-toc-title-toggle\"><a href=\"#\" class=\"ez-toc-pull-right ez-toc-btn ez-toc-btn-xs ez-toc-btn-default ez-toc-toggle\" aria-label=\"Toggle Table of Content\"><span class=\"ez-toc-js-icon-con\"><span class=\"\"><span class=\"eztoc-hide\" style=\"display:none;\">Toggle<\/span><span class=\"ez-toc-icon-toggle-span\"><svg style=\"fill: #999;color:#999\" xmlns=\"http:\/\/www.w3.org\/2000\/svg\" class=\"list-377408\" width=\"20px\" height=\"20px\" viewBox=\"0 0 24 24\" fill=\"none\"><path d=\"M6 6H4v2h2V6zm14 0H8v2h12V6zM4 11h2v2H4v-2zm16 0H8v2h12v-2zM4 16h2v2H4v-2zm16 0H8v2h12v-2z\" fill=\"currentColor\"><\/path><\/svg><svg style=\"fill: #999;color:#999\" class=\"arrow-unsorted-368013\" xmlns=\"http:\/\/www.w3.org\/2000\/svg\" width=\"10px\" height=\"10px\" viewBox=\"0 0 24 24\" version=\"1.2\" baseProfile=\"tiny\"><path d=\"M18.2 9.3l-6.2-6.3-6.2 6.3c-.2.2-.3.4-.3.7s.1.5.3.7c.2.2.4.3.7.3h11c.3 0 .5-.1.7-.3.2-.2.3-.5.3-.7s-.1-.5-.3-.7zM5.8 14.7l6.2 6.3 6.2-6.3c.2-.2.3-.5.3-.7s-.1-.5-.3-.7c-.2-.2-.4-.3-.7-.3h-11c-.3 0-.5.1-.7.3-.2.2-.3.5-.3.7s.1.5.3.7z\"\/><\/svg><\/span><\/span><\/span><\/a><\/span><\/div>\n<nav><ul class='ez-toc-list ez-toc-list-level-1 ' ><li class='ez-toc-page-1 ez-toc-heading-level-2'><a class=\"ez-toc-link ez-toc-heading-1\" href=\"https:\/\/www.displayhersteller.de\/ratgeber\/messestaedte\/messestandort-koeln\/#Geschichte_des_Messestandortes_in_Koeln\" >Geschichte des Messestandortes in K\u00f6ln<\/a><\/li><li class='ez-toc-page-1 ez-toc-heading-level-2'><a class=\"ez-toc-link ez-toc-heading-2\" href=\"https:\/\/www.displayhersteller.de\/ratgeber\/messestaedte\/messestandort-koeln\/#Ausbau_der_Messe_in_Koeln\" >Ausbau der Messe in K\u00f6ln<\/a><\/li><li class='ez-toc-page-1 ez-toc-heading-level-2'><a class=\"ez-toc-link ez-toc-heading-3\" href=\"https:\/\/www.displayhersteller.de\/ratgeber\/messestaedte\/messestandort-koeln\/#Wichtigste_Messen_im_Ueberblick\" >Wichtigste Messen im \u00dcberblick<\/a><\/li><li class='ez-toc-page-1 ez-toc-heading-level-2'><a class=\"ez-toc-link ez-toc-heading-4\" href=\"https:\/\/www.displayhersteller.de\/ratgeber\/messestaedte\/messestandort-koeln\/#Fakten_und_weitere_Informationen_zur_Messe_in_Koeln\" >Fakten und weitere Informationen zur Messe in K\u00f6ln<\/a><\/li><li class='ez-toc-page-1 ez-toc-heading-level-2'><a class=\"ez-toc-link ez-toc-heading-5\" href=\"https:\/\/www.displayhersteller.de\/ratgeber\/messestaedte\/messestandort-koeln\/#Wichtige_Termine_im_Ueberblick\" >Wichtige Termine im \u00dcberblick:<\/a><\/li><li class='ez-toc-page-1 ez-toc-heading-level-2'><a class=\"ez-toc-link ez-toc-heading-6\" href=\"https:\/\/www.displayhersteller.de\/ratgeber\/messestaedte\/messestandort-koeln\/#Fazit\" >Fazit<\/a><\/li><\/ul><\/nav><\/div>\n[\/vc_column_text][\/vc_column][\/vc_row][vc_row type=&#8221;in_container&#8221; full_screen_row_position=&#8221;middle&#8221; column_margin=&#8221;default&#8221; column_direction=&#8221;default&#8221; column_direction_tablet=&#8221;default&#8221; column_direction_phone=&#8221;default&#8221; scene_position=&#8221;center&#8221; text_color=&#8221;dark&#8221; text_align=&#8221;left&#8221; row_border_radius=&#8221;none&#8221; row_border_radius_applies=&#8221;bg&#8221; overflow=&#8221;visible&#8221; overlay_strength=&#8221;0.3&#8243; gradient_direction=&#8221;left_to_right&#8221; shape_divider_position=&#8221;bottom&#8221; bg_image_animation=&#8221;none&#8221;][vc_column column_padding=&#8221;no-extra-padding&#8221; column_padding_tablet=&#8221;inherit&#8221; column_padding_phone=&#8221;inherit&#8221; column_padding_position=&#8221;all&#8221; column_element_direction_desktop=&#8221;default&#8221; column_element_spacing=&#8221;default&#8221; desktop_text_alignment=&#8221;default&#8221; tablet_text_alignment=&#8221;default&#8221; phone_text_alignment=&#8221;default&#8221; background_color_opacity=&#8221;1&#8243; background_hover_color_opacity=&#8221;1&#8243; column_backdrop_filter=&#8221;none&#8221; column_shadow=&#8221;none&#8221; column_border_radius=&#8221;none&#8221; column_link_target=&#8221;_self&#8221; column_position=&#8221;default&#8221; gradient_direction=&#8221;left_to_right&#8221; overlay_strength=&#8221;0.3&#8243; width=&#8221;1\/1&#8243; tablet_width_inherit=&#8221;default&#8221; animation_type=&#8221;default&#8221; bg_image_animation=&#8221;none&#8221; border_type=&#8221;simple&#8221; column_border_width=&#8221;none&#8221; column_border_style=&#8221;solid&#8221;][vc_column_text]\n<h2><span class=\"ez-toc-section\" id=\"Geschichte_des_Messestandortes_in_Koeln\"><\/span>Geschichte des Messestandortes in K\u00f6ln<span class=\"ez-toc-section-end\"><\/span><\/h2>\n<p>Die Messe in K\u00f6ln ist eine der wichtigsten Handelsmessen in Europa und zieht jedes Jahr Tausende von Besuchern aus der ganzen Welt an. Die Geschichte der Messe in K\u00f6ln reicht bis ins 11. Jahrhundert zur\u00fcck, als die Stadt eine wichtige Handelsstadt war. Die erste offizielle Messe fand jedoch erst im Jahr 1924 statt und zog 70.000 Besucher an. In den folgenden Jahren wuchs die Messe kontinuierlich und 1939 wurden bereits \u00fcber 500.000 Besucher gez\u00e4hlt. W\u00e4hrend des Zweiten Weltkriegs wurde die Messe in K\u00f6ln schwer besch\u00e4digt und musste erst in den 1950er Jahren wieder aufgebaut werden. 1952 fand die erste Messe nach dem Krieg statt und lockte bereits wieder 360.000 Besucher an. In den 1960er Jahren wurde die Messe in K\u00f6ln immer internationaler und zog auch Besucher aus \u00dcbersee an. 1968 fand die erste photokina statt, die heute eine der wichtigsten Fotomessen der Welt ist. In den folgenden Jahren wurden weitere Fachmessen ins Leben gerufen, wie zum Beispiel die Anuga, eine der gr\u00f6\u00dften Lebensmittelmessen der Welt.[\/vc_column_text][\/vc_column][\/vc_row][vc_row type=&#8221;in_container&#8221; full_screen_row_position=&#8221;middle&#8221; column_margin=&#8221;default&#8221; column_direction=&#8221;default&#8221; column_direction_tablet=&#8221;default&#8221; column_direction_phone=&#8221;default&#8221; scene_position=&#8221;center&#8221; text_color=&#8221;dark&#8221; text_align=&#8221;left&#8221; row_border_radius=&#8221;none&#8221; row_border_radius_applies=&#8221;bg&#8221; overflow=&#8221;visible&#8221; overlay_strength=&#8221;0.3&#8243; gradient_direction=&#8221;left_to_right&#8221; shape_divider_position=&#8221;bottom&#8221; bg_image_animation=&#8221;none&#8221;][vc_column column_padding=&#8221;no-extra-padding&#8221; column_padding_tablet=&#8221;inherit&#8221; column_padding_phone=&#8221;inherit&#8221; column_padding_position=&#8221;all&#8221; column_element_direction_desktop=&#8221;default&#8221; column_element_spacing=&#8221;default&#8221; desktop_text_alignment=&#8221;default&#8221; tablet_text_alignment=&#8221;default&#8221; phone_text_alignment=&#8221;default&#8221; background_color_opacity=&#8221;1&#8243; background_hover_color_opacity=&#8221;1&#8243; column_backdrop_filter=&#8221;none&#8221; column_shadow=&#8221;none&#8221; column_border_radius=&#8221;none&#8221; column_link_target=&#8221;_self&#8221; column_position=&#8221;default&#8221; gradient_direction=&#8221;left_to_right&#8221; overlay_strength=&#8221;0.3&#8243; width=&#8221;1\/1&#8243; tablet_width_inherit=&#8221;default&#8221; animation_type=&#8221;default&#8221; bg_image_animation=&#8221;none&#8221; border_type=&#8221;simple&#8221; column_border_width=&#8221;none&#8221; column_border_style=&#8221;solid&#8221;][vc_column_text]\n<h2><span class=\"ez-toc-section\" id=\"Ausbau_der_Messe_in_Koeln\"><\/span>Ausbau der Messe in K\u00f6ln<span class=\"ez-toc-section-end\"><\/span><\/h2>\n<p>In den 1980er Jahren wurden die Hallen der Messe in K\u00f6ln weiter ausgebaut und modernisiert, um den steigenden Anforderungen gerecht zu werden. 1984 fand die erste Gamescom statt, die heute als gr\u00f6\u00dfte Computerspielmesse der Welt gilt. In den 1990er Jahren setzte die Messe in K\u00f6ln verst\u00e4rkt auf die Digitalisierung und er\u00f6ffnete das Congress-Centrum Ost, das heute zu den modernsten Kongresszentren Europas geh\u00f6rt. Im Jahr 1999 wurde die Messe K\u00f6ln offiziell in Koelnmesse umbenannt. Im 21. Jahrhundert hat die Messe in K\u00f6ln ihre Stellung als wichtiger Handelsplatz weiter ausgebaut. Jedes Jahr finden \u00fcber 80 Messen, Ausstellungen und Kongresse statt, die insgesamt \u00fcber 2,3 Millionen Besucher anziehen.[\/vc_column_text][\/vc_column][\/vc_row][vc_row type=&#8221;in_container&#8221; full_screen_row_position=&#8221;middle&#8221; column_margin=&#8221;default&#8221; column_direction=&#8221;default&#8221; column_direction_tablet=&#8221;default&#8221; column_direction_phone=&#8221;default&#8221; scene_position=&#8221;center&#8221; text_color=&#8221;dark&#8221; text_align=&#8221;left&#8221; row_border_radius=&#8221;none&#8221; row_border_radius_applies=&#8221;bg&#8221; overflow=&#8221;visible&#8221; overlay_strength=&#8221;0.3&#8243; gradient_direction=&#8221;left_to_right&#8221; shape_divider_position=&#8221;bottom&#8221; bg_image_animation=&#8221;none&#8221;][vc_column column_padding=&#8221;no-extra-padding&#8221; column_padding_tablet=&#8221;inherit&#8221; column_padding_phone=&#8221;inherit&#8221; column_padding_position=&#8221;all&#8221; column_element_direction_desktop=&#8221;default&#8221; column_element_spacing=&#8221;default&#8221; desktop_text_alignment=&#8221;default&#8221; tablet_text_alignment=&#8221;default&#8221; phone_text_alignment=&#8221;default&#8221; background_color_opacity=&#8221;1&#8243; background_hover_color_opacity=&#8221;1&#8243; column_backdrop_filter=&#8221;none&#8221; column_shadow=&#8221;none&#8221; column_border_radius=&#8221;none&#8221; column_link_target=&#8221;_self&#8221; column_position=&#8221;default&#8221; gradient_direction=&#8221;left_to_right&#8221; overlay_strength=&#8221;0.3&#8243; width=&#8221;1\/1&#8243; tablet_width_inherit=&#8221;default&#8221; animation_type=&#8221;default&#8221; bg_image_animation=&#8221;none&#8221; border_type=&#8221;simple&#8221; column_border_width=&#8221;none&#8221; column_border_style=&#8221;solid&#8221;][vc_column_text]\n<h2><span class=\"ez-toc-section\" id=\"Wichtigste_Messen_im_Ueberblick\"><\/span>Wichtigste Messen im \u00dcberblick<span class=\"ez-toc-section-end\"><\/span><\/h2>\n<p>K\u00f6ln ist eine der f\u00fchrenden Messest\u00e4dte Deutschlands und hat eine lange Tradition als Veranstaltungsort f\u00fcr internationale Messen und Ausstellungen. Hier sind einige der wichtigsten Messen, die j\u00e4hrlich in K\u00f6ln stattfinden:[\/vc_column_text][\/vc_column][\/vc_row][vc_row type=&#8221;in_container&#8221; full_screen_row_position=&#8221;middle&#8221; column_margin=&#8221;default&#8221; column_direction=&#8221;default&#8221; column_direction_tablet=&#8221;default&#8221; column_direction_phone=&#8221;default&#8221; scene_position=&#8221;center&#8221; text_color=&#8221;dark&#8221; text_align=&#8221;left&#8221; row_border_radius=&#8221;none&#8221; row_border_radius_applies=&#8221;bg&#8221; overflow=&#8221;visible&#8221; overlay_strength=&#8221;0.3&#8243; gradient_direction=&#8221;left_to_right&#8221; shape_divider_position=&#8221;bottom&#8221; bg_image_animation=&#8221;none&#8221;][vc_column column_padding=&#8221;no-extra-padding&#8221; column_padding_tablet=&#8221;inherit&#8221; column_padding_phone=&#8221;inherit&#8221; column_padding_position=&#8221;all&#8221; column_element_direction_desktop=&#8221;default&#8221; column_element_spacing=&#8221;default&#8221; desktop_text_alignment=&#8221;default&#8221; tablet_text_alignment=&#8221;default&#8221; phone_text_alignment=&#8221;default&#8221; background_color_opacity=&#8221;1&#8243; background_hover_color_opacity=&#8221;1&#8243; column_backdrop_filter=&#8221;none&#8221; column_shadow=&#8221;none&#8221; column_border_radius=&#8221;none&#8221; column_link_target=&#8221;_self&#8221; column_position=&#8221;default&#8221; gradient_direction=&#8221;left_to_right&#8221; overlay_strength=&#8221;0.3&#8243; width=&#8221;2\/3&#8243; tablet_width_inherit=&#8221;default&#8221; animation_type=&#8221;default&#8221; bg_image_animation=&#8221;none&#8221; border_type=&#8221;simple&#8221; column_border_width=&#8221;none&#8221; column_border_style=&#8221;solid&#8221;]<div class=\"nectar-fancy-ul\" data-list-icon=\"icon-salient-check\" data-animation=\"false\" data-animation-delay=\"0\" data-color=\"accent-color\" data-spacing=\"default\" data-alignment=\"left\"> \n<ul>\n<li><strong>Anuga<\/strong>: Die Anuga ist die weltweit gr\u00f6\u00dfte und wichtigste Fachmesse f\u00fcr Lebensmittel und Getr\u00e4nke. Sie findet alle zwei Jahre im Oktober statt und zieht rund 7.500 Aussteller und 170.000 Fachbesucher aus aller Welt an.<\/li>\n<li><strong>Photokina<\/strong>: Die Photokina ist die weltweit wichtigste Messe f\u00fcr Fotografie und Bildbearbeitung. Sie findet alle zwei Jahre im September statt und pr\u00e4sentiert die neuesten Technologien und Trends in der Branche.<\/li>\n<li><strong>gamescom<\/strong>: Die gamescom ist die weltweit gr\u00f6\u00dfte Messe f\u00fcr Computer- und Videospiele und findet jedes Jahr im August statt. Die Messe ist ein wichtiger Treffpunkt f\u00fcr Hersteller, Entwickler, H\u00e4ndler und Spieler und zieht j\u00e4hrlich Hunderttausende Besucher an.<\/li>\n<li><strong>imm cologne<\/strong>: Die imm cologne ist eine internationale M\u00f6belmesse, die jedes Jahr im Januar stattfindet. Sie ist die erste Messe des Jahres f\u00fcr die M\u00f6belbranche und pr\u00e4sentiert die neuesten Trends und Designs.<\/li>\n<li><strong>DMEXCO<\/strong>: Die DMEXCO ist eine internationale Messe und Konferenz f\u00fcr digitales Marketing und Werbung. Sie findet jedes Jahr im September statt und zieht Fachleute aus der ganzen Welt an.<\/li>\n<li><strong>IDS<\/strong>: Die IDS ist eine internationale Dentalmesse, die alle zwei Jahre im M\u00e4rz stattfindet. Hier pr\u00e4sentieren internationale Aussteller die neuesten Entwicklungen und Trends in der Dentalbranche.<\/li>\n<li><strong>Kind + Jugend:<\/strong> Die Kind + Jugend ist eine internationale Messe f\u00fcr Baby- und Kleinkindartikel und findet jedes Jahr im September statt. Sie ist ein wichtiger Treffpunkt f\u00fcr Hersteller, H\u00e4ndler und Fachleute aus der Branche.<\/li>\n<li><strong>spoga+gafa:<\/strong> Die spoga+gafa ist eine internationale Gartenmesse, die jedes Jahr im September stattfindet. Hier pr\u00e4sentieren Hersteller und H\u00e4ndler die neuesten Produkte und Trends f\u00fcr den Garten- und Freizeitbereich.<\/li>\n<\/ul>\n <\/div>[\/vc_column][vc_column column_padding=&#8221;no-extra-padding&#8221; column_padding_tablet=&#8221;inherit&#8221; column_padding_phone=&#8221;inherit&#8221; column_padding_position=&#8221;top&#8221; column_element_direction_desktop=&#8221;default&#8221; column_element_spacing=&#8221;default&#8221; desktop_text_alignment=&#8221;default&#8221; tablet_text_alignment=&#8221;default&#8221; phone_text_alignment=&#8221;default&#8221; background_color_opacity=&#8221;1&#8243; background_hover_color_opacity=&#8221;1&#8243; column_backdrop_filter=&#8221;none&#8221; column_shadow=&#8221;none&#8221; column_border_radius=&#8221;none&#8221; column_link_target=&#8221;_self&#8221; column_position=&#8221;default&#8221; gradient_direction=&#8221;left_to_right&#8221; overlay_strength=&#8221;0.3&#8243; width=&#8221;1\/3&#8243; tablet_width_inherit=&#8221;default&#8221; animation_type=&#8221;default&#8221; bg_image_animation=&#8221;none&#8221; border_type=&#8221;simple&#8221; column_border_width=&#8221;none&#8221; column_border_style=&#8221;solid&#8221; column_padding_type=&#8221;default&#8221; gradient_type=&#8221;default&#8221;][image_with_animation image_url=&#8221;5506&#8243; image_size=&#8221;full&#8221; animation_type=&#8221;entrance&#8221; animation=&#8221;None&#8221; animation_movement_type=&#8221;transform_y&#8221; hover_animation=&#8221;zoom&#8221; alignment=&#8221;&#8221; img_link_large=&#8221;yes&#8221; border_radius=&#8221;none&#8221; box_shadow=&#8221;none&#8221; image_loading=&#8221;default&#8221; max_width=&#8221;100%&#8221; max_width_mobile=&#8221;default&#8221;][image_with_animation image_url=&#8221;5507&#8243; image_size=&#8221;full&#8221; animation_type=&#8221;entrance&#8221; animation=&#8221;None&#8221; animation_movement_type=&#8221;transform_y&#8221; hover_animation=&#8221;zoom&#8221; alignment=&#8221;&#8221; img_link_large=&#8221;yes&#8221; border_radius=&#8221;none&#8221; box_shadow=&#8221;none&#8221; image_loading=&#8221;default&#8221; max_width=&#8221;100%&#8221; max_width_mobile=&#8221;default&#8221;][\/vc_column][\/vc_row][vc_row type=&#8221;in_container&#8221; full_screen_row_position=&#8221;middle&#8221; column_margin=&#8221;default&#8221; column_direction=&#8221;default&#8221; column_direction_tablet=&#8221;default&#8221; column_direction_phone=&#8221;default&#8221; scene_position=&#8221;center&#8221; text_color=&#8221;dark&#8221; text_align=&#8221;left&#8221; row_border_radius=&#8221;none&#8221; row_border_radius_applies=&#8221;bg&#8221; overflow=&#8221;visible&#8221; overlay_strength=&#8221;0.3&#8243; gradient_direction=&#8221;left_to_right&#8221; shape_divider_position=&#8221;bottom&#8221; bg_image_animation=&#8221;none&#8221;][vc_column column_padding=&#8221;no-extra-padding&#8221; column_padding_tablet=&#8221;inherit&#8221; column_padding_phone=&#8221;inherit&#8221; column_padding_position=&#8221;all&#8221; column_element_direction_desktop=&#8221;default&#8221; column_element_spacing=&#8221;default&#8221; desktop_text_alignment=&#8221;default&#8221; tablet_text_alignment=&#8221;default&#8221; phone_text_alignment=&#8221;default&#8221; background_color_opacity=&#8221;1&#8243; background_hover_color_opacity=&#8221;1&#8243; column_backdrop_filter=&#8221;none&#8221; column_shadow=&#8221;none&#8221; column_border_radius=&#8221;none&#8221; column_link_target=&#8221;_self&#8221; column_position=&#8221;default&#8221; gradient_direction=&#8221;left_to_right&#8221; overlay_strength=&#8221;0.3&#8243; width=&#8221;1\/1&#8243; tablet_width_inherit=&#8221;default&#8221; animation_type=&#8221;default&#8221; bg_image_animation=&#8221;none&#8221; border_type=&#8221;simple&#8221; column_border_width=&#8221;none&#8221; column_border_style=&#8221;solid&#8221;][vc_column_text]Diese und viele weitere Messen machen K\u00f6ln zu einem wichtigen und attraktiven Standort f\u00fcr internationale Gesch\u00e4ftsbeziehungen und Netzwerke.[\/vc_column_text][\/vc_column][\/vc_row][vc_row type=&#8221;in_container&#8221; full_screen_row_position=&#8221;middle&#8221; column_margin=&#8221;default&#8221; column_direction=&#8221;default&#8221; column_direction_tablet=&#8221;default&#8221; column_direction_phone=&#8221;default&#8221; scene_position=&#8221;center&#8221; text_color=&#8221;dark&#8221; text_align=&#8221;left&#8221; row_border_radius=&#8221;none&#8221; row_border_radius_applies=&#8221;bg&#8221; overflow=&#8221;visible&#8221; overlay_strength=&#8221;0.3&#8243; gradient_direction=&#8221;left_to_right&#8221; shape_divider_position=&#8221;bottom&#8221; bg_image_animation=&#8221;none&#8221;][vc_column column_padding=&#8221;no-extra-padding&#8221; column_padding_tablet=&#8221;inherit&#8221; column_padding_phone=&#8221;inherit&#8221; column_padding_position=&#8221;all&#8221; column_element_direction_desktop=&#8221;default&#8221; column_element_spacing=&#8221;default&#8221; desktop_text_alignment=&#8221;default&#8221; tablet_text_alignment=&#8221;default&#8221; phone_text_alignment=&#8221;default&#8221; background_color_opacity=&#8221;1&#8243; background_hover_color_opacity=&#8221;1&#8243; column_backdrop_filter=&#8221;none&#8221; column_shadow=&#8221;none&#8221; column_border_radius=&#8221;none&#8221; column_link_target=&#8221;_self&#8221; column_position=&#8221;default&#8221; gradient_direction=&#8221;left_to_right&#8221; overlay_strength=&#8221;0.3&#8243; width=&#8221;1\/1&#8243; tablet_width_inherit=&#8221;default&#8221; animation_type=&#8221;default&#8221; bg_image_animation=&#8221;none&#8221; border_type=&#8221;simple&#8221; column_border_width=&#8221;none&#8221; column_border_style=&#8221;solid&#8221;][vc_column_text]\n<h2><span class=\"ez-toc-section\" id=\"Fakten_und_weitere_Informationen_zur_Messe_in_Koeln\"><\/span>Fakten und weitere Informationen zur Messe in K\u00f6ln<span class=\"ez-toc-section-end\"><\/span><\/h2>\n<p>Die Koelnmesse ist heute ein wichtiger Wirtschaftsfaktor f\u00fcr die Stadt K\u00f6ln und die gesamte Region. Rund 10.000 Menschen arbeiten direkt auf dem Messegel\u00e4nde, weitere 10.000 Arbeitspl\u00e4tze sind in der Umgebung angesiedelt. Die Messe in K\u00f6ln hat eine Gesamtfl\u00e4che von 284.000 Quadratmetern und besteht aus 11 Messehallen. Es gibt auch einen Konferenzbereich und ein Veranstaltungszentrum. Die Messe in K\u00f6ln ist bekannt f\u00fcr ihre breite Palette an Produkten und Dienstleistungen. Die Bedeutung der Messe in K\u00f6ln geht aber \u00fcber die wirtschaftliche Dimension hinaus. Die Messe ist auch ein Ort des Austauschs und der Begegnung, an dem Menschen aus unterschiedlichen Kulturen und Branchen zusammenkommen. Sie ist ein wichtiger Treffpunkt f\u00fcr Gesch\u00e4ftspartner, aber auch f\u00fcr Freunde und Kollegen.[\/vc_column_text][\/vc_column][\/vc_row][vc_row type=&#8221;in_container&#8221; full_screen_row_position=&#8221;middle&#8221; column_margin=&#8221;default&#8221; column_direction=&#8221;default&#8221; column_direction_tablet=&#8221;default&#8221; column_direction_phone=&#8221;default&#8221; scene_position=&#8221;center&#8221; text_color=&#8221;dark&#8221; text_align=&#8221;left&#8221; row_border_radius=&#8221;none&#8221; row_border_radius_applies=&#8221;bg&#8221; overflow=&#8221;visible&#8221; overlay_strength=&#8221;0.3&#8243; gradient_direction=&#8221;left_to_right&#8221; shape_divider_position=&#8221;bottom&#8221; bg_image_animation=&#8221;none&#8221;][vc_column column_padding=&#8221;no-extra-padding&#8221; column_padding_tablet=&#8221;inherit&#8221; column_padding_phone=&#8221;inherit&#8221; column_padding_position=&#8221;all&#8221; column_element_direction_desktop=&#8221;default&#8221; column_element_spacing=&#8221;default&#8221; desktop_text_alignment=&#8221;default&#8221; tablet_text_alignment=&#8221;default&#8221; phone_text_alignment=&#8221;default&#8221; background_color_opacity=&#8221;1&#8243; background_hover_color_opacity=&#8221;1&#8243; column_backdrop_filter=&#8221;none&#8221; column_shadow=&#8221;none&#8221; column_border_radius=&#8221;none&#8221; column_link_target=&#8221;_self&#8221; column_position=&#8221;default&#8221; gradient_direction=&#8221;left_to_right&#8221; overlay_strength=&#8221;0.3&#8243; width=&#8221;1\/1&#8243; tablet_width_inherit=&#8221;default&#8221; animation_type=&#8221;default&#8221; bg_image_animation=&#8221;none&#8221; border_type=&#8221;simple&#8221; column_border_width=&#8221;none&#8221; column_border_style=&#8221;solid&#8221;][image_with_animation image_url=&#8221;5518&#8243; image_size=&#8221;full&#8221; animation_type=&#8221;entrance&#8221; animation=&#8221;None&#8221; animation_movement_type=&#8221;transform_y&#8221; hover_animation=&#8221;zoom&#8221; alignment=&#8221;&#8221; img_link_large=&#8221;yes&#8221; border_radius=&#8221;none&#8221; box_shadow=&#8221;none&#8221; image_loading=&#8221;default&#8221; max_width=&#8221;100%&#8221; max_width_mobile=&#8221;default&#8221;][\/vc_column][\/vc_row][vc_row type=&#8221;in_container&#8221; full_screen_row_position=&#8221;middle&#8221; column_margin=&#8221;default&#8221; column_direction=&#8221;default&#8221; column_direction_tablet=&#8221;default&#8221; column_direction_phone=&#8221;default&#8221; scene_position=&#8221;center&#8221; text_color=&#8221;dark&#8221; text_align=&#8221;left&#8221; row_border_radius=&#8221;none&#8221; row_border_radius_applies=&#8221;bg&#8221; overflow=&#8221;visible&#8221; overlay_strength=&#8221;0.3&#8243; gradient_direction=&#8221;left_to_right&#8221; shape_divider_position=&#8221;bottom&#8221; bg_image_animation=&#8221;none&#8221;][vc_column column_padding=&#8221;no-extra-padding&#8221; column_padding_tablet=&#8221;inherit&#8221; column_padding_phone=&#8221;inherit&#8221; column_padding_position=&#8221;all&#8221; column_element_direction_desktop=&#8221;default&#8221; column_element_spacing=&#8221;default&#8221; desktop_text_alignment=&#8221;default&#8221; tablet_text_alignment=&#8221;default&#8221; phone_text_alignment=&#8221;default&#8221; background_color_opacity=&#8221;1&#8243; background_hover_color_opacity=&#8221;1&#8243; column_backdrop_filter=&#8221;none&#8221; column_shadow=&#8221;none&#8221; column_border_radius=&#8221;none&#8221; column_link_target=&#8221;_self&#8221; column_position=&#8221;default&#8221; gradient_direction=&#8221;left_to_right&#8221; overlay_strength=&#8221;0.3&#8243; width=&#8221;1\/1&#8243; tablet_width_inherit=&#8221;default&#8221; animation_type=&#8221;default&#8221; bg_image_animation=&#8221;none&#8221; border_type=&#8221;simple&#8221; column_border_width=&#8221;none&#8221; column_border_style=&#8221;solid&#8221;][vc_column_text]\n<h2><span class=\"ez-toc-section\" id=\"Wichtige_Termine_im_Ueberblick\"><\/span>Wichtige Termine im \u00dcberblick:<span class=\"ez-toc-section-end\"><\/span><\/h2>\n[\/vc_column_text][\/vc_column][\/vc_row][vc_row type=&#8221;in_container&#8221; full_screen_row_position=&#8221;middle&#8221; column_margin=&#8221;default&#8221; column_direction=&#8221;default&#8221; column_direction_tablet=&#8221;default&#8221; column_direction_phone=&#8221;default&#8221; scene_position=&#8221;center&#8221; text_color=&#8221;dark&#8221; text_align=&#8221;left&#8221; row_border_radius=&#8221;none&#8221; row_border_radius_applies=&#8221;bg&#8221; overflow=&#8221;visible&#8221; overlay_strength=&#8221;0.3&#8243; gradient_direction=&#8221;left_to_right&#8221; shape_divider_position=&#8221;bottom&#8221; bg_image_animation=&#8221;none&#8221;][vc_column column_padding=&#8221;no-extra-padding&#8221; column_padding_tablet=&#8221;inherit&#8221; column_padding_phone=&#8221;inherit&#8221; column_padding_position=&#8221;all&#8221; column_element_direction_desktop=&#8221;default&#8221; column_element_spacing=&#8221;default&#8221; desktop_text_alignment=&#8221;default&#8221; tablet_text_alignment=&#8221;default&#8221; phone_text_alignment=&#8221;default&#8221; background_color_opacity=&#8221;1&#8243; background_hover_color_opacity=&#8221;1&#8243; column_backdrop_filter=&#8221;none&#8221; column_shadow=&#8221;none&#8221; column_border_radius=&#8221;none&#8221; column_link_target=&#8221;_self&#8221; column_position=&#8221;default&#8221; gradient_direction=&#8221;left_to_right&#8221; overlay_strength=&#8221;0.3&#8243; width=&#8221;1\/1&#8243; tablet_width_inherit=&#8221;default&#8221; animation_type=&#8221;default&#8221; bg_image_animation=&#8221;none&#8221; border_type=&#8221;simple&#8221; column_border_width=&#8221;none&#8221; column_border_style=&#8221;solid&#8221;]<div class=\"nectar-fancy-ul\" data-list-icon=\"icon-salient-check\" data-animation=\"false\" data-animation-delay=\"0\" data-color=\"accent-color\" data-spacing=\"default\" data-alignment=\"left\"> \n<ul>\n<li><strong>Anuga:<\/strong> Fachmesse f\u00fcr Lebensmittel und Getr\u00e4nke und findet alle zwei Jahre im Oktober statt. Die n\u00e4chste Anuga ist f\u00fcr den 09. &#8211; 13. Oktober 2027 geplant.<\/li>\n<li><strong>ISM<\/strong>: Die ISM ist eine internationale S\u00fc\u00dfwarenmesse, die j\u00e4hrlich im Februar stattfindet. Sie pr\u00e4sentiert Produkte aus den Bereichen S\u00fc\u00dfwaren, Snacks und Getr\u00e4nke. Die n\u00e4chste ISM ist f\u00fcr den 31. Januar \u2013 2. Februar 2027 geplant.<\/li>\n<li><strong>Gamescom:<\/strong> Die Gamescom ist Europas gr\u00f6\u00dfte Fachmesse f\u00fcr interaktive Unterhaltung und findet j\u00e4hrlich im August statt. Sie pr\u00e4sentiert die neuesten Trends und Entwicklungen in der Videospielindustrie und ist f\u00fcr Fachbesucher und Endkunden gleicherma\u00dfen zug\u00e4nglich. Die n\u00e4chste Gamescom ist f\u00fcr den 26.-30. August 2026 geplant.<\/li>\n<li><strong>Orgatec:<\/strong> Die Orgatec ist die internationale Fachmesse f\u00fcr B\u00fcro- und Objekteinrichtung und findet alle zwei Jahre im Oktober statt. Sie pr\u00e4sentiert die neuesten Trends und L\u00f6sungen f\u00fcr eine moderne und flexible Arbeitsumgebung. Die n\u00e4chste Orgatec ist f\u00fcr 27. \u2013 30. Oktober 2026 geplant.<\/li>\n<li><strong>imm cologne:<\/strong> Die imm cologne ist die internationale M\u00f6belmesse, die j\u00e4hrlich im Januar stattfindet. Sie pr\u00e4sentiert die neuesten Designs und Trends der M\u00f6bel- und Einrichtungsbranche und ist f\u00fcr Fachbesucher und Endkunden gleicherma\u00dfen zug\u00e4nglich. Die n\u00e4chste imm cologne ist f\u00fcr den 19. \u2013 22. Januar 2027 geplant.<\/li>\n<\/ul>\n <\/div>[\/vc_column][\/vc_row][vc_row type=&#8221;in_container&#8221; full_screen_row_position=&#8221;middle&#8221; column_margin=&#8221;default&#8221; column_direction=&#8221;default&#8221; column_direction_tablet=&#8221;default&#8221; column_direction_phone=&#8221;default&#8221; scene_position=&#8221;center&#8221; text_color=&#8221;dark&#8221; text_align=&#8221;left&#8221; row_border_radius=&#8221;none&#8221; row_border_radius_applies=&#8221;bg&#8221; overflow=&#8221;visible&#8221; overlay_strength=&#8221;0.3&#8243; gradient_direction=&#8221;left_to_right&#8221; shape_divider_position=&#8221;bottom&#8221; bg_image_animation=&#8221;none&#8221;][vc_column column_padding=&#8221;no-extra-padding&#8221; column_padding_tablet=&#8221;inherit&#8221; column_padding_phone=&#8221;inherit&#8221; column_padding_position=&#8221;all&#8221; column_element_direction_desktop=&#8221;default&#8221; column_element_spacing=&#8221;default&#8221; desktop_text_alignment=&#8221;default&#8221; tablet_text_alignment=&#8221;default&#8221; phone_text_alignment=&#8221;default&#8221; background_color_opacity=&#8221;1&#8243; background_hover_color_opacity=&#8221;1&#8243; column_backdrop_filter=&#8221;none&#8221; column_shadow=&#8221;none&#8221; column_border_radius=&#8221;none&#8221; column_link_target=&#8221;_self&#8221; column_position=&#8221;default&#8221; gradient_direction=&#8221;left_to_right&#8221; overlay_strength=&#8221;0.3&#8243; width=&#8221;1\/4&#8243; tablet_width_inherit=&#8221;default&#8221; animation_type=&#8221;default&#8221; bg_image_animation=&#8221;none&#8221; border_type=&#8221;simple&#8221; column_border_width=&#8221;none&#8221; column_border_style=&#8221;solid&#8221;][\/vc_column][vc_column column_padding=&#8221;no-extra-padding&#8221; column_padding_tablet=&#8221;inherit&#8221; column_padding_phone=&#8221;inherit&#8221; column_padding_position=&#8221;all&#8221; column_element_direction_desktop=&#8221;default&#8221; column_element_spacing=&#8221;default&#8221; desktop_text_alignment=&#8221;default&#8221; tablet_text_alignment=&#8221;default&#8221; phone_text_alignment=&#8221;default&#8221; background_color_opacity=&#8221;1&#8243; background_hover_color_opacity=&#8221;1&#8243; column_backdrop_filter=&#8221;none&#8221; column_shadow=&#8221;none&#8221; column_border_radius=&#8221;none&#8221; column_link_target=&#8221;_self&#8221; column_position=&#8221;default&#8221; gradient_direction=&#8221;left_to_right&#8221; overlay_strength=&#8221;0.3&#8243; width=&#8221;1\/2&#8243; tablet_width_inherit=&#8221;default&#8221; animation_type=&#8221;default&#8221; bg_image_animation=&#8221;none&#8221; border_type=&#8221;simple&#8221; column_border_width=&#8221;none&#8221; column_border_style=&#8221;solid&#8221;][nectar_flip_box bg_color=&#8221;#004f9e&#8221; text_color=&#8221;light&#8221; icon_color=&#8221;extra-color-2&#8243; text_color_2=&#8221;dark&#8221; h_text_align=&#8221;center&#8221; v_text_align=&#8221;center&#8221; image_loading=&#8221;default&#8221; flip_direction=&#8221;horizontal-to-left&#8221; front_content=&#8221;Wichtige Daten und Fakten des Messestandorts K\u00f6ln in der \u00dcbersicht&#8221; icon_fontawesome=&#8221;fa fa-check&#8221; icon_size=&#8221;45&#8243;]Besucherzahlen: ca. 2,3 Millionen pro Jahr<br \/>\nHallengr\u00f6\u00dfe: 284.000qm<br \/>\nMessen im Jahr: \u00fcber 80<br \/>\nGr\u00f6\u00dfe Gel\u00e4nde: 284.000qm[\/nectar_flip_box][\/vc_column][vc_column column_padding=&#8221;no-extra-padding&#8221; column_padding_tablet=&#8221;inherit&#8221; column_padding_phone=&#8221;inherit&#8221; column_padding_position=&#8221;all&#8221; column_element_direction_desktop=&#8221;default&#8221; column_element_spacing=&#8221;default&#8221; desktop_text_alignment=&#8221;default&#8221; tablet_text_alignment=&#8221;default&#8221; phone_text_alignment=&#8221;default&#8221; background_color_opacity=&#8221;1&#8243; background_hover_color_opacity=&#8221;1&#8243; column_backdrop_filter=&#8221;none&#8221; column_shadow=&#8221;none&#8221; column_border_radius=&#8221;none&#8221; column_link_target=&#8221;_self&#8221; column_position=&#8221;default&#8221; gradient_direction=&#8221;left_to_right&#8221; overlay_strength=&#8221;0.3&#8243; width=&#8221;1\/4&#8243; tablet_width_inherit=&#8221;default&#8221; animation_type=&#8221;default&#8221; bg_image_animation=&#8221;none&#8221; border_type=&#8221;simple&#8221; column_border_width=&#8221;none&#8221; column_border_style=&#8221;solid&#8221;][\/vc_column][\/vc_row][vc_row type=&#8221;in_container&#8221; full_screen_row_position=&#8221;middle&#8221; column_margin=&#8221;default&#8221; column_direction=&#8221;default&#8221; column_direction_tablet=&#8221;default&#8221; column_direction_phone=&#8221;default&#8221; scene_position=&#8221;center&#8221; text_color=&#8221;dark&#8221; text_align=&#8221;left&#8221; row_border_radius=&#8221;none&#8221; row_border_radius_applies=&#8221;bg&#8221; overflow=&#8221;visible&#8221; overlay_strength=&#8221;0.3&#8243; gradient_direction=&#8221;left_to_right&#8221; shape_divider_position=&#8221;bottom&#8221; bg_image_animation=&#8221;none&#8221;][vc_column column_padding=&#8221;padding-2-percent&#8221; column_padding_tablet=&#8221;inherit&#8221; column_padding_phone=&#8221;inherit&#8221; column_padding_position=&#8221;all&#8221; column_element_direction_desktop=&#8221;default&#8221; column_element_spacing=&#8221;default&#8221; desktop_text_alignment=&#8221;default&#8221; tablet_text_alignment=&#8221;default&#8221; phone_text_alignment=&#8221;default&#8221; background_color_opacity=&#8221;1&#8243; background_hover_color_opacity=&#8221;1&#8243; column_backdrop_filter=&#8221;none&#8221; column_shadow=&#8221;none&#8221; column_border_radius=&#8221;none&#8221; column_link_target=&#8221;_self&#8221; column_position=&#8221;default&#8221; gradient_direction=&#8221;left_to_right&#8221; overlay_strength=&#8221;0.3&#8243; width=&#8221;1\/1&#8243; tablet_width_inherit=&#8221;default&#8221; animation_type=&#8221;default&#8221; bg_image_animation=&#8221;none&#8221; border_type=&#8221;simple&#8221; column_border_width=&#8221;1px&#8221; column_border_color=&#8221;#333333&#8243; column_border_style=&#8221;solid&#8221; column_padding_type=&#8221;default&#8221; gradient_type=&#8221;default&#8221;][vc_column_text]\n<h2><span class=\"ez-toc-section\" id=\"Fazit\"><\/span>Fazit<span class=\"ez-toc-section-end\"><\/span><\/h2>\n<p>Die Messe in K\u00f6ln ist eine der gr\u00f6\u00dften und wichtigsten Messen in Europa. Sie bietet Ausstellern und Besuchern eine breite Palette an Produkten und Dienstleistungen. Die Messe hat eine lange Geschichte und ist seit ihrer Gr\u00fcndung immer weiter gewachsen und hat sich entwickelt. Die Messen und Veranstaltungen auf der Messe in K\u00f6ln haben unterschiedliche Termine, aber einige wichtige Messen finden regelm\u00e4\u00dfig statt.[\/vc_column_text][\/vc_column][\/vc_row]\n","protected":false},"excerpt":{"rendered":"<p>[vc_row type=&#8221;in_container&#8221; full_screen_row_position=&#8221;middle&#8221; column_margin=&#8221;default&#8221; column_direction=&#8221;default&#8221; column_direction_tablet=&#8221;default&#8221; column_direction_phone=&#8221;default&#8221; scene_position=&#8221;center&#8221; text_color=&#8221;dark&#8221; text_align=&#8221;left&#8221; row_border_radius=&#8221;none&#8221; row_border_radius_applies=&#8221;bg&#8221; overflow=&#8221;visible&#8221; overlay_strength=&#8221;0.3&#8243; gradient_direction=&#8221;left_to_right&#8221;&#8230;<\/p>\n","protected":false},"author":11,"featured_media":5504,"comment_status":"closed","ping_status":"open","sticky":false,"template":"","format":"standard","meta":{"_acf_changed":false,"_lmt_disableupdate":"no","_lmt_disable":"no","footnotes":""},"categories":[10],"tags":[],"class_list":{"0":"post-5494","1":"post","2":"type-post","3":"status-publish","4":"format-standard","5":"has-post-thumbnail","7":"category-messestaedte"},"acf":[],"yoast_head":"<!-- This site is optimized with the Yoast SEO plugin v27.5 - https:\/\/yoast.com\/product\/yoast-seo-wordpress\/ -->\n<title>Messestadt K\u00f6ln | Messen, Events &amp; Highlights<\/title>\n<meta name=\"description\" content=\"K\u00f6ln als Messestandort: Messen, Events und Highlights in der Domstadt. Tipps zu Messegel\u00e4nde, Anreise und Planung \u2013 jetzt informieren.\" \/>\n<meta name=\"robots\" content=\"index, follow, max-snippet:-1, max-image-preview:large, max-video-preview:-1\" \/>\n<link rel=\"canonical\" href=\"https:\/\/www.displayhersteller.de\/ratgeber\/messestaedte\/messestandort-koeln\" \/>\n<meta property=\"og:locale\" content=\"de_DE\" \/>\n<meta property=\"og:type\" content=\"article\" \/>\n<meta property=\"og:title\" content=\"Messestadt K\u00f6ln | Messen, Events &amp; Highlights\" \/>\n<meta property=\"og:description\" content=\"K\u00f6ln als Messestandort: Messen, Events und Highlights in der Domstadt. Tipps zu Messegel\u00e4nde, Anreise und Planung \u2013 jetzt informieren.\" \/>\n<meta property=\"og:url\" content=\"https:\/\/www.displayhersteller.de\/ratgeber\/messestaedte\/messestandort-koeln\" \/>\n<meta property=\"og:site_name\" content=\"displayhersteller Ratgeber\" \/>\n<meta property=\"article:author\" content=\"https:\/\/www.facebook.com\/displayhersteller\" \/>\n<meta property=\"article:published_time\" content=\"2023-03-13T15:20:42+00:00\" \/>\n<meta property=\"article:modified_time\" content=\"2026-03-03T09:21:16+00:00\" \/>\n<meta property=\"og:image\" content=\"http:\/\/www.displayhersteller.de\/ratgeber\/wp-content\/uploads\/2023\/03\/Messestandort-Koeln.jpg\" \/>\n\t<meta property=\"og:image:width\" content=\"1839\" \/>\n\t<meta property=\"og:image:height\" content=\"945\" \/>\n\t<meta property=\"og:image:type\" content=\"image\/jpeg\" \/>\n<meta name=\"author\" content=\"Selin Alica\" \/>\n<meta name=\"twitter:card\" content=\"summary_large_image\" \/>\n<meta name=\"twitter:label1\" content=\"Geschrieben von\" \/>\n\t<meta name=\"twitter:data1\" content=\"Selin Alica\" \/>\n\t<meta name=\"twitter:label2\" content=\"Gesch\u00e4tzte Lesezeit\" \/>\n\t<meta name=\"twitter:data2\" content=\"11\u00a0Minuten\" \/>\n<!-- \/ Yoast SEO plugin. -->","yoast_head_json":{"title":"Messestadt K\u00f6ln | Messen, Events & Highlights","description":"K\u00f6ln als Messestandort: Messen, Events und Highlights in der Domstadt. Tipps zu Messegel\u00e4nde, Anreise und Planung \u2013 jetzt informieren.","robots":{"index":"index","follow":"follow","max-snippet":"max-snippet:-1","max-image-preview":"max-image-preview:large","max-video-preview":"max-video-preview:-1"},"canonical":"https:\/\/www.displayhersteller.de\/ratgeber\/messestaedte\/messestandort-koeln","og_locale":"de_DE","og_type":"article","og_title":"Messestadt K\u00f6ln | Messen, Events & Highlights","og_description":"K\u00f6ln als Messestandort: Messen, Events und Highlights in der Domstadt. Tipps zu Messegel\u00e4nde, Anreise und Planung \u2013 jetzt informieren.","og_url":"https:\/\/www.displayhersteller.de\/ratgeber\/messestaedte\/messestandort-koeln","og_site_name":"displayhersteller Ratgeber","article_author":"https:\/\/www.facebook.com\/displayhersteller","article_published_time":"2023-03-13T15:20:42+00:00","article_modified_time":"2026-03-03T09:21:16+00:00","og_image":[{"width":1839,"height":945,"url":"http:\/\/www.displayhersteller.de\/ratgeber\/wp-content\/uploads\/2023\/03\/Messestandort-Koeln.jpg","type":"image\/jpeg"}],"author":"Selin Alica","twitter_card":"summary_large_image","twitter_misc":{"Geschrieben von":"Selin Alica","Gesch\u00e4tzte Lesezeit":"11\u00a0Minuten"},"schema":{"@context":"https:\/\/schema.org","@graph":[{"@type":"Article","@id":"https:\/\/www.displayhersteller.de\/ratgeber\/messestaedte\/messestandort-koeln#article","isPartOf":{"@id":"https:\/\/www.displayhersteller.de\/ratgeber\/messestaedte\/messestandort-koeln"},"author":{"name":"Selin Alica","@id":"https:\/\/www.displayhersteller.de\/ratgeber\/#\/schema\/person\/1300a732ee83919ebb218862e2c750c7"},"headline":"Messestadt K\u00f6ln: Messen, Events &#038; Highlights in der Domstadt","datePublished":"2023-03-13T15:20:42+00:00","dateModified":"2026-03-03T09:21:16+00:00","mainEntityOfPage":{"@id":"https:\/\/www.displayhersteller.de\/ratgeber\/messestaedte\/messestandort-koeln"},"wordCount":3571,"image":{"@id":"https:\/\/www.displayhersteller.de\/ratgeber\/messestaedte\/messestandort-koeln#primaryimage"},"thumbnailUrl":"https:\/\/www.displayhersteller.de\/ratgeber\/wp-content\/uploads\/2023\/03\/Messestandort-Koeln.jpg","articleSection":["Messest\u00e4dte"],"inLanguage":"de"},{"@type":"WebPage","@id":"https:\/\/www.displayhersteller.de\/ratgeber\/messestaedte\/messestandort-koeln","url":"https:\/\/www.displayhersteller.de\/ratgeber\/messestaedte\/messestandort-koeln","name":"Messestadt K\u00f6ln | Messen, Events & Highlights","isPartOf":{"@id":"https:\/\/www.displayhersteller.de\/ratgeber\/#website"},"primaryImageOfPage":{"@id":"https:\/\/www.displayhersteller.de\/ratgeber\/messestaedte\/messestandort-koeln#primaryimage"},"image":{"@id":"https:\/\/www.displayhersteller.de\/ratgeber\/messestaedte\/messestandort-koeln#primaryimage"},"thumbnailUrl":"https:\/\/www.displayhersteller.de\/ratgeber\/wp-content\/uploads\/2023\/03\/Messestandort-Koeln.jpg","datePublished":"2023-03-13T15:20:42+00:00","dateModified":"2026-03-03T09:21:16+00:00","author":{"@id":"https:\/\/www.displayhersteller.de\/ratgeber\/#\/schema\/person\/1300a732ee83919ebb218862e2c750c7"},"description":"K\u00f6ln als Messestandort: Messen, Events und Highlights in der Domstadt. Tipps zu Messegel\u00e4nde, Anreise und Planung \u2013 jetzt informieren.","breadcrumb":{"@id":"https:\/\/www.displayhersteller.de\/ratgeber\/messestaedte\/messestandort-koeln#breadcrumb"},"inLanguage":"de","potentialAction":[{"@type":"ReadAction","target":["https:\/\/www.displayhersteller.de\/ratgeber\/messestaedte\/messestandort-koeln"]}]},{"@type":"ImageObject","inLanguage":"de","@id":"https:\/\/www.displayhersteller.de\/ratgeber\/messestaedte\/messestandort-koeln#primaryimage","url":"https:\/\/www.displayhersteller.de\/ratgeber\/wp-content\/uploads\/2023\/03\/Messestandort-Koeln.jpg","contentUrl":"https:\/\/www.displayhersteller.de\/ratgeber\/wp-content\/uploads\/2023\/03\/Messestandort-Koeln.jpg","width":1839,"height":945,"caption":"Messe K\u00f6ln"},{"@type":"BreadcrumbList","@id":"https:\/\/www.displayhersteller.de\/ratgeber\/messestaedte\/messestandort-koeln#breadcrumb","itemListElement":[{"@type":"ListItem","position":1,"name":"Home","item":"https:\/\/www.displayhersteller.de\/ratgeber"},{"@type":"ListItem","position":2,"name":"Messestadt K\u00f6ln: Messen, Events &#038; Highlights in der Domstadt"}]},{"@type":"WebSite","@id":"https:\/\/www.displayhersteller.de\/ratgeber\/#website","url":"https:\/\/www.displayhersteller.de\/ratgeber\/","name":"displayhersteller Ratgeber","description":"Informative Beitr\u00e4ge zu Messest\u00e4nden, Werbeaufstellern f\u00fcr Messen, Events und Veranstaltungen","potentialAction":[{"@type":"SearchAction","target":{"@type":"EntryPoint","urlTemplate":"https:\/\/www.displayhersteller.de\/ratgeber\/?s={search_term_string}"},"query-input":{"@type":"PropertyValueSpecification","valueRequired":true,"valueName":"search_term_string"}}],"inLanguage":"de"},{"@type":"Person","@id":"https:\/\/www.displayhersteller.de\/ratgeber\/#\/schema\/person\/1300a732ee83919ebb218862e2c750c7","name":"Selin Alica","image":{"@type":"ImageObject","inLanguage":"de","@id":"https:\/\/secure.gravatar.com\/avatar\/650c55b627ba9992a08d890f7aa957ebf15c0e3479fbe7a420fa4fec345b976a?s=96&d=mm&r=g","url":"https:\/\/secure.gravatar.com\/avatar\/650c55b627ba9992a08d890f7aa957ebf15c0e3479fbe7a420fa4fec345b976a?s=96&d=mm&r=g","contentUrl":"https:\/\/secure.gravatar.com\/avatar\/650c55b627ba9992a08d890f7aa957ebf15c0e3479fbe7a420fa4fec345b976a?s=96&d=mm&r=g","caption":"Selin Alica"},"description":"Selin ist offiziell seit 2024 Teil des Teams von Displayhersteller.de und bringt frischen Wind sowie ein feines Gesp\u00fcr f\u00fcr Inhalte mit. Als Mediengestalterin mit Schwerpunkt Content Management sorgt sie daf\u00fcr, dass alle Informationen rund um unsere Produkte strukturiert, ansprechend und informativ aufbereitet sind. Messe-DNA hat sie quasi im Blut \u2013 aufgewachsen in einem familiengef\u00fchrten Messebauunternehmen, kennt sie die Branche von Grund auf. Ihre Mischung aus Textsicherheit und Messeerfahrung macht sie zu einer wertvollen Stimme im Ratgeber von Displayhersteller.de.","sameAs":["https:\/\/www.displayhersteller.de\/de\/","https:\/\/www.facebook.com\/displayhersteller","https:\/\/www.instagram.com\/displayhersteller\/","https:\/\/www.linkedin.com\/company\/12794866\/admin\/page-posts\/published\/","https:\/\/www.youtube.com\/@displayhersteller"],"url":"https:\/\/www.displayhersteller.de\/ratgeber\/author\/selin"}]}},"modified_by":"Jonas Dollhofer","_links":{"self":[{"href":"https:\/\/www.displayhersteller.de\/ratgeber\/wp-json\/wp\/v2\/posts\/5494","targetHints":{"allow":["GET"]}}],"collection":[{"href":"https:\/\/www.displayhersteller.de\/ratgeber\/wp-json\/wp\/v2\/posts"}],"about":[{"href":"https:\/\/www.displayhersteller.de\/ratgeber\/wp-json\/wp\/v2\/types\/post"}],"author":[{"embeddable":true,"href":"https:\/\/www.displayhersteller.de\/ratgeber\/wp-json\/wp\/v2\/users\/11"}],"replies":[{"embeddable":true,"href":"https:\/\/www.displayhersteller.de\/ratgeber\/wp-json\/wp\/v2\/comments?post=5494"}],"version-history":[{"count":27,"href":"https:\/\/www.displayhersteller.de\/ratgeber\/wp-json\/wp\/v2\/posts\/5494\/revisions"}],"predecessor-version":[{"id":10508,"href":"https:\/\/www.displayhersteller.de\/ratgeber\/wp-json\/wp\/v2\/posts\/5494\/revisions\/10508"}],"wp:featuredmedia":[{"embeddable":true,"href":"https:\/\/www.displayhersteller.de\/ratgeber\/wp-json\/wp\/v2\/media\/5504"}],"wp:attachment":[{"href":"https:\/\/www.displayhersteller.de\/ratgeber\/wp-json\/wp\/v2\/media?parent=5494"}],"wp:term":[{"taxonomy":"category","embeddable":true,"href":"https:\/\/www.displayhersteller.de\/ratgeber\/wp-json\/wp\/v2\/categories?post=5494"},{"taxonomy":"post_tag","embeddable":true,"href":"https:\/\/www.displayhersteller.de\/ratgeber\/wp-json\/wp\/v2\/tags?post=5494"}],"curies":[{"name":"wp","href":"https:\/\/api.w.org\/{rel}","templated":true}]}}