{"id":5883,"date":"2023-05-08T16:29:09","date_gmt":"2023-05-08T14:29:09","guid":{"rendered":"https:\/\/www.displayhersteller.de\/ratgeber\/?p=5883"},"modified":"2026-03-02T16:09:18","modified_gmt":"2026-03-02T15:09:18","slug":"messestandort-stuttgart","status":"publish","type":"post","link":"https:\/\/www.displayhersteller.de\/ratgeber\/messestaedte\/messestandort-stuttgart","title":{"rendered":"Messestadt Stuttgart: Messegel\u00e4nde, Leitmessen und Planungstipps"},"content":{"rendered":"<div class=\"pld-like-dislike-wrap pld-template-1\">\r\n    <div class=\"pld-like-wrap  pld-common-wrap\">\r\n    <a href=\"javascript:void(0)\" class=\"pld-like-trigger pld-like-dislike-trigger  \" title=\"Gef\u00e4llt mir\" data-post-id=\"5883\" data-trigger-type=\"like\" data-restriction=\"cookie\" data-already-liked=\"0\">\r\n                        <i class=\"fas fa-thumbs-up\"><\/i>\r\n                <\/a>\r\n    <span class=\"pld-like-count-wrap pld-count-wrap\">    <\/span>\r\n<\/div><\/div>[vc_row type=&#8221;in_container&#8221; full_screen_row_position=&#8221;middle&#8221; column_margin=&#8221;default&#8221; column_direction=&#8221;default&#8221; column_direction_tablet=&#8221;default&#8221; column_direction_phone=&#8221;default&#8221; scene_position=&#8221;center&#8221; text_color=&#8221;dark&#8221; text_align=&#8221;left&#8221; row_border_radius=&#8221;none&#8221; row_border_radius_applies=&#8221;bg&#8221; overflow=&#8221;visible&#8221; overlay_strength=&#8221;0.3&#8243; gradient_direction=&#8221;left_to_right&#8221; shape_divider_position=&#8221;bottom&#8221; bg_image_animation=&#8221;none&#8221;][vc_column column_padding=&#8221;no-extra-padding&#8221; column_padding_tablet=&#8221;inherit&#8221; column_padding_phone=&#8221;inherit&#8221; column_padding_position=&#8221;all&#8221; column_element_direction_desktop=&#8221;default&#8221; column_element_spacing=&#8221;default&#8221; desktop_text_alignment=&#8221;default&#8221; tablet_text_alignment=&#8221;default&#8221; phone_text_alignment=&#8221;default&#8221; background_color_opacity=&#8221;1&#8243; background_hover_color_opacity=&#8221;1&#8243; column_backdrop_filter=&#8221;none&#8221; column_shadow=&#8221;none&#8221; column_border_radius=&#8221;none&#8221; column_link_target=&#8221;_self&#8221; column_position=&#8221;default&#8221; gradient_direction=&#8221;left_to_right&#8221; overlay_strength=&#8221;0.3&#8243; width=&#8221;1\/1&#8243; tablet_width_inherit=&#8221;default&#8221; animation_type=&#8221;default&#8221; bg_image_animation=&#8221;none&#8221; border_type=&#8221;simple&#8221; column_border_width=&#8221;none&#8221; column_border_style=&#8221;solid&#8221;][vc_column_text]Der Messe Stuttgart-Standort ist ein wichtiger Treffpunkt f\u00fcr Unternehmen, Fachleute und Besucher aus unterschiedlichen Branchen und Regionen. Die Stadt Stuttgart liegt im Herzen Baden-W\u00fcrttembergs und ist insbesondere f\u00fcr ihre starke Industrie, Forschung und Innovationskraft bekannt.<br \/>\nDas moderne Messegel\u00e4nde bietet optimale Voraussetzungen f\u00fcr vielf\u00e4ltige <a title=\"Messest\u00e4nde\" href=\"https:\/\/www.displayhersteller.de\/de\/messestaende-sets\">Messest\u00e4nde<\/a> \u2013 von kompakten Systemst\u00e4nden bis hin zu individuell geplanten Gro\u00dfst\u00e4nden \u2013 und schafft damit ideale Bedingungen f\u00fcr eine wirkungsvolle Markenpr\u00e4sentation.<\/p>\n<div id=\"ez-toc-container\" class=\"ez-toc-v2_0_82_2 counter-hierarchy ez-toc-counter ez-toc-grey ez-toc-container-direction\">\n<div class=\"ez-toc-title-container\">\n<p class=\"ez-toc-title\" style=\"cursor:inherit\">Inhaltsverzeichnis<\/p>\n<span class=\"ez-toc-title-toggle\"><a href=\"#\" class=\"ez-toc-pull-right ez-toc-btn ez-toc-btn-xs ez-toc-btn-default ez-toc-toggle\" aria-label=\"Toggle Table of Content\"><span class=\"ez-toc-js-icon-con\"><span class=\"\"><span class=\"eztoc-hide\" style=\"display:none;\">Toggle<\/span><span class=\"ez-toc-icon-toggle-span\"><svg style=\"fill: #999;color:#999\" xmlns=\"http:\/\/www.w3.org\/2000\/svg\" class=\"list-377408\" width=\"20px\" height=\"20px\" viewBox=\"0 0 24 24\" fill=\"none\"><path d=\"M6 6H4v2h2V6zm14 0H8v2h12V6zM4 11h2v2H4v-2zm16 0H8v2h12v-2zM4 16h2v2H4v-2zm16 0H8v2h12v-2z\" fill=\"currentColor\"><\/path><\/svg><svg style=\"fill: #999;color:#999\" class=\"arrow-unsorted-368013\" xmlns=\"http:\/\/www.w3.org\/2000\/svg\" width=\"10px\" height=\"10px\" viewBox=\"0 0 24 24\" version=\"1.2\" baseProfile=\"tiny\"><path d=\"M18.2 9.3l-6.2-6.3-6.2 6.3c-.2.2-.3.4-.3.7s.1.5.3.7c.2.2.4.3.7.3h11c.3 0 .5-.1.7-.3.2-.2.3-.5.3-.7s-.1-.5-.3-.7zM5.8 14.7l6.2 6.3 6.2-6.3c.2-.2.3-.5.3-.7s-.1-.5-.3-.7c-.2-.2-.4-.3-.7-.3h-11c-.3 0-.5.1-.7.3-.2.2-.3.5-.3.7s.1.5.3.7z\"\/><\/svg><\/span><\/span><\/span><\/a><\/span><\/div>\n<nav><ul class='ez-toc-list ez-toc-list-level-1 ' ><li class='ez-toc-page-1 ez-toc-heading-level-2'><a class=\"ez-toc-link ez-toc-heading-1\" href=\"https:\/\/www.displayhersteller.de\/ratgeber\/messestaedte\/messestandort-stuttgart\/#Geschichte_des_Messestandorts_Stuttgart\" >Geschichte des Messestandorts Stuttgart<\/a><\/li><li class='ez-toc-page-1 ez-toc-heading-level-2'><a class=\"ez-toc-link ez-toc-heading-2\" href=\"https:\/\/www.displayhersteller.de\/ratgeber\/messestaedte\/messestandort-stuttgart\/#Fakten_ueber_den_Messestandort_Stuttgart\" >Fakten \u00fcber den Messestandort Stuttgart<\/a><\/li><li class='ez-toc-page-1 ez-toc-heading-level-2'><a class=\"ez-toc-link ez-toc-heading-3\" href=\"https:\/\/www.displayhersteller.de\/ratgeber\/messestaedte\/messestandort-stuttgart\/#Bekannte_Messen_in_Stuttgart\" >Bekannte Messen in Stuttgart<\/a><\/li><li class='ez-toc-page-1 ez-toc-heading-level-2'><a class=\"ez-toc-link ez-toc-heading-4\" href=\"https:\/\/www.displayhersteller.de\/ratgeber\/messestaedte\/messestandort-stuttgart\/#CTM_in_Stuttgart\" >CTM in Stuttgart<\/a><\/li><li class='ez-toc-page-1 ez-toc-heading-level-2'><a class=\"ez-toc-link ez-toc-heading-5\" href=\"https:\/\/www.displayhersteller.de\/ratgeber\/messestaedte\/messestandort-stuttgart\/#AMB_Messe_in_Stuttgart\" >AMB Messe in Stuttgart<\/a><\/li><li class='ez-toc-page-1 ez-toc-heading-level-2'><a class=\"ez-toc-link ez-toc-heading-6\" href=\"https:\/\/www.displayhersteller.de\/ratgeber\/messestaedte\/messestandort-stuttgart\/#Interbad_in_Stuttgart\" >Interbad in Stuttgart<\/a><\/li><li class='ez-toc-page-1 ez-toc-heading-level-2'><a class=\"ez-toc-link ez-toc-heading-7\" href=\"https:\/\/www.displayhersteller.de\/ratgeber\/messestaedte\/messestandort-stuttgart\/#Wichtige_Termine_im_Ueberblick\" >Wichtige Termine im \u00dcberblick:<\/a><\/li><li class='ez-toc-page-1 ez-toc-heading-level-2'><a class=\"ez-toc-link ez-toc-heading-8\" href=\"https:\/\/www.displayhersteller.de\/ratgeber\/messestaedte\/messestandort-stuttgart\/#Fazit\" >Fazit<\/a><\/li><\/ul><\/nav><\/div>\n[\/vc_column_text][\/vc_column][\/vc_row][vc_row type=&#8221;in_container&#8221; full_screen_row_position=&#8221;middle&#8221; column_margin=&#8221;default&#8221; column_direction=&#8221;default&#8221; column_direction_tablet=&#8221;default&#8221; column_direction_phone=&#8221;default&#8221; scene_position=&#8221;center&#8221; text_color=&#8221;dark&#8221; text_align=&#8221;left&#8221; row_border_radius=&#8221;none&#8221; row_border_radius_applies=&#8221;bg&#8221; overflow=&#8221;visible&#8221; overlay_strength=&#8221;0.3&#8243; gradient_direction=&#8221;left_to_right&#8221; shape_divider_position=&#8221;bottom&#8221; bg_image_animation=&#8221;none&#8221;][vc_column column_padding=&#8221;no-extra-padding&#8221; column_padding_tablet=&#8221;inherit&#8221; column_padding_phone=&#8221;inherit&#8221; column_padding_position=&#8221;all&#8221; column_element_direction_desktop=&#8221;default&#8221; column_element_spacing=&#8221;default&#8221; desktop_text_alignment=&#8221;default&#8221; tablet_text_alignment=&#8221;default&#8221; phone_text_alignment=&#8221;default&#8221; background_color_opacity=&#8221;1&#8243; background_hover_color_opacity=&#8221;1&#8243; column_backdrop_filter=&#8221;none&#8221; column_shadow=&#8221;none&#8221; column_border_radius=&#8221;none&#8221; column_link_target=&#8221;_self&#8221; column_position=&#8221;default&#8221; gradient_direction=&#8221;left_to_right&#8221; overlay_strength=&#8221;0.3&#8243; width=&#8221;1\/1&#8243; tablet_width_inherit=&#8221;default&#8221; animation_type=&#8221;default&#8221; bg_image_animation=&#8221;none&#8221; border_type=&#8221;simple&#8221; column_border_width=&#8221;none&#8221; column_border_style=&#8221;solid&#8221;][vc_column_text]\n<h2><span class=\"ez-toc-section\" id=\"Geschichte_des_Messestandorts_Stuttgart\"><\/span>Geschichte des Messestandorts Stuttgart<span class=\"ez-toc-section-end\"><\/span><\/h2>\n<p>Die Geschichte des Messestandorts Stuttgart geht zur\u00fcck bis ins Jahr 1907, als die erste Messe in Stuttgart stattfand. Die Ausstellung war ein Erfolg und wurde in den folgenden Jahren regelm\u00e4\u00dfig veranstaltet. W\u00e4hrend des Zweiten Weltkriegs wurde das Messegel\u00e4nde in Stuttgart zerst\u00f6rt, aber in den 1950er Jahren wieder aufgebaut und erweitert. In den 1960er Jahren wurde die Messe Stuttgart international bekannt, als hier die erste Internationale Fachmesse f\u00fcr Metallverarbeitung stattfand. In den folgenden Jahren wurden weitere gro\u00dfe Messen in Stuttgart veranstaltet, wie zum Beispiel die Internationale Automobil-Ausstellung (IAA) und die Internationale Handwerksmesse. Heute ist die Messe Stuttgart ein moderner Veranstaltungsort mit einem breiten Spektrum an Messen und Ausstellungen. Es finden j\u00e4hrlich \u00fcber 20 Messen und Veranstaltungen statt, zu denen mehr als eine Million Besucher aus aller Welt kommen. Dabei hat sich die Messe Stuttgart auf verschiedene Branchen spezialisiert, wie zum Beispiel die Bereiche Automobil, Maschinenbau, Luftfahrt, Tourismus und Freizeit.[\/vc_column_text][\/vc_column][\/vc_row][vc_row type=&#8221;in_container&#8221; full_screen_row_position=&#8221;middle&#8221; column_margin=&#8221;default&#8221; column_direction=&#8221;default&#8221; column_direction_tablet=&#8221;default&#8221; column_direction_phone=&#8221;default&#8221; scene_position=&#8221;center&#8221; text_color=&#8221;dark&#8221; text_align=&#8221;left&#8221; row_border_radius=&#8221;none&#8221; row_border_radius_applies=&#8221;bg&#8221; overflow=&#8221;visible&#8221; overlay_strength=&#8221;0.3&#8243; gradient_direction=&#8221;left_to_right&#8221; shape_divider_position=&#8221;bottom&#8221; bg_image_animation=&#8221;none&#8221;][vc_column column_padding=&#8221;no-extra-padding&#8221; column_padding_tablet=&#8221;inherit&#8221; column_padding_phone=&#8221;inherit&#8221; column_padding_position=&#8221;all&#8221; column_element_direction_desktop=&#8221;default&#8221; column_element_spacing=&#8221;default&#8221; desktop_text_alignment=&#8221;default&#8221; tablet_text_alignment=&#8221;default&#8221; phone_text_alignment=&#8221;default&#8221; background_color_opacity=&#8221;1&#8243; background_hover_color_opacity=&#8221;1&#8243; column_backdrop_filter=&#8221;none&#8221; column_shadow=&#8221;none&#8221; column_border_radius=&#8221;none&#8221; column_link_target=&#8221;_self&#8221; column_position=&#8221;default&#8221; gradient_direction=&#8221;left_to_right&#8221; overlay_strength=&#8221;0.3&#8243; width=&#8221;1\/1&#8243; tablet_width_inherit=&#8221;default&#8221; animation_type=&#8221;default&#8221; bg_image_animation=&#8221;none&#8221; border_type=&#8221;simple&#8221; column_border_width=&#8221;none&#8221; column_border_style=&#8221;solid&#8221;][vc_column_text]\n<h2><span class=\"ez-toc-section\" id=\"Fakten_ueber_den_Messestandort_Stuttgart\"><\/span>Fakten \u00fcber den Messestandort Stuttgart<span class=\"ez-toc-section-end\"><\/span><\/h2>\n<p>Die Messe Stuttgart ist einer der wichtigsten Messestandorte in Deutschland und Europa. Das Messegel\u00e4nde hat eine Fl\u00e4che von mehr als 120.000 Quadratmetern und bietet Platz f\u00fcr mehr als 1.500 Aussteller. Jedes Jahr finden hier mehr als 20 Messen und Ausstellungen statt, die Besucher aus der ganzen Welt anziehen. Die Messe Stuttgart ist gut mit \u00f6ffentlichen Verkehrsmitteln erreichbar und verf\u00fcgt \u00fcber eine Vielzahl von Parkpl\u00e4tzen f\u00fcr Besucher, die mit dem Auto anreisen.[\/vc_column_text][\/vc_column][\/vc_row][vc_row type=&#8221;in_container&#8221; full_screen_row_position=&#8221;middle&#8221; column_margin=&#8221;default&#8221; column_direction=&#8221;default&#8221; column_direction_tablet=&#8221;default&#8221; column_direction_phone=&#8221;default&#8221; scene_position=&#8221;center&#8221; text_color=&#8221;dark&#8221; text_align=&#8221;left&#8221; row_border_radius=&#8221;none&#8221; row_border_radius_applies=&#8221;bg&#8221; overflow=&#8221;visible&#8221; overlay_strength=&#8221;0.3&#8243; gradient_direction=&#8221;left_to_right&#8221; shape_divider_position=&#8221;bottom&#8221; bg_image_animation=&#8221;none&#8221;][vc_column column_padding=&#8221;no-extra-padding&#8221; column_padding_tablet=&#8221;inherit&#8221; column_padding_phone=&#8221;inherit&#8221; column_padding_position=&#8221;all&#8221; column_element_direction_desktop=&#8221;default&#8221; column_element_spacing=&#8221;default&#8221; desktop_text_alignment=&#8221;default&#8221; tablet_text_alignment=&#8221;default&#8221; phone_text_alignment=&#8221;default&#8221; background_color_opacity=&#8221;1&#8243; background_hover_color_opacity=&#8221;1&#8243; column_backdrop_filter=&#8221;none&#8221; column_shadow=&#8221;none&#8221; column_border_radius=&#8221;none&#8221; column_link_target=&#8221;_self&#8221; column_position=&#8221;default&#8221; gradient_direction=&#8221;left_to_right&#8221; overlay_strength=&#8221;0.3&#8243; width=&#8221;1\/1&#8243; tablet_width_inherit=&#8221;default&#8221; animation_type=&#8221;default&#8221; bg_image_animation=&#8221;none&#8221; border_type=&#8221;simple&#8221; column_border_width=&#8221;none&#8221; column_border_style=&#8221;solid&#8221;][vc_column_text]\n<h2><span class=\"ez-toc-section\" id=\"Bekannte_Messen_in_Stuttgart\"><\/span>Bekannte Messen in Stuttgart<span class=\"ez-toc-section-end\"><\/span><\/h2>\n<p>Die Messe Stuttgart ist bekannt f\u00fcr ihre internationalen Messen in verschiedenen Branchen, wie der AMB, Interbad, Control und der CMT. Dar\u00fcber hinaus gibt es auch eine Vielzahl von regionalen und nationalen Messen in Bereichen wie Gartenbau, Wein, Gesundheit und Bildung. Die Messe Stuttgart ist nicht nur ein wichtiger Ort f\u00fcr Gesch\u00e4fte und Handel, sondern auch ein wichtiger Ort f\u00fcr Kultur und Bildung. Auf der Messe finden regelm\u00e4\u00dfig Konzerte, Lesungen und Vortr\u00e4ge statt. Auch Schulen und Universit\u00e4ten nutzen die Messe als Ort f\u00fcr Bildungsveranstaltungen.[\/vc_column_text][\/vc_column][\/vc_row][vc_row type=&#8221;in_container&#8221; full_screen_row_position=&#8221;middle&#8221; column_margin=&#8221;default&#8221; column_direction=&#8221;default&#8221; column_direction_tablet=&#8221;default&#8221; column_direction_phone=&#8221;default&#8221; scene_position=&#8221;center&#8221; text_color=&#8221;dark&#8221; text_align=&#8221;left&#8221; row_border_radius=&#8221;none&#8221; row_border_radius_applies=&#8221;bg&#8221; overflow=&#8221;visible&#8221; overlay_strength=&#8221;0.3&#8243; gradient_direction=&#8221;left_to_right&#8221; shape_divider_position=&#8221;bottom&#8221; bg_image_animation=&#8221;none&#8221;][vc_column column_padding=&#8221;no-extra-padding&#8221; column_padding_tablet=&#8221;inherit&#8221; column_padding_phone=&#8221;inherit&#8221; column_padding_position=&#8221;all&#8221; column_element_direction_desktop=&#8221;default&#8221; column_element_spacing=&#8221;default&#8221; desktop_text_alignment=&#8221;default&#8221; tablet_text_alignment=&#8221;default&#8221; phone_text_alignment=&#8221;default&#8221; background_color_opacity=&#8221;1&#8243; background_hover_color_opacity=&#8221;1&#8243; column_backdrop_filter=&#8221;none&#8221; column_shadow=&#8221;none&#8221; column_border_radius=&#8221;none&#8221; column_link_target=&#8221;_self&#8221; column_position=&#8221;default&#8221; gradient_direction=&#8221;left_to_right&#8221; overlay_strength=&#8221;0.3&#8243; width=&#8221;1\/1&#8243; tablet_width_inherit=&#8221;default&#8221; animation_type=&#8221;default&#8221; bg_image_animation=&#8221;none&#8221; border_type=&#8221;simple&#8221; column_border_width=&#8221;none&#8221; column_border_style=&#8221;solid&#8221;][vc_column_text]\n<h2><span class=\"ez-toc-section\" id=\"CTM_in_Stuttgart\"><\/span>CTM in Stuttgart<span class=\"ez-toc-section-end\"><\/span><\/h2>\n[\/vc_column_text][\/vc_column][\/vc_row][vc_row type=&#8221;in_container&#8221; full_screen_row_position=&#8221;middle&#8221; column_margin=&#8221;default&#8221; column_direction=&#8221;default&#8221; column_direction_tablet=&#8221;default&#8221; column_direction_phone=&#8221;default&#8221; scene_position=&#8221;center&#8221; text_color=&#8221;dark&#8221; text_align=&#8221;left&#8221; row_border_radius=&#8221;none&#8221; row_border_radius_applies=&#8221;bg&#8221; overflow=&#8221;visible&#8221; overlay_strength=&#8221;0.3&#8243; gradient_direction=&#8221;left_to_right&#8221; shape_divider_position=&#8221;bottom&#8221; bg_image_animation=&#8221;none&#8221;][vc_column column_padding=&#8221;no-extra-padding&#8221; column_padding_tablet=&#8221;inherit&#8221; column_padding_phone=&#8221;inherit&#8221; column_padding_position=&#8221;all&#8221; column_element_direction_desktop=&#8221;default&#8221; column_element_spacing=&#8221;default&#8221; desktop_text_alignment=&#8221;default&#8221; tablet_text_alignment=&#8221;default&#8221; phone_text_alignment=&#8221;default&#8221; background_color_opacity=&#8221;1&#8243; background_hover_color_opacity=&#8221;1&#8243; column_backdrop_filter=&#8221;none&#8221; column_shadow=&#8221;none&#8221; column_border_radius=&#8221;none&#8221; column_link_target=&#8221;_self&#8221; column_position=&#8221;default&#8221; gradient_direction=&#8221;left_to_right&#8221; overlay_strength=&#8221;0.3&#8243; width=&#8221;2\/3&#8243; tablet_width_inherit=&#8221;default&#8221; animation_type=&#8221;default&#8221; bg_image_animation=&#8221;none&#8221; border_type=&#8221;simple&#8221; column_border_width=&#8221;none&#8221; column_border_style=&#8221;solid&#8221;][vc_column_text]CTM steht f\u00fcr &#8220;Control Technology &amp; Maintenance&#8221; und ist eine internationale Fachmesse f\u00fcr Automatisierungs-, Steuerungs- und Instandhaltungstechnik. Sie findet in Stuttgart, Deutschland, statt, das aufgrund seiner zentralen Lage und der ausgezeichneten Verkehrsinfrastruktur ein hervorragender Standort f\u00fcr Messen ist. Die CTM-Messe in Stuttgart zieht Aussteller und Besucher aus der ganzen Welt an, die sich f\u00fcr die neuesten Entwicklungen in der Automatisierungs- und Steuerungstechnik interessieren. Die Veranstaltung zeigt ein breites Spektrum an Produkten und Dienstleistungen aus verschiedenen Bereichen, darunter Luft- und Raumfahrt, Automobilbau, Maschinenbau und mehr.[\/vc_column_text][\/vc_column][vc_column column_padding=&#8221;no-extra-padding&#8221; column_padding_tablet=&#8221;inherit&#8221; column_padding_phone=&#8221;inherit&#8221; column_padding_position=&#8221;all&#8221; column_element_direction_desktop=&#8221;default&#8221; column_element_spacing=&#8221;default&#8221; desktop_text_alignment=&#8221;default&#8221; tablet_text_alignment=&#8221;default&#8221; phone_text_alignment=&#8221;default&#8221; background_color_opacity=&#8221;1&#8243; background_hover_color_opacity=&#8221;1&#8243; column_backdrop_filter=&#8221;none&#8221; column_shadow=&#8221;none&#8221; column_border_radius=&#8221;none&#8221; column_link_target=&#8221;_self&#8221; column_position=&#8221;default&#8221; gradient_direction=&#8221;left_to_right&#8221; overlay_strength=&#8221;0.3&#8243; width=&#8221;1\/3&#8243; tablet_width_inherit=&#8221;default&#8221; animation_type=&#8221;default&#8221; bg_image_animation=&#8221;none&#8221; border_type=&#8221;simple&#8221; column_border_width=&#8221;none&#8221; column_border_style=&#8221;solid&#8221;][image_with_animation image_url=&#8221;5887&#8243; image_size=&#8221;full&#8221; animation_type=&#8221;entrance&#8221; animation=&#8221;None&#8221; animation_movement_type=&#8221;transform_y&#8221; hover_animation=&#8221;zoom&#8221; alignment=&#8221;&#8221; img_link_large=&#8221;yes&#8221; border_radius=&#8221;none&#8221; box_shadow=&#8221;none&#8221; image_loading=&#8221;default&#8221; max_width=&#8221;100%&#8221; max_width_mobile=&#8221;default&#8221;][\/vc_column][\/vc_row][vc_row type=&#8221;in_container&#8221; full_screen_row_position=&#8221;middle&#8221; column_margin=&#8221;default&#8221; column_direction=&#8221;default&#8221; column_direction_tablet=&#8221;default&#8221; column_direction_phone=&#8221;default&#8221; scene_position=&#8221;center&#8221; text_color=&#8221;dark&#8221; text_align=&#8221;left&#8221; row_border_radius=&#8221;none&#8221; row_border_radius_applies=&#8221;bg&#8221; overflow=&#8221;visible&#8221; overlay_strength=&#8221;0.3&#8243; gradient_direction=&#8221;left_to_right&#8221; shape_divider_position=&#8221;bottom&#8221; bg_image_animation=&#8221;none&#8221;][vc_column column_padding=&#8221;no-extra-padding&#8221; column_padding_tablet=&#8221;inherit&#8221; column_padding_phone=&#8221;inherit&#8221; column_padding_position=&#8221;all&#8221; column_element_direction_desktop=&#8221;default&#8221; column_element_spacing=&#8221;default&#8221; desktop_text_alignment=&#8221;default&#8221; tablet_text_alignment=&#8221;default&#8221; phone_text_alignment=&#8221;default&#8221; background_color_opacity=&#8221;1&#8243; background_hover_color_opacity=&#8221;1&#8243; column_backdrop_filter=&#8221;none&#8221; column_shadow=&#8221;none&#8221; column_border_radius=&#8221;none&#8221; column_link_target=&#8221;_self&#8221; column_position=&#8221;default&#8221; gradient_direction=&#8221;left_to_right&#8221; overlay_strength=&#8221;0.3&#8243; width=&#8221;1\/1&#8243; tablet_width_inherit=&#8221;default&#8221; animation_type=&#8221;default&#8221; bg_image_animation=&#8221;none&#8221; border_type=&#8221;simple&#8221; column_border_width=&#8221;none&#8221; column_border_style=&#8221;solid&#8221;][vc_column_text]Auf der Messe haben die Besucher die M\u00f6glichkeit, sich \u00fcber die neuesten Trends und Innovationen in der Automatisierungs- und Steuerungstechnik zu informieren, an Seminaren und Workshops teilzunehmen und sich mit Branchenexperten und Fachleuten auszutauschen. Stuttgart ist ein idealer Standort f\u00fcr die CTM-Messe, da es seit langem als Innovationszentrum in Deutschland gilt. Die Stadt beherbergt viele gro\u00dfe Maschinenbau- und Technologieunternehmen sowie weltbekannte Universit\u00e4ten und Forschungseinrichtungen. Au\u00dferdem ist die Messe Stuttgart, auf der die CTM-Messe stattfindet, ein hochmodernes Messegel\u00e4nde mit moderner Ausstattung und hervorragender Infrastruktur. Das Zentrum ist mit dem Auto, der Bahn und dem Flugzeug leicht zu erreichen, so dass Besucher und Aussteller die Veranstaltung bequem besuchen k\u00f6nnen.[\/vc_column_text][\/vc_column][\/vc_row][vc_row type=&#8221;in_container&#8221; full_screen_row_position=&#8221;middle&#8221; column_margin=&#8221;default&#8221; column_direction=&#8221;default&#8221; column_direction_tablet=&#8221;default&#8221; column_direction_phone=&#8221;default&#8221; scene_position=&#8221;center&#8221; text_color=&#8221;dark&#8221; text_align=&#8221;left&#8221; row_border_radius=&#8221;none&#8221; row_border_radius_applies=&#8221;bg&#8221; overflow=&#8221;visible&#8221; overlay_strength=&#8221;0.3&#8243; gradient_direction=&#8221;left_to_right&#8221; shape_divider_position=&#8221;bottom&#8221; bg_image_animation=&#8221;none&#8221;][vc_column column_padding=&#8221;no-extra-padding&#8221; column_padding_tablet=&#8221;inherit&#8221; column_padding_phone=&#8221;inherit&#8221; column_padding_position=&#8221;all&#8221; column_element_direction_desktop=&#8221;default&#8221; column_element_spacing=&#8221;default&#8221; desktop_text_alignment=&#8221;default&#8221; tablet_text_alignment=&#8221;default&#8221; phone_text_alignment=&#8221;default&#8221; background_color_opacity=&#8221;1&#8243; background_hover_color_opacity=&#8221;1&#8243; column_backdrop_filter=&#8221;none&#8221; column_shadow=&#8221;none&#8221; column_border_radius=&#8221;none&#8221; column_link_target=&#8221;_self&#8221; column_position=&#8221;default&#8221; gradient_direction=&#8221;left_to_right&#8221; overlay_strength=&#8221;0.3&#8243; width=&#8221;1\/1&#8243; tablet_width_inherit=&#8221;default&#8221; animation_type=&#8221;default&#8221; bg_image_animation=&#8221;none&#8221; border_type=&#8221;simple&#8221; column_border_width=&#8221;none&#8221; column_border_style=&#8221;solid&#8221;][vc_column_text]\n<h2><span class=\"ez-toc-section\" id=\"AMB_Messe_in_Stuttgart\"><\/span>AMB Messe in Stuttgart<span class=\"ez-toc-section-end\"><\/span><\/h2>\n<p>Die AMB Messe in Stuttgart ist eine internationale Fachmesse f\u00fcr Metallbearbeitung und geh\u00f6rt zu den bedeutendsten Messen dieser Art in Europa. Sie findet alle zwei Jahre statt und bietet Ausstellern aus der ganzen Welt eine Plattform, um ihre neuesten Produkte, Technologien und Innovationen in den Bereichen Metallbearbeitung, Werkzeugmaschinen und Pr\u00e4zisionswerkzeuge zu pr\u00e4sentieren. Die Messe zieht Tausende von Besuchern aus der Industrie an, darunter Maschinenbauer, Ingenieure, Facharbeiter, Eink\u00e4ufer und Entscheidungstr\u00e4ger. W\u00e4hrend der Veranstaltung k\u00f6nnen die Besucher die neuesten Maschinen, Anlagen und Werkzeuge in Aktion sehen und sich \u00fcber die neuesten Trends und Entwicklungen in der Branche informieren. Die AMB Messe in Stuttgart bietet auch eine ideale Plattform f\u00fcr den Austausch von Wissen und Erfahrungen, da sie ein umfangreiches Rahmenprogramm mit Fachvortr\u00e4gen, Diskussionsrunden und Workshops bietet. Besucher haben die M\u00f6glichkeit, sich \u00fcber die neuesten technologischen Entwicklungen und Innovationen zu informieren, mit Experten in Kontakt zu treten und ihr Fachwissen zu erweitern.[\/vc_column_text][\/vc_column][\/vc_row][vc_row type=&#8221;in_container&#8221; full_screen_row_position=&#8221;middle&#8221; column_margin=&#8221;default&#8221; column_direction=&#8221;default&#8221; column_direction_tablet=&#8221;default&#8221; column_direction_phone=&#8221;default&#8221; scene_position=&#8221;center&#8221; text_color=&#8221;dark&#8221; text_align=&#8221;left&#8221; row_border_radius=&#8221;none&#8221; row_border_radius_applies=&#8221;bg&#8221; overflow=&#8221;visible&#8221; overlay_strength=&#8221;0.3&#8243; gradient_direction=&#8221;left_to_right&#8221; shape_divider_position=&#8221;bottom&#8221; bg_image_animation=&#8221;none&#8221;][vc_column column_padding=&#8221;no-extra-padding&#8221; column_padding_tablet=&#8221;inherit&#8221; column_padding_phone=&#8221;inherit&#8221; column_padding_position=&#8221;all&#8221; column_element_direction_desktop=&#8221;default&#8221; column_element_spacing=&#8221;default&#8221; desktop_text_alignment=&#8221;default&#8221; tablet_text_alignment=&#8221;default&#8221; phone_text_alignment=&#8221;default&#8221; background_color_opacity=&#8221;1&#8243; background_hover_color_opacity=&#8221;1&#8243; column_backdrop_filter=&#8221;none&#8221; column_shadow=&#8221;none&#8221; column_border_radius=&#8221;none&#8221; column_link_target=&#8221;_self&#8221; column_position=&#8221;default&#8221; gradient_direction=&#8221;left_to_right&#8221; overlay_strength=&#8221;0.3&#8243; width=&#8221;1\/1&#8243; tablet_width_inherit=&#8221;default&#8221; animation_type=&#8221;default&#8221; bg_image_animation=&#8221;none&#8221; border_type=&#8221;simple&#8221; column_border_width=&#8221;none&#8221; column_border_style=&#8221;solid&#8221;][vc_column_text]\n<h2><span class=\"ez-toc-section\" id=\"Interbad_in_Stuttgart\"><\/span>Interbad in Stuttgart<span class=\"ez-toc-section-end\"><\/span><\/h2>\n<p>Die Interbad ist eine der weltweit f\u00fchrenden Fachmessen f\u00fcr Schwimmbad-, Sauna- und Spa-Technologie, die alle zwei Jahre in Stuttgart stattfindet. Die Messe zieht Fachleute aus der ganzen Welt an, die sich \u00fcber die neuesten Trends, Produkte und Innovationen in der Schwimmbad- und Wellness-Branche informieren m\u00f6chten. Auf der Interbad pr\u00e4sentieren rund 450 Aussteller aus \u00fcber 30 L\u00e4ndern ihre Produkte und Dienstleistungen. Das Angebot umfasst unter anderem Schwimmb\u00e4der, Saunen, Whirlpools, Dampfb\u00e4der, Solarien, Fitnessger\u00e4te und Wellness-Produkte. Die Messe ist eine wichtige Plattform f\u00fcr die Branche, um Gesch\u00e4ftskontakte zu kn\u00fcpfen, sich auszutauschen und neue Kunden zu gewinnen. Neben der Ausstellung bietet die Interbad auch ein umfangreiches Rahmenprogramm mit Seminaren, Workshops und Fachvortr\u00e4gen zu aktuellen Themen der Branche. Dar\u00fcber hinaus gibt es verschiedene Wettbewerbe, wie den &#8220;European Pool &amp; Spa Award&#8221;, der herausragende Projekte in der Schwimmbad- und Spa-Branche auszeichnet.[\/vc_column_text][\/vc_column][\/vc_row][vc_row type=&#8221;in_container&#8221; full_screen_row_position=&#8221;middle&#8221; column_margin=&#8221;default&#8221; column_direction=&#8221;default&#8221; column_direction_tablet=&#8221;default&#8221; column_direction_phone=&#8221;default&#8221; scene_position=&#8221;center&#8221; text_color=&#8221;dark&#8221; text_align=&#8221;left&#8221; row_border_radius=&#8221;none&#8221; row_border_radius_applies=&#8221;bg&#8221; overflow=&#8221;visible&#8221; overlay_strength=&#8221;0.3&#8243; gradient_direction=&#8221;left_to_right&#8221; shape_divider_position=&#8221;bottom&#8221; bg_image_animation=&#8221;none&#8221;][vc_column column_padding=&#8221;no-extra-padding&#8221; column_padding_tablet=&#8221;inherit&#8221; column_padding_phone=&#8221;inherit&#8221; column_padding_position=&#8221;all&#8221; column_element_direction_desktop=&#8221;default&#8221; column_element_spacing=&#8221;default&#8221; desktop_text_alignment=&#8221;default&#8221; tablet_text_alignment=&#8221;default&#8221; phone_text_alignment=&#8221;default&#8221; background_color_opacity=&#8221;1&#8243; background_hover_color_opacity=&#8221;1&#8243; column_backdrop_filter=&#8221;none&#8221; column_shadow=&#8221;none&#8221; column_border_radius=&#8221;none&#8221; column_link_target=&#8221;_self&#8221; column_position=&#8221;default&#8221; gradient_direction=&#8221;left_to_right&#8221; overlay_strength=&#8221;0.3&#8243; width=&#8221;1\/1&#8243; tablet_width_inherit=&#8221;default&#8221; animation_type=&#8221;default&#8221; bg_image_animation=&#8221;none&#8221; border_type=&#8221;simple&#8221; column_border_width=&#8221;none&#8221; column_border_style=&#8221;solid&#8221;][image_with_animation image_url=&#8221;8093&#8243; image_size=&#8221;full&#8221; animation_type=&#8221;entrance&#8221; animation=&#8221;None&#8221; animation_movement_type=&#8221;transform_y&#8221; hover_animation=&#8221;zoom&#8221; alignment=&#8221;&#8221; img_link_large=&#8221;yes&#8221; border_radius=&#8221;none&#8221; box_shadow=&#8221;none&#8221; image_loading=&#8221;default&#8221; max_width=&#8221;100%&#8221; max_width_mobile=&#8221;default&#8221;][\/vc_column][\/vc_row][vc_row type=&#8221;in_container&#8221; full_screen_row_position=&#8221;middle&#8221; column_margin=&#8221;default&#8221; column_direction=&#8221;default&#8221; column_direction_tablet=&#8221;default&#8221; column_direction_phone=&#8221;default&#8221; scene_position=&#8221;center&#8221; text_color=&#8221;dark&#8221; text_align=&#8221;left&#8221; row_border_radius=&#8221;none&#8221; row_border_radius_applies=&#8221;bg&#8221; overflow=&#8221;visible&#8221; overlay_strength=&#8221;0.3&#8243; gradient_direction=&#8221;left_to_right&#8221; shape_divider_position=&#8221;bottom&#8221; bg_image_animation=&#8221;none&#8221;][vc_column column_padding=&#8221;no-extra-padding&#8221; column_padding_tablet=&#8221;inherit&#8221; column_padding_phone=&#8221;inherit&#8221; column_padding_position=&#8221;all&#8221; column_element_direction_desktop=&#8221;default&#8221; column_element_spacing=&#8221;default&#8221; desktop_text_alignment=&#8221;default&#8221; tablet_text_alignment=&#8221;default&#8221; phone_text_alignment=&#8221;default&#8221; background_color_opacity=&#8221;1&#8243; background_hover_color_opacity=&#8221;1&#8243; column_backdrop_filter=&#8221;none&#8221; column_shadow=&#8221;none&#8221; column_border_radius=&#8221;none&#8221; column_link_target=&#8221;_self&#8221; column_position=&#8221;default&#8221; gradient_direction=&#8221;left_to_right&#8221; overlay_strength=&#8221;0.3&#8243; width=&#8221;1\/1&#8243; tablet_width_inherit=&#8221;default&#8221; animation_type=&#8221;default&#8221; bg_image_animation=&#8221;none&#8221; border_type=&#8221;simple&#8221; column_border_width=&#8221;none&#8221; column_border_style=&#8221;solid&#8221;][vc_column_text]\n<h2><span class=\"ez-toc-section\" id=\"Wichtige_Termine_im_Ueberblick\"><\/span>Wichtige Termine im \u00dcberblick:<span class=\"ez-toc-section-end\"><\/span><\/h2>\n[\/vc_column_text][\/vc_column][\/vc_row][vc_row type=&#8221;in_container&#8221; full_screen_row_position=&#8221;middle&#8221; column_margin=&#8221;default&#8221; column_direction=&#8221;default&#8221; column_direction_tablet=&#8221;default&#8221; column_direction_phone=&#8221;default&#8221; scene_position=&#8221;center&#8221; text_color=&#8221;dark&#8221; text_align=&#8221;left&#8221; row_border_radius=&#8221;none&#8221; row_border_radius_applies=&#8221;bg&#8221; overflow=&#8221;visible&#8221; overlay_strength=&#8221;0.3&#8243; gradient_direction=&#8221;left_to_right&#8221; shape_divider_position=&#8221;bottom&#8221; bg_image_animation=&#8221;none&#8221;][vc_column column_padding=&#8221;no-extra-padding&#8221; column_padding_tablet=&#8221;inherit&#8221; column_padding_phone=&#8221;inherit&#8221; column_padding_position=&#8221;all&#8221; column_element_direction_desktop=&#8221;default&#8221; column_element_spacing=&#8221;default&#8221; desktop_text_alignment=&#8221;default&#8221; tablet_text_alignment=&#8221;default&#8221; phone_text_alignment=&#8221;default&#8221; background_color_opacity=&#8221;1&#8243; background_hover_color_opacity=&#8221;1&#8243; column_backdrop_filter=&#8221;none&#8221; column_shadow=&#8221;none&#8221; column_border_radius=&#8221;none&#8221; column_link_target=&#8221;_self&#8221; column_position=&#8221;default&#8221; gradient_direction=&#8221;left_to_right&#8221; overlay_strength=&#8221;0.3&#8243; width=&#8221;3\/4&#8243; tablet_width_inherit=&#8221;default&#8221; animation_type=&#8221;default&#8221; bg_image_animation=&#8221;none&#8221; border_type=&#8221;simple&#8221; column_border_width=&#8221;none&#8221; column_border_style=&#8221;solid&#8221;]<div class=\"nectar-fancy-ul\" data-list-icon=\"icon-salient-check\" data-animation=\"false\" data-animation-delay=\"0\" data-color=\"accent-color\" data-spacing=\"default\" data-alignment=\"left\"> \n<ul>\n<li>CMT: 16. &#8211; 24- Januar 2027<\/li>\n<li>Yogaworld: 10. &#8211; 12. April 2026<\/li>\n<li>Medtec Live: 05. &#8211; 07. Mai 2026<\/li>\n<li>Messe FAIR HANDELN: 09. &#8211; 12. April 2026<\/li>\n<\/ul>\n <\/div>[\/vc_column][vc_column column_padding=&#8221;no-extra-padding&#8221; column_padding_tablet=&#8221;inherit&#8221; column_padding_phone=&#8221;inherit&#8221; column_padding_position=&#8221;all&#8221; column_element_direction_desktop=&#8221;default&#8221; column_element_spacing=&#8221;default&#8221; desktop_text_alignment=&#8221;default&#8221; tablet_text_alignment=&#8221;default&#8221; phone_text_alignment=&#8221;default&#8221; background_color_opacity=&#8221;1&#8243; background_hover_color_opacity=&#8221;1&#8243; column_backdrop_filter=&#8221;none&#8221; column_shadow=&#8221;none&#8221; column_border_radius=&#8221;none&#8221; column_link_target=&#8221;_self&#8221; column_position=&#8221;default&#8221; gradient_direction=&#8221;left_to_right&#8221; overlay_strength=&#8221;0.3&#8243; width=&#8221;1\/4&#8243; tablet_width_inherit=&#8221;default&#8221; animation_type=&#8221;default&#8221; bg_image_animation=&#8221;none&#8221; border_type=&#8221;simple&#8221; column_border_width=&#8221;none&#8221; column_border_style=&#8221;solid&#8221;][image_with_animation image_url=&#8221;5885&#8243; image_size=&#8221;full&#8221; animation_type=&#8221;entrance&#8221; animation=&#8221;None&#8221; animation_movement_type=&#8221;transform_y&#8221; hover_animation=&#8221;zoom&#8221; alignment=&#8221;&#8221; img_link_large=&#8221;yes&#8221; border_radius=&#8221;none&#8221; box_shadow=&#8221;none&#8221; image_loading=&#8221;default&#8221; max_width=&#8221;100%&#8221; max_width_mobile=&#8221;default&#8221;][image_with_animation image_url=&#8221;5886&#8243; image_size=&#8221;full&#8221; animation_type=&#8221;entrance&#8221; animation=&#8221;None&#8221; animation_movement_type=&#8221;transform_y&#8221; hover_animation=&#8221;zoom&#8221; alignment=&#8221;&#8221; img_link_large=&#8221;yes&#8221; border_radius=&#8221;none&#8221; box_shadow=&#8221;none&#8221; image_loading=&#8221;default&#8221; max_width=&#8221;100%&#8221; max_width_mobile=&#8221;default&#8221;][\/vc_column][\/vc_row][vc_row type=&#8221;in_container&#8221; full_screen_row_position=&#8221;middle&#8221; column_margin=&#8221;default&#8221; column_direction=&#8221;default&#8221; column_direction_tablet=&#8221;default&#8221; column_direction_phone=&#8221;default&#8221; scene_position=&#8221;center&#8221; text_color=&#8221;dark&#8221; text_align=&#8221;left&#8221; row_border_radius=&#8221;none&#8221; row_border_radius_applies=&#8221;bg&#8221; overflow=&#8221;visible&#8221; overlay_strength=&#8221;0.3&#8243; gradient_direction=&#8221;left_to_right&#8221; shape_divider_position=&#8221;bottom&#8221; bg_image_animation=&#8221;none&#8221;][vc_column column_padding=&#8221;no-extra-padding&#8221; column_padding_tablet=&#8221;inherit&#8221; column_padding_phone=&#8221;inherit&#8221; column_padding_position=&#8221;all&#8221; column_element_direction_desktop=&#8221;default&#8221; column_element_spacing=&#8221;default&#8221; desktop_text_alignment=&#8221;default&#8221; tablet_text_alignment=&#8221;default&#8221; phone_text_alignment=&#8221;default&#8221; background_color_opacity=&#8221;1&#8243; background_hover_color_opacity=&#8221;1&#8243; column_backdrop_filter=&#8221;none&#8221; column_shadow=&#8221;none&#8221; column_border_radius=&#8221;none&#8221; column_link_target=&#8221;_self&#8221; column_position=&#8221;default&#8221; gradient_direction=&#8221;left_to_right&#8221; overlay_strength=&#8221;0.3&#8243; width=&#8221;1\/4&#8243; tablet_width_inherit=&#8221;default&#8221; animation_type=&#8221;default&#8221; bg_image_animation=&#8221;none&#8221; border_type=&#8221;simple&#8221; column_border_width=&#8221;none&#8221; column_border_style=&#8221;solid&#8221;][\/vc_column][vc_column column_padding=&#8221;no-extra-padding&#8221; column_padding_tablet=&#8221;inherit&#8221; column_padding_phone=&#8221;inherit&#8221; column_padding_position=&#8221;all&#8221; column_element_direction_desktop=&#8221;default&#8221; column_element_spacing=&#8221;default&#8221; desktop_text_alignment=&#8221;default&#8221; tablet_text_alignment=&#8221;default&#8221; phone_text_alignment=&#8221;default&#8221; background_color_opacity=&#8221;1&#8243; background_hover_color_opacity=&#8221;1&#8243; column_backdrop_filter=&#8221;none&#8221; column_shadow=&#8221;none&#8221; column_border_radius=&#8221;none&#8221; column_link_target=&#8221;_self&#8221; column_position=&#8221;default&#8221; gradient_direction=&#8221;left_to_right&#8221; overlay_strength=&#8221;0.3&#8243; width=&#8221;1\/2&#8243; tablet_width_inherit=&#8221;default&#8221; animation_type=&#8221;default&#8221; bg_image_animation=&#8221;none&#8221; border_type=&#8221;simple&#8221; column_border_width=&#8221;none&#8221; column_border_style=&#8221;solid&#8221;][nectar_flip_box bg_color=&#8221;#004f9e&#8221; text_color=&#8221;light&#8221; icon_color=&#8221;extra-color-2&#8243; text_color_2=&#8221;dark&#8221; h_text_align=&#8221;center&#8221; v_text_align=&#8221;center&#8221; image_loading=&#8221;default&#8221; flip_direction=&#8221;horizontal-to-left&#8221; front_content=&#8221;Wichtige Daten und Fakten \u00fcber den Messestandort Stuttgart im \u00dcberblick&#8221; icon_fontawesome=&#8221;fa fa-check&#8221; icon_size=&#8221;45&#8243;]Besucherzahlen: ca. 1,1 Millionen pro Jahr<br \/>\nHallengr\u00f6\u00dfe: 120.000 qm<br \/>\nFreigel\u00e4nde: 40.000 qm<br \/>\nAnzahl Messen im Jahr: ca. 25<br \/>\nGr\u00f6\u00dfe Gel\u00e4nde: 160.000 qm[\/nectar_flip_box][\/vc_column][vc_column column_padding=&#8221;no-extra-padding&#8221; column_padding_tablet=&#8221;inherit&#8221; column_padding_phone=&#8221;inherit&#8221; column_padding_position=&#8221;all&#8221; column_element_direction_desktop=&#8221;default&#8221; column_element_spacing=&#8221;default&#8221; desktop_text_alignment=&#8221;default&#8221; tablet_text_alignment=&#8221;default&#8221; phone_text_alignment=&#8221;default&#8221; background_color_opacity=&#8221;1&#8243; background_hover_color_opacity=&#8221;1&#8243; column_backdrop_filter=&#8221;none&#8221; column_shadow=&#8221;none&#8221; column_border_radius=&#8221;none&#8221; column_link_target=&#8221;_self&#8221; column_position=&#8221;default&#8221; gradient_direction=&#8221;left_to_right&#8221; overlay_strength=&#8221;0.3&#8243; width=&#8221;1\/4&#8243; tablet_width_inherit=&#8221;default&#8221; animation_type=&#8221;default&#8221; bg_image_animation=&#8221;none&#8221; border_type=&#8221;simple&#8221; column_border_width=&#8221;none&#8221; column_border_style=&#8221;solid&#8221;][\/vc_column][\/vc_row][vc_row type=&#8221;in_container&#8221; full_screen_row_position=&#8221;middle&#8221; column_margin=&#8221;default&#8221; column_direction=&#8221;default&#8221; column_direction_tablet=&#8221;default&#8221; column_direction_phone=&#8221;default&#8221; scene_position=&#8221;center&#8221; text_color=&#8221;dark&#8221; text_align=&#8221;left&#8221; row_border_radius=&#8221;none&#8221; row_border_radius_applies=&#8221;bg&#8221; overflow=&#8221;visible&#8221; overlay_strength=&#8221;0.3&#8243; gradient_direction=&#8221;left_to_right&#8221; shape_divider_position=&#8221;bottom&#8221; bg_image_animation=&#8221;none&#8221;][vc_column column_padding=&#8221;padding-2-percent&#8221; column_padding_tablet=&#8221;inherit&#8221; column_padding_phone=&#8221;inherit&#8221; column_padding_position=&#8221;all&#8221; column_element_direction_desktop=&#8221;default&#8221; column_element_spacing=&#8221;default&#8221; desktop_text_alignment=&#8221;default&#8221; tablet_text_alignment=&#8221;default&#8221; phone_text_alignment=&#8221;default&#8221; background_color_opacity=&#8221;1&#8243; background_hover_color_opacity=&#8221;1&#8243; column_backdrop_filter=&#8221;none&#8221; column_shadow=&#8221;none&#8221; column_border_radius=&#8221;none&#8221; column_link_target=&#8221;_self&#8221; column_position=&#8221;default&#8221; gradient_direction=&#8221;left_to_right&#8221; overlay_strength=&#8221;0.3&#8243; width=&#8221;1\/1&#8243; tablet_width_inherit=&#8221;default&#8221; animation_type=&#8221;default&#8221; bg_image_animation=&#8221;none&#8221; border_type=&#8221;simple&#8221; column_border_width=&#8221;1px&#8221; column_border_color=&#8221;#333333&#8243; column_border_style=&#8221;solid&#8221; column_padding_type=&#8221;default&#8221; gradient_type=&#8221;default&#8221;][vc_column_text]\n<h2><span class=\"ez-toc-section\" id=\"Fazit\"><\/span>Fazit<span class=\"ez-toc-section-end\"><\/span><\/h2>\n<p>Der Messestandort Stuttgart ist ein wichtiger Ort f\u00fcr Gesch\u00e4fte, Handel und Kultur. Die Stadt Stuttgart ist bekannt f\u00fcr ihre innovativen Unternehmen und Forschungseinrichtungen und zieht Fachleute und Besucher aus aller Welt an. Die Messe Stuttgart ist ein moderner Veranstaltungsort mit einer breiten Palette von Messen und Ausstellungen in verschiedenen Branchen und Bereichen. Ob Automobil, Maschinenbau, Luftfahrt oder Tourismus und Freizeit &#8211; die Messe Stuttgart bietet eine Plattform f\u00fcr Unternehmen jeder Gr\u00f6\u00dfe, um ihre Produkte und Dienstleistungen einem breiten Publikum zu pr\u00e4sentieren und neue Gesch\u00e4ftskontakte zu kn\u00fcpfen.[\/vc_column_text][\/vc_column][\/vc_row]\n","protected":false},"excerpt":{"rendered":"<p>[vc_row type=&#8221;in_container&#8221; full_screen_row_position=&#8221;middle&#8221; column_margin=&#8221;default&#8221; column_direction=&#8221;default&#8221; column_direction_tablet=&#8221;default&#8221; column_direction_phone=&#8221;default&#8221; scene_position=&#8221;center&#8221; text_color=&#8221;dark&#8221; text_align=&#8221;left&#8221; row_border_radius=&#8221;none&#8221; row_border_radius_applies=&#8221;bg&#8221; overflow=&#8221;visible&#8221; overlay_strength=&#8221;0.3&#8243; gradient_direction=&#8221;left_to_right&#8221;&#8230;<\/p>\n","protected":false},"author":11,"featured_media":5901,"comment_status":"closed","ping_status":"open","sticky":false,"template":"","format":"standard","meta":{"_acf_changed":false,"_lmt_disableupdate":"no","_lmt_disable":"no","footnotes":""},"categories":[10],"tags":[],"class_list":{"0":"post-5883","1":"post","2":"type-post","3":"status-publish","4":"format-standard","5":"has-post-thumbnail","7":"category-messestaedte"},"acf":[],"yoast_head":"<!-- This site is optimized with the Yoast SEO plugin v27.5 - https:\/\/yoast.com\/product\/yoast-seo-wordpress\/ -->\n<title>Messestadt Stuttgart | Messegel\u00e4nde &amp; wichtige Messen<\/title>\n<meta name=\"description\" content=\"Stuttgart als Messestandort: Messegel\u00e4nde, Branchen und Tipps f\u00fcr Aussteller und Besucher. Orientierung f\u00fcr Ihre Planung \u2013 jetzt lesen.\" \/>\n<meta name=\"robots\" content=\"index, follow, max-snippet:-1, max-image-preview:large, max-video-preview:-1\" \/>\n<link rel=\"canonical\" href=\"https:\/\/www.displayhersteller.de\/ratgeber\/messestaedte\/messestandort-stuttgart\" \/>\n<meta property=\"og:locale\" content=\"de_DE\" \/>\n<meta property=\"og:type\" content=\"article\" \/>\n<meta property=\"og:title\" content=\"Messestadt Stuttgart | Messegel\u00e4nde &amp; wichtige Messen\" \/>\n<meta property=\"og:description\" content=\"Stuttgart als Messestandort: Messegel\u00e4nde, Branchen und Tipps f\u00fcr Aussteller und Besucher. Orientierung f\u00fcr Ihre Planung \u2013 jetzt lesen.\" \/>\n<meta property=\"og:url\" content=\"https:\/\/www.displayhersteller.de\/ratgeber\/messestaedte\/messestandort-stuttgart\" \/>\n<meta property=\"og:site_name\" content=\"displayhersteller Ratgeber\" \/>\n<meta property=\"article:author\" content=\"https:\/\/www.facebook.com\/displayhersteller\" \/>\n<meta property=\"article:published_time\" content=\"2023-05-08T14:29:09+00:00\" \/>\n<meta property=\"article:modified_time\" content=\"2026-03-02T15:09:18+00:00\" \/>\n<meta property=\"og:image\" content=\"http:\/\/www.displayhersteller.de\/ratgeber\/wp-content\/uploads\/2023\/05\/Messestandort-Stuttgart-1.jpg\" \/>\n\t<meta property=\"og:image:width\" content=\"1839\" \/>\n\t<meta property=\"og:image:height\" content=\"945\" \/>\n\t<meta property=\"og:image:type\" content=\"image\/jpeg\" \/>\n<meta name=\"author\" content=\"Selin Alica\" \/>\n<meta name=\"twitter:card\" content=\"summary_large_image\" \/>\n<meta name=\"twitter:label1\" content=\"Geschrieben von\" \/>\n\t<meta name=\"twitter:data1\" content=\"Selin Alica\" \/>\n\t<meta name=\"twitter:label2\" content=\"Gesch\u00e4tzte Lesezeit\" \/>\n\t<meta name=\"twitter:data2\" content=\"11\u00a0Minuten\" \/>\n<!-- \/ Yoast SEO plugin. -->","yoast_head_json":{"title":"Messestadt Stuttgart | Messegel\u00e4nde & wichtige Messen","description":"Stuttgart als Messestandort: Messegel\u00e4nde, Branchen und Tipps f\u00fcr Aussteller und Besucher. Orientierung f\u00fcr Ihre Planung \u2013 jetzt lesen.","robots":{"index":"index","follow":"follow","max-snippet":"max-snippet:-1","max-image-preview":"max-image-preview:large","max-video-preview":"max-video-preview:-1"},"canonical":"https:\/\/www.displayhersteller.de\/ratgeber\/messestaedte\/messestandort-stuttgart","og_locale":"de_DE","og_type":"article","og_title":"Messestadt Stuttgart | Messegel\u00e4nde & wichtige Messen","og_description":"Stuttgart als Messestandort: Messegel\u00e4nde, Branchen und Tipps f\u00fcr Aussteller und Besucher. Orientierung f\u00fcr Ihre Planung \u2013 jetzt lesen.","og_url":"https:\/\/www.displayhersteller.de\/ratgeber\/messestaedte\/messestandort-stuttgart","og_site_name":"displayhersteller Ratgeber","article_author":"https:\/\/www.facebook.com\/displayhersteller","article_published_time":"2023-05-08T14:29:09+00:00","article_modified_time":"2026-03-02T15:09:18+00:00","og_image":[{"width":1839,"height":945,"url":"http:\/\/www.displayhersteller.de\/ratgeber\/wp-content\/uploads\/2023\/05\/Messestandort-Stuttgart-1.jpg","type":"image\/jpeg"}],"author":"Selin Alica","twitter_card":"summary_large_image","twitter_misc":{"Geschrieben von":"Selin Alica","Gesch\u00e4tzte Lesezeit":"11\u00a0Minuten"},"schema":{"@context":"https:\/\/schema.org","@graph":[{"@type":"Article","@id":"https:\/\/www.displayhersteller.de\/ratgeber\/messestaedte\/messestandort-stuttgart#article","isPartOf":{"@id":"https:\/\/www.displayhersteller.de\/ratgeber\/messestaedte\/messestandort-stuttgart"},"author":{"name":"Selin Alica","@id":"https:\/\/www.displayhersteller.de\/ratgeber\/#\/schema\/person\/1300a732ee83919ebb218862e2c750c7"},"headline":"Messestadt Stuttgart: Messegel\u00e4nde, Leitmessen und Planungstipps","datePublished":"2023-05-08T14:29:09+00:00","dateModified":"2026-03-02T15:09:18+00:00","mainEntityOfPage":{"@id":"https:\/\/www.displayhersteller.de\/ratgeber\/messestaedte\/messestandort-stuttgart"},"wordCount":3937,"image":{"@id":"https:\/\/www.displayhersteller.de\/ratgeber\/messestaedte\/messestandort-stuttgart#primaryimage"},"thumbnailUrl":"https:\/\/www.displayhersteller.de\/ratgeber\/wp-content\/uploads\/2023\/05\/Messestandort-Stuttgart-1.jpg","articleSection":["Messest\u00e4dte"],"inLanguage":"de"},{"@type":"WebPage","@id":"https:\/\/www.displayhersteller.de\/ratgeber\/messestaedte\/messestandort-stuttgart","url":"https:\/\/www.displayhersteller.de\/ratgeber\/messestaedte\/messestandort-stuttgart","name":"Messestadt Stuttgart | Messegel\u00e4nde & wichtige Messen","isPartOf":{"@id":"https:\/\/www.displayhersteller.de\/ratgeber\/#website"},"primaryImageOfPage":{"@id":"https:\/\/www.displayhersteller.de\/ratgeber\/messestaedte\/messestandort-stuttgart#primaryimage"},"image":{"@id":"https:\/\/www.displayhersteller.de\/ratgeber\/messestaedte\/messestandort-stuttgart#primaryimage"},"thumbnailUrl":"https:\/\/www.displayhersteller.de\/ratgeber\/wp-content\/uploads\/2023\/05\/Messestandort-Stuttgart-1.jpg","datePublished":"2023-05-08T14:29:09+00:00","dateModified":"2026-03-02T15:09:18+00:00","author":{"@id":"https:\/\/www.displayhersteller.de\/ratgeber\/#\/schema\/person\/1300a732ee83919ebb218862e2c750c7"},"description":"Stuttgart als Messestandort: Messegel\u00e4nde, Branchen und Tipps f\u00fcr Aussteller und Besucher. Orientierung f\u00fcr Ihre Planung \u2013 jetzt lesen.","breadcrumb":{"@id":"https:\/\/www.displayhersteller.de\/ratgeber\/messestaedte\/messestandort-stuttgart#breadcrumb"},"inLanguage":"de","potentialAction":[{"@type":"ReadAction","target":["https:\/\/www.displayhersteller.de\/ratgeber\/messestaedte\/messestandort-stuttgart"]}]},{"@type":"ImageObject","inLanguage":"de","@id":"https:\/\/www.displayhersteller.de\/ratgeber\/messestaedte\/messestandort-stuttgart#primaryimage","url":"https:\/\/www.displayhersteller.de\/ratgeber\/wp-content\/uploads\/2023\/05\/Messestandort-Stuttgart-1.jpg","contentUrl":"https:\/\/www.displayhersteller.de\/ratgeber\/wp-content\/uploads\/2023\/05\/Messestandort-Stuttgart-1.jpg","width":1839,"height":945},{"@type":"BreadcrumbList","@id":"https:\/\/www.displayhersteller.de\/ratgeber\/messestaedte\/messestandort-stuttgart#breadcrumb","itemListElement":[{"@type":"ListItem","position":1,"name":"Home","item":"https:\/\/www.displayhersteller.de\/ratgeber"},{"@type":"ListItem","position":2,"name":"Messestadt Stuttgart: Messegel\u00e4nde, Leitmessen und Planungstipps"}]},{"@type":"WebSite","@id":"https:\/\/www.displayhersteller.de\/ratgeber\/#website","url":"https:\/\/www.displayhersteller.de\/ratgeber\/","name":"displayhersteller Ratgeber","description":"Informative Beitr\u00e4ge zu Messest\u00e4nden, Werbeaufstellern f\u00fcr Messen, Events und Veranstaltungen","potentialAction":[{"@type":"SearchAction","target":{"@type":"EntryPoint","urlTemplate":"https:\/\/www.displayhersteller.de\/ratgeber\/?s={search_term_string}"},"query-input":{"@type":"PropertyValueSpecification","valueRequired":true,"valueName":"search_term_string"}}],"inLanguage":"de"},{"@type":"Person","@id":"https:\/\/www.displayhersteller.de\/ratgeber\/#\/schema\/person\/1300a732ee83919ebb218862e2c750c7","name":"Selin Alica","image":{"@type":"ImageObject","inLanguage":"de","@id":"https:\/\/secure.gravatar.com\/avatar\/650c55b627ba9992a08d890f7aa957ebf15c0e3479fbe7a420fa4fec345b976a?s=96&d=mm&r=g","url":"https:\/\/secure.gravatar.com\/avatar\/650c55b627ba9992a08d890f7aa957ebf15c0e3479fbe7a420fa4fec345b976a?s=96&d=mm&r=g","contentUrl":"https:\/\/secure.gravatar.com\/avatar\/650c55b627ba9992a08d890f7aa957ebf15c0e3479fbe7a420fa4fec345b976a?s=96&d=mm&r=g","caption":"Selin Alica"},"description":"Selin ist offiziell seit 2024 Teil des Teams von Displayhersteller.de und bringt frischen Wind sowie ein feines Gesp\u00fcr f\u00fcr Inhalte mit. Als Mediengestalterin mit Schwerpunkt Content Management sorgt sie daf\u00fcr, dass alle Informationen rund um unsere Produkte strukturiert, ansprechend und informativ aufbereitet sind. Messe-DNA hat sie quasi im Blut \u2013 aufgewachsen in einem familiengef\u00fchrten Messebauunternehmen, kennt sie die Branche von Grund auf. Ihre Mischung aus Textsicherheit und Messeerfahrung macht sie zu einer wertvollen Stimme im Ratgeber von Displayhersteller.de.","sameAs":["https:\/\/www.displayhersteller.de\/de\/","https:\/\/www.facebook.com\/displayhersteller","https:\/\/www.instagram.com\/displayhersteller\/","https:\/\/www.linkedin.com\/company\/12794866\/admin\/page-posts\/published\/","https:\/\/www.youtube.com\/@displayhersteller"],"url":"https:\/\/www.displayhersteller.de\/ratgeber\/author\/selin"}]}},"modified_by":"Jonas Dollhofer","_links":{"self":[{"href":"https:\/\/www.displayhersteller.de\/ratgeber\/wp-json\/wp\/v2\/posts\/5883","targetHints":{"allow":["GET"]}}],"collection":[{"href":"https:\/\/www.displayhersteller.de\/ratgeber\/wp-json\/wp\/v2\/posts"}],"about":[{"href":"https:\/\/www.displayhersteller.de\/ratgeber\/wp-json\/wp\/v2\/types\/post"}],"author":[{"embeddable":true,"href":"https:\/\/www.displayhersteller.de\/ratgeber\/wp-json\/wp\/v2\/users\/11"}],"replies":[{"embeddable":true,"href":"https:\/\/www.displayhersteller.de\/ratgeber\/wp-json\/wp\/v2\/comments?post=5883"}],"version-history":[{"count":15,"href":"https:\/\/www.displayhersteller.de\/ratgeber\/wp-json\/wp\/v2\/posts\/5883\/revisions"}],"predecessor-version":[{"id":10478,"href":"https:\/\/www.displayhersteller.de\/ratgeber\/wp-json\/wp\/v2\/posts\/5883\/revisions\/10478"}],"wp:featuredmedia":[{"embeddable":true,"href":"https:\/\/www.displayhersteller.de\/ratgeber\/wp-json\/wp\/v2\/media\/5901"}],"wp:attachment":[{"href":"https:\/\/www.displayhersteller.de\/ratgeber\/wp-json\/wp\/v2\/media?parent=5883"}],"wp:term":[{"taxonomy":"category","embeddable":true,"href":"https:\/\/www.displayhersteller.de\/ratgeber\/wp-json\/wp\/v2\/categories?post=5883"},{"taxonomy":"post_tag","embeddable":true,"href":"https:\/\/www.displayhersteller.de\/ratgeber\/wp-json\/wp\/v2\/tags?post=5883"}],"curies":[{"name":"wp","href":"https:\/\/api.w.org\/{rel}","templated":true}]}}