{"id":8261,"date":"2024-06-06T16:39:05","date_gmt":"2024-06-06T14:39:05","guid":{"rendered":"https:\/\/www.displayhersteller.de\/ratgeber\/?p=8261"},"modified":"2026-02-26T08:20:55","modified_gmt":"2026-02-26T07:20:55","slug":"agritechnica","status":"publish","type":"post","link":"https:\/\/www.displayhersteller.de\/ratgeber\/messestaedte\/agritechnica","title":{"rendered":"AGRITECHNICA Hannover \u2013 Die Weltleitmesse f\u00fcr Landtechnik"},"content":{"rendered":"<div class=\"pld-like-dislike-wrap pld-template-1\">\r\n    <div class=\"pld-like-wrap  pld-common-wrap\">\r\n    <a href=\"javascript:void(0)\" class=\"pld-like-trigger pld-like-dislike-trigger  \" title=\"Gef\u00e4llt mir\" data-post-id=\"8261\" data-trigger-type=\"like\" data-restriction=\"cookie\" data-already-liked=\"0\">\r\n                        <i class=\"fas fa-thumbs-up\"><\/i>\r\n                <\/a>\r\n    <span class=\"pld-like-count-wrap pld-count-wrap\">2    <\/span>\r\n<\/div><\/div>[vc_row type=&#8221;in_container&#8221; full_screen_row_position=&#8221;middle&#8221; column_margin=&#8221;default&#8221; column_direction=&#8221;default&#8221; column_direction_tablet=&#8221;default&#8221; column_direction_phone=&#8221;default&#8221; scene_position=&#8221;center&#8221; text_color=&#8221;dark&#8221; text_align=&#8221;left&#8221; row_border_radius=&#8221;none&#8221; row_border_radius_applies=&#8221;bg&#8221; overflow=&#8221;visible&#8221; overlay_strength=&#8221;0.3&#8243; gradient_direction=&#8221;left_to_right&#8221; shape_divider_position=&#8221;bottom&#8221; bg_image_animation=&#8221;none&#8221;][vc_column column_padding=&#8221;no-extra-padding&#8221; column_padding_tablet=&#8221;inherit&#8221; column_padding_phone=&#8221;inherit&#8221; column_padding_position=&#8221;all&#8221; column_element_direction_desktop=&#8221;default&#8221; column_element_spacing=&#8221;default&#8221; desktop_text_alignment=&#8221;default&#8221; tablet_text_alignment=&#8221;default&#8221; phone_text_alignment=&#8221;default&#8221; background_color_opacity=&#8221;1&#8243; background_hover_color_opacity=&#8221;1&#8243; column_backdrop_filter=&#8221;none&#8221; column_shadow=&#8221;none&#8221; column_border_radius=&#8221;none&#8221; column_link_target=&#8221;_self&#8221; column_position=&#8221;default&#8221; gradient_direction=&#8221;left_to_right&#8221; overlay_strength=&#8221;0.3&#8243; width=&#8221;1\/1&#8243; tablet_width_inherit=&#8221;default&#8221; animation_type=&#8221;default&#8221; bg_image_animation=&#8221;none&#8221; border_type=&#8221;simple&#8221; column_border_width=&#8221;none&#8221; column_border_style=&#8221;solid&#8221;][vc_column_text]Die weltweit gr\u00f6\u00dfte agrartechnische Fachmesse \u2013 die Agritechnica \u2013 findet alle 2 Jahre in Hannover statt. Organisator ist die Deutsche Landwirtschafts-Gesellschaft (DLG), die bereits seit 125 Jahren Fachausstellungen in der Land- und Ern\u00e4hrungswirtschaft ausrichtet.<\/p>\n<p>Beim n\u00e4chsten Messetermin vom 14. bis 20. November 2027 verwandelt sich das Messegel\u00e4nde in Hannover wieder in den Hotspot f\u00fcr die neuesten Technologien und Innovationen aus dem Bereich der Landwirtschaft. Hersteller aus den Bereichen Traktoren, Erntemaschinen und Agrartechnologie pr\u00e4sentieren hier ihre Innovationen einem internationalen Fachpublikum. F\u00fcr eine professionelle Pr\u00e4sentation gro\u00dfformatiger Maschinen setzen viele Aussteller auf robuste <a title=\"Messestand\" href=\"https:\/\/www.displayhersteller.de\/de\/messestaende-sets\">modulare Messestand-Systeme<\/a> f\u00fcr Landtechnik-Messen, die flexibel an unterschiedliche Standgr\u00f6\u00dfen angepasst werden k\u00f6nnen. Ob Fach- oder Privatbesucher \u2013 bei der Agritechnica profitieren alle vom Fachwissen nationaler und internationaler Experten im Bereich der globalen Landtechnikindustrie sowie der neuesten Erkenntnisse in der Pflanzenproduktion.<\/p>\n<div id=\"ez-toc-container\" class=\"ez-toc-v2_0_82_2 counter-hierarchy ez-toc-counter ez-toc-grey ez-toc-container-direction\">\n<div class=\"ez-toc-title-container\">\n<p class=\"ez-toc-title\" style=\"cursor:inherit\">Inhaltsverzeichnis<\/p>\n<span class=\"ez-toc-title-toggle\"><a href=\"#\" class=\"ez-toc-pull-right ez-toc-btn ez-toc-btn-xs ez-toc-btn-default ez-toc-toggle\" aria-label=\"Toggle Table of Content\"><span class=\"ez-toc-js-icon-con\"><span class=\"\"><span class=\"eztoc-hide\" style=\"display:none;\">Toggle<\/span><span class=\"ez-toc-icon-toggle-span\"><svg style=\"fill: #999;color:#999\" xmlns=\"http:\/\/www.w3.org\/2000\/svg\" class=\"list-377408\" width=\"20px\" height=\"20px\" viewBox=\"0 0 24 24\" fill=\"none\"><path d=\"M6 6H4v2h2V6zm14 0H8v2h12V6zM4 11h2v2H4v-2zm16 0H8v2h12v-2zM4 16h2v2H4v-2zm16 0H8v2h12v-2z\" fill=\"currentColor\"><\/path><\/svg><svg style=\"fill: #999;color:#999\" class=\"arrow-unsorted-368013\" xmlns=\"http:\/\/www.w3.org\/2000\/svg\" width=\"10px\" height=\"10px\" viewBox=\"0 0 24 24\" version=\"1.2\" baseProfile=\"tiny\"><path d=\"M18.2 9.3l-6.2-6.3-6.2 6.3c-.2.2-.3.4-.3.7s.1.5.3.7c.2.2.4.3.7.3h11c.3 0 .5-.1.7-.3.2-.2.3-.5.3-.7s-.1-.5-.3-.7zM5.8 14.7l6.2 6.3 6.2-6.3c.2-.2.3-.5.3-.7s-.1-.5-.3-.7c-.2-.2-.4-.3-.7-.3h-11c-.3 0-.5.1-.7.3-.2.2-.3.5-.3.7s.1.5.3.7z\"\/><\/svg><\/span><\/span><\/span><\/a><\/span><\/div>\n<nav><ul class='ez-toc-list ez-toc-list-level-1 ' ><li class='ez-toc-page-1 ez-toc-heading-level-2'><a class=\"ez-toc-link ez-toc-heading-1\" href=\"https:\/\/www.displayhersteller.de\/ratgeber\/messestaedte\/agritechnica\/#Messestandort_Hannover\" >Messestandort Hannover<\/a><\/li><li class='ez-toc-page-1 ez-toc-heading-level-2'><a class=\"ez-toc-link ez-toc-heading-2\" href=\"https:\/\/www.displayhersteller.de\/ratgeber\/messestaedte\/agritechnica\/#Die_Geschichte_der_Agritechnica\" >Die Geschichte der Agritechnica<\/a><\/li><li class='ez-toc-page-1 ez-toc-heading-level-2'><a class=\"ez-toc-link ez-toc-heading-3\" href=\"https:\/\/www.displayhersteller.de\/ratgeber\/messestaedte\/agritechnica\/#Daten_und_Fakten_zur_Agritechnica_2023\" >Daten und Fakten zur Agritechnica 2023<\/a><\/li><li class='ez-toc-page-1 ez-toc-heading-level-2'><a class=\"ez-toc-link ez-toc-heading-4\" href=\"https:\/\/www.displayhersteller.de\/ratgeber\/messestaedte\/agritechnica\/#Aussteller_und_Besucher\" >Aussteller und Besucher<\/a><\/li><li class='ez-toc-page-1 ez-toc-heading-level-2'><a class=\"ez-toc-link ez-toc-heading-5\" href=\"https:\/\/www.displayhersteller.de\/ratgeber\/messestaedte\/agritechnica\/#Ausstellerstruktur\" >Ausstellerstruktur<\/a><\/li><li class='ez-toc-page-1 ez-toc-heading-level-2'><a class=\"ez-toc-link ez-toc-heading-6\" href=\"https:\/\/www.displayhersteller.de\/ratgeber\/messestaedte\/agritechnica\/#Produktgruppen\" >Produktgruppen<\/a><\/li><li class='ez-toc-page-1 ez-toc-heading-level-2'><a class=\"ez-toc-link ez-toc-heading-7\" href=\"https:\/\/www.displayhersteller.de\/ratgeber\/messestaedte\/agritechnica\/#Naechster_Termin_und_weitere_Informationen\" >N\u00e4chster Termin und weitere Informationen<\/a><\/li><li class='ez-toc-page-1 ez-toc-heading-level-2'><a class=\"ez-toc-link ez-toc-heading-8\" href=\"https:\/\/www.displayhersteller.de\/ratgeber\/messestaedte\/agritechnica\/#Fazit\" >Fazit<\/a><\/li><\/ul><\/nav><\/div>\n[\/vc_column_text][\/vc_column][\/vc_row][vc_row type=&#8221;in_container&#8221; full_screen_row_position=&#8221;middle&#8221; column_margin=&#8221;default&#8221; column_direction=&#8221;default&#8221; column_direction_tablet=&#8221;default&#8221; column_direction_phone=&#8221;default&#8221; scene_position=&#8221;center&#8221; text_color=&#8221;dark&#8221; text_align=&#8221;left&#8221; row_border_radius=&#8221;none&#8221; row_border_radius_applies=&#8221;bg&#8221; overflow=&#8221;visible&#8221; overlay_strength=&#8221;0.3&#8243; gradient_direction=&#8221;left_to_right&#8221; shape_divider_position=&#8221;bottom&#8221; bg_image_animation=&#8221;none&#8221;][vc_column column_padding=&#8221;no-extra-padding&#8221; column_padding_tablet=&#8221;inherit&#8221; column_padding_phone=&#8221;inherit&#8221; column_padding_position=&#8221;all&#8221; column_element_direction_desktop=&#8221;default&#8221; column_element_spacing=&#8221;default&#8221; desktop_text_alignment=&#8221;default&#8221; tablet_text_alignment=&#8221;default&#8221; phone_text_alignment=&#8221;default&#8221; background_color_opacity=&#8221;1&#8243; background_hover_color_opacity=&#8221;1&#8243; column_backdrop_filter=&#8221;none&#8221; column_shadow=&#8221;none&#8221; column_border_radius=&#8221;none&#8221; column_link_target=&#8221;_self&#8221; column_position=&#8221;default&#8221; gradient_direction=&#8221;left_to_right&#8221; overlay_strength=&#8221;0.3&#8243; width=&#8221;1\/1&#8243; tablet_width_inherit=&#8221;default&#8221; animation_type=&#8221;default&#8221; bg_image_animation=&#8221;none&#8221; border_type=&#8221;simple&#8221; column_border_width=&#8221;none&#8221; column_border_style=&#8221;solid&#8221;][vc_column_text]\n<h2><span class=\"ez-toc-section\" id=\"Messestandort_Hannover\"><\/span>Messestandort Hannover<span class=\"ez-toc-section-end\"><\/span><\/h2>\n<p>Das Messegel\u00e4nde Hannover wird von der Deutschen Messe AG (DMAG) in Hannover betrieben und verf\u00fcgt \u00fcber 500.000 m\u00b2 Ausstellungsfl\u00e4che. Aufgeteilt auf 24 Hallen und Pavillons bietet das Messegel\u00e4nde Hannover die ger\u00e4umigsten Kapazit\u00e4ten weltweit.<\/p>\n<p>F\u00fcr die Stadt Hannover hat das Messegel\u00e4nde sowohl wirtschaftlich als auch kulturell eine enorme Bedeutung. Die vielen verschiedenen Messen und Veranstaltungen schaffen und erhalten Arbeitspl\u00e4tze, sowohl auf dem Messegel\u00e4nde, wie auch in den verbundenen Branchen der Hotellerie und des Dienstleistungssektors.[\/vc_column_text][\/vc_column][\/vc_row][vc_row type=&#8221;in_container&#8221; full_screen_row_position=&#8221;middle&#8221; column_margin=&#8221;default&#8221; column_direction=&#8221;default&#8221; column_direction_tablet=&#8221;default&#8221; column_direction_phone=&#8221;default&#8221; scene_position=&#8221;center&#8221; text_color=&#8221;dark&#8221; text_align=&#8221;left&#8221; row_border_radius=&#8221;none&#8221; row_border_radius_applies=&#8221;bg&#8221; overflow=&#8221;visible&#8221; overlay_strength=&#8221;0.3&#8243; gradient_direction=&#8221;left_to_right&#8221; shape_divider_position=&#8221;bottom&#8221; bg_image_animation=&#8221;none&#8221;][vc_column column_padding=&#8221;no-extra-padding&#8221; column_padding_tablet=&#8221;inherit&#8221; column_padding_phone=&#8221;inherit&#8221; column_padding_position=&#8221;all&#8221; column_element_direction_desktop=&#8221;default&#8221; column_element_spacing=&#8221;default&#8221; desktop_text_alignment=&#8221;default&#8221; tablet_text_alignment=&#8221;default&#8221; phone_text_alignment=&#8221;default&#8221; background_color_opacity=&#8221;1&#8243; background_hover_color_opacity=&#8221;1&#8243; column_backdrop_filter=&#8221;none&#8221; column_shadow=&#8221;none&#8221; column_border_radius=&#8221;none&#8221; column_link_target=&#8221;_self&#8221; column_position=&#8221;default&#8221; gradient_direction=&#8221;left_to_right&#8221; overlay_strength=&#8221;0.3&#8243; width=&#8221;1\/1&#8243; tablet_width_inherit=&#8221;default&#8221; animation_type=&#8221;default&#8221; bg_image_animation=&#8221;none&#8221; border_type=&#8221;simple&#8221; column_border_width=&#8221;none&#8221; column_border_style=&#8221;solid&#8221;][image_with_animation image_url=&#8221;8290&#8243; image_size=&#8221;full&#8221; animation_type=&#8221;entrance&#8221; animation=&#8221;None&#8221; animation_movement_type=&#8221;transform_y&#8221; hover_animation=&#8221;zoom&#8221; alignment=&#8221;&#8221; img_link_large=&#8221;yes&#8221; border_radius=&#8221;none&#8221; box_shadow=&#8221;none&#8221; image_loading=&#8221;default&#8221; max_width=&#8221;100%&#8221; max_width_mobile=&#8221;default&#8221;][\/vc_column][\/vc_row][vc_row type=&#8221;in_container&#8221; full_screen_row_position=&#8221;middle&#8221; column_margin=&#8221;default&#8221; column_direction=&#8221;default&#8221; column_direction_tablet=&#8221;default&#8221; column_direction_phone=&#8221;default&#8221; scene_position=&#8221;center&#8221; text_color=&#8221;dark&#8221; text_align=&#8221;left&#8221; row_border_radius=&#8221;none&#8221; row_border_radius_applies=&#8221;bg&#8221; overflow=&#8221;visible&#8221; overlay_strength=&#8221;0.3&#8243; gradient_direction=&#8221;left_to_right&#8221; shape_divider_position=&#8221;bottom&#8221; bg_image_animation=&#8221;none&#8221;][vc_column column_padding=&#8221;no-extra-padding&#8221; column_padding_tablet=&#8221;inherit&#8221; column_padding_phone=&#8221;inherit&#8221; column_padding_position=&#8221;all&#8221; column_element_direction_desktop=&#8221;default&#8221; column_element_spacing=&#8221;default&#8221; desktop_text_alignment=&#8221;default&#8221; tablet_text_alignment=&#8221;default&#8221; phone_text_alignment=&#8221;default&#8221; background_color_opacity=&#8221;1&#8243; background_hover_color_opacity=&#8221;1&#8243; column_backdrop_filter=&#8221;none&#8221; column_shadow=&#8221;none&#8221; column_border_radius=&#8221;none&#8221; column_link_target=&#8221;_self&#8221; column_position=&#8221;default&#8221; gradient_direction=&#8221;left_to_right&#8221; overlay_strength=&#8221;0.3&#8243; width=&#8221;1\/1&#8243; tablet_width_inherit=&#8221;default&#8221; animation_type=&#8221;default&#8221; bg_image_animation=&#8221;none&#8221; border_type=&#8221;simple&#8221; column_border_width=&#8221;none&#8221; column_border_style=&#8221;solid&#8221;][vc_column_text]Mit der gr\u00f6\u00dften Industriemesse der Welt \u2013 der Hannover Messe \u2013 sowie der weltweit gr\u00f6\u00dften Messe f\u00fcr Informationstechnologie und Telekommunikation \u2013 der CeBIT \u2013 und weiteren Fachmessen f\u00fcr u.a. Technologie, Gesundheit und Tourismus ist Hannover ein international bedeutender Messestandort, der der Stadt zu einer kulturellen Vielfalt verhilft.<\/p>\n<p>Das Messegel\u00e4nde Hannover ist durch seine zentrale Lage hervorragend an den \u00f6ffentlichen Verkehr angebunden.<\/p>\n<p>Es kann vom Hauptbahnhof in ca. 18 Minuten mit der U-Bahn oder bei direktem Halt an der Haltestelle Messe\/Laatzen fu\u00dfl\u00e4ufig erreicht werden. Auch mit dem PKW gelangen Sie bequem \u00fcber die A7 oder A2 und die A37 zum Messegel\u00e4nde. Die Parkgeb\u00fchren direkt auf dem Messeareal betragen f\u00fcr einen PKW 15,00 \u20ac.[\/vc_column_text][\/vc_column][\/vc_row][vc_row type=&#8221;in_container&#8221; full_screen_row_position=&#8221;middle&#8221; column_margin=&#8221;default&#8221; column_direction=&#8221;default&#8221; column_direction_tablet=&#8221;default&#8221; column_direction_phone=&#8221;default&#8221; scene_position=&#8221;center&#8221; text_color=&#8221;dark&#8221; text_align=&#8221;left&#8221; row_border_radius=&#8221;none&#8221; row_border_radius_applies=&#8221;bg&#8221; overflow=&#8221;visible&#8221; overlay_strength=&#8221;0.3&#8243; gradient_direction=&#8221;left_to_right&#8221; shape_divider_position=&#8221;bottom&#8221; bg_image_animation=&#8221;none&#8221;][vc_column column_padding=&#8221;no-extra-padding&#8221; column_padding_tablet=&#8221;inherit&#8221; column_padding_phone=&#8221;inherit&#8221; column_padding_position=&#8221;all&#8221; column_element_direction_desktop=&#8221;default&#8221; column_element_spacing=&#8221;default&#8221; desktop_text_alignment=&#8221;default&#8221; tablet_text_alignment=&#8221;default&#8221; phone_text_alignment=&#8221;default&#8221; background_color_opacity=&#8221;1&#8243; background_hover_color_opacity=&#8221;1&#8243; column_backdrop_filter=&#8221;none&#8221; column_shadow=&#8221;none&#8221; column_border_radius=&#8221;none&#8221; column_link_target=&#8221;_self&#8221; column_position=&#8221;default&#8221; gradient_direction=&#8221;left_to_right&#8221; overlay_strength=&#8221;0.3&#8243; width=&#8221;1\/1&#8243; tablet_width_inherit=&#8221;default&#8221; animation_type=&#8221;default&#8221; bg_image_animation=&#8221;none&#8221; border_type=&#8221;simple&#8221; column_border_width=&#8221;none&#8221; column_border_style=&#8221;solid&#8221;][vc_column_text]\n<h2><span class=\"ez-toc-section\" id=\"Die_Geschichte_der_Agritechnica\"><\/span>Die Geschichte der Agritechnica<span class=\"ez-toc-section-end\"><\/span><\/h2>\n<p>Die Agritechnica fand erstmals 1985 mit 551 Ausstellern auf der Frankfurter Messe statt. Bis 1993 blieb Frankfurt am Main der Messestandort der Agritechnica. Seit 1995 ist das Gel\u00e4nde in Hannover die neue Heimat der Messe. Von Beginn an wird die Agritechnica im 2-j\u00e4hrigen Turnus veranstaltet. Aufgrund der Corona-Pandemie fand sie nach 2019 erstmals wieder im Jahr 2023 statt.<\/p>\n<p>Die Geschichte der Agritechnica im \u00dcberblick:<\/p>\n\n<table id=\"tablepress-23-no-2\" class=\"tablepress tablepress-id-23\">\n<thead>\n<tr class=\"row-1\">\n\t<th class=\"column-1\">Jahr<\/th><th class=\"column-2\">Aussteller<\/th><th class=\"column-3\">Besucher<\/th><th class=\"column-4\">Wissenswertes <\/th>\n<\/tr>\n<\/thead>\n<tbody class=\"row-striping row-hover\">\n<tr class=\"row-2\">\n\t<td class=\"column-1\">1985<\/td><td class=\"column-2\">551<\/td><td class=\"column-3\">124.391<\/td><td class=\"column-4\">Unter der Organisation der Deutschen Landwirtschafts-Gesellschaft (DLG) <br \/>\nwird die Messe erstmals veranstaltet.<\/td>\n<\/tr>\n<tr class=\"row-3\">\n\t<td class=\"column-1\">1987<\/td><td class=\"column-2\">660<\/td><td class=\"column-3\">162.059<\/td><td class=\"column-4\">Erweiterung der Ausstellungsfl\u00e4che und steigende Besucherzahlen<\/td>\n<\/tr>\n<tr class=\"row-4\">\n\t<td class=\"column-1\">1989<\/td><td class=\"column-2\">731<\/td><td class=\"column-3\">218.115<\/td><td class=\"column-4\">Einf\u00fchrung neuer landwirtschaftlicher Technologien<\/td>\n<\/tr>\n<tr class=\"row-5\">\n\t<td class=\"column-1\">1991<\/td><td class=\"column-2\">827<\/td><td class=\"column-3\">200.267<\/td><td class=\"column-4\">Erh\u00f6hung der Internationalit\u00e4t der Aussteller<\/td>\n<\/tr>\n<tr class=\"row-6\">\n\t<td class=\"column-1\">1993<\/td><td class=\"column-2\">913<\/td><td class=\"column-3\">159.657<\/td><td class=\"column-4\">Erstmalige Teilnahme von Ausstellern aus Osteuropa<\/td>\n<\/tr>\n<tr class=\"row-7\">\n\t<td class=\"column-1\">1995<\/td><td class=\"column-2\">1.504<\/td><td class=\"column-3\">178.354<\/td><td class=\"column-4\">Erstmals findet die Messe in Hannover statt. Fokus auf nachhaltige Landwirtschaftstechniken<\/td>\n<\/tr>\n<tr class=\"row-8\">\n\t<td class=\"column-1\">1997<\/td><td class=\"column-2\">1.182<\/td><td class=\"column-3\">216.908<\/td><td class=\"column-4\">Einf\u00fchrung spezieller Themenschwerpunkte<\/td>\n<\/tr>\n<tr class=\"row-9\">\n\t<td class=\"column-1\">1999<\/td><td class=\"column-2\">1.344<\/td><td class=\"column-3\">226.491<\/td><td class=\"column-4\">Digitalisierung und Pr\u00e4zisionslandwirtschaft im Fokus<\/td>\n<\/tr>\n<tr class=\"row-10\">\n\t<td class=\"column-1\">2001<\/td><td class=\"column-2\">1.331<\/td><td class=\"column-3\">247.497<\/td><td class=\"column-4\">Steigende Besucherzahlen und internationale Pr\u00e4senz<\/td>\n<\/tr>\n<tr class=\"row-11\">\n\t<td class=\"column-1\">2003<\/td><td class=\"column-2\">1.387<\/td><td class=\"column-3\">227.931<\/td><td class=\"column-4\">Vergr\u00f6\u00dferung der Messe auf \u00fcber 300.000 Quadratmeter<\/td>\n<\/tr>\n<tr class=\"row-12\">\n\t<td class=\"column-1\">2005<\/td><td class=\"column-2\">1.513<\/td><td class=\"column-3\">259.723<\/td><td class=\"column-4\">Erh\u00f6hung der Ausstellerzahlen und Besucherinteresse<\/td>\n<\/tr>\n<tr class=\"row-13\">\n\t<td class=\"column-1\">2007<\/td><td class=\"column-2\">2.188<\/td><td class=\"column-3\">340.756<\/td><td class=\"column-4\">Einf\u00fchrung des Innovationspreises 'Innovation Award' in Gold und Silber<\/td>\n<\/tr>\n<tr class=\"row-14\">\n\t<td class=\"column-1\">2009<\/td><td class=\"column-2\">2.308<\/td><td class=\"column-3\">355.118<\/td><td class=\"column-4\">Erweiterung der Ausstellungsfl\u00e4che auf \u00fcber 320.000 Quadratmeter<\/td>\n<\/tr>\n<tr class=\"row-15\">\n\t<td class=\"column-1\">2011<\/td><td class=\"column-2\">2.704<\/td><td class=\"column-3\">419.212<\/td><td class=\"column-4\">Erstmalige Vorstellung des 'Systems &amp; Components' Bereichs<\/td>\n<\/tr>\n<tr class=\"row-16\">\n\t<td class=\"column-1\">2013<\/td><td class=\"column-2\">2897<\/td><td class=\"column-3\">448.912<\/td><td class=\"column-4\">Die Agritechnica erreicht seinen Austellerrekord. Start der internationalen Roadshows zur Messe<\/td>\n<\/tr>\n<tr class=\"row-17\">\n\t<td class=\"column-1\">2015<\/td><td class=\"column-2\">2.892<\/td><td class=\"column-3\">452.471<\/td><td class=\"column-4\">Neue Konzepte zur digitalen Landwirtschaft vorgestellt<\/td>\n<\/tr>\n<tr class=\"row-18\">\n\t<td class=\"column-1\">2017<\/td><td class=\"column-2\">2.802<\/td><td class=\"column-3\">457.606<\/td><td class=\"column-4\">Fokus auf die Digitalisierung und Automatisierung in der Landwirtschaft<\/td>\n<\/tr>\n<tr class=\"row-19\">\n\t<td class=\"column-1\">2019<\/td><td class=\"column-2\">2.803<\/td><td class=\"column-3\">446.871<\/td><td class=\"column-4\">H\u00f6hepunkt der Besucherzahlen erreicht<\/td>\n<\/tr>\n<tr class=\"row-20\">\n\t<td class=\"column-1\">2023<\/td><td class=\"column-2\">2.776<\/td><td class=\"column-3\">473.687<\/td><td class=\"column-4\">1. Veranstaltung nach der Corona-Pandemie <br \/>\n<br \/>\nmit einem Besucherrekord.<\/td>\n<\/tr>\n<\/tbody>\n<\/table>\n<!-- #tablepress-23-no-2 from cache -->Die Agritechnica ist die weltweit gr\u00f6\u00dfte Messe f\u00fcr Landtechnik und zieht Aussteller und Besucher aus der ganzen Welt an.[\/vc_column_text][\/vc_column][\/vc_row][vc_row type=&#8221;in_container&#8221; full_screen_row_position=&#8221;middle&#8221; column_margin=&#8221;default&#8221; column_direction=&#8221;default&#8221; column_direction_tablet=&#8221;default&#8221; column_direction_phone=&#8221;default&#8221; scene_position=&#8221;center&#8221; text_color=&#8221;dark&#8221; text_align=&#8221;left&#8221; row_border_radius=&#8221;none&#8221; row_border_radius_applies=&#8221;bg&#8221; overflow=&#8221;visible&#8221; overlay_strength=&#8221;0.3&#8243; gradient_direction=&#8221;left_to_right&#8221; shape_divider_position=&#8221;bottom&#8221; bg_image_animation=&#8221;none&#8221;][vc_column column_padding=&#8221;no-extra-padding&#8221; column_padding_tablet=&#8221;inherit&#8221; column_padding_phone=&#8221;inherit&#8221; column_padding_position=&#8221;all&#8221; column_element_direction_desktop=&#8221;default&#8221; column_element_spacing=&#8221;default&#8221; desktop_text_alignment=&#8221;default&#8221; tablet_text_alignment=&#8221;default&#8221; phone_text_alignment=&#8221;default&#8221; background_color_opacity=&#8221;1&#8243; background_hover_color_opacity=&#8221;1&#8243; column_backdrop_filter=&#8221;none&#8221; column_shadow=&#8221;none&#8221; column_border_radius=&#8221;none&#8221; column_link_target=&#8221;_self&#8221; column_position=&#8221;default&#8221; gradient_direction=&#8221;left_to_right&#8221; overlay_strength=&#8221;0.3&#8243; width=&#8221;1\/1&#8243; tablet_width_inherit=&#8221;default&#8221; animation_type=&#8221;default&#8221; bg_image_animation=&#8221;none&#8221; border_type=&#8221;simple&#8221; column_border_width=&#8221;none&#8221; column_border_style=&#8221;solid&#8221;][vc_column_text]\n<h2><span class=\"ez-toc-section\" id=\"Daten_und_Fakten_zur_Agritechnica_2023\"><\/span>Daten und Fakten zur Agritechnica 2023<span class=\"ez-toc-section-end\"><\/span><\/h2>\n<p>Mit ihrer ersten Veranstaltung nach der Corona-Pandemie im November 2023 erreichte die Agritechnica einen Besucherrekord.[\/vc_column_text][\/vc_column][\/vc_row][vc_row type=&#8221;in_container&#8221; full_screen_row_position=&#8221;middle&#8221; column_margin=&#8221;default&#8221; column_direction=&#8221;default&#8221; column_direction_tablet=&#8221;default&#8221; column_direction_phone=&#8221;default&#8221; scene_position=&#8221;center&#8221; text_color=&#8221;dark&#8221; text_align=&#8221;left&#8221; row_border_radius=&#8221;none&#8221; row_border_radius_applies=&#8221;bg&#8221; overflow=&#8221;visible&#8221; overlay_strength=&#8221;0.3&#8243; gradient_direction=&#8221;left_to_right&#8221; shape_divider_position=&#8221;bottom&#8221; bg_image_animation=&#8221;none&#8221;][vc_column column_padding=&#8221;no-extra-padding&#8221; column_padding_tablet=&#8221;inherit&#8221; column_padding_phone=&#8221;inherit&#8221; column_padding_position=&#8221;all&#8221; column_element_direction_desktop=&#8221;default&#8221; column_element_spacing=&#8221;default&#8221; desktop_text_alignment=&#8221;default&#8221; tablet_text_alignment=&#8221;default&#8221; phone_text_alignment=&#8221;default&#8221; background_color_opacity=&#8221;1&#8243; background_hover_color_opacity=&#8221;1&#8243; column_backdrop_filter=&#8221;none&#8221; column_shadow=&#8221;none&#8221; column_border_radius=&#8221;none&#8221; column_link_target=&#8221;_self&#8221; column_position=&#8221;default&#8221; gradient_direction=&#8221;left_to_right&#8221; overlay_strength=&#8221;0.3&#8243; width=&#8221;1\/2&#8243; tablet_width_inherit=&#8221;default&#8221; animation_type=&#8221;default&#8221; bg_image_animation=&#8221;none&#8221; border_type=&#8221;simple&#8221; column_border_width=&#8221;none&#8221; column_border_style=&#8221;solid&#8221;][image_with_animation image_url=&#8221;8291&#8243; image_size=&#8221;full&#8221; animation_type=&#8221;entrance&#8221; animation=&#8221;None&#8221; animation_movement_type=&#8221;transform_y&#8221; hover_animation=&#8221;zoom&#8221; alignment=&#8221;&#8221; img_link_large=&#8221;yes&#8221; border_radius=&#8221;none&#8221; box_shadow=&#8221;none&#8221; image_loading=&#8221;default&#8221; max_width=&#8221;100%&#8221; max_width_mobile=&#8221;default&#8221;][\/vc_column][vc_column column_padding=&#8221;no-extra-padding&#8221; column_padding_tablet=&#8221;inherit&#8221; column_padding_phone=&#8221;inherit&#8221; column_padding_position=&#8221;all&#8221; column_element_direction_desktop=&#8221;default&#8221; column_element_spacing=&#8221;default&#8221; desktop_text_alignment=&#8221;default&#8221; tablet_text_alignment=&#8221;default&#8221; phone_text_alignment=&#8221;default&#8221; background_color_opacity=&#8221;1&#8243; background_hover_color_opacity=&#8221;1&#8243; column_backdrop_filter=&#8221;none&#8221; column_shadow=&#8221;none&#8221; column_border_radius=&#8221;none&#8221; column_link_target=&#8221;_self&#8221; column_position=&#8221;default&#8221; gradient_direction=&#8221;left_to_right&#8221; overlay_strength=&#8221;0.3&#8243; width=&#8221;1\/2&#8243; tablet_width_inherit=&#8221;default&#8221; animation_type=&#8221;default&#8221; bg_image_animation=&#8221;none&#8221; border_type=&#8221;simple&#8221; column_border_width=&#8221;none&#8221; column_border_style=&#8221;solid&#8221;]<div class=\"nectar-fancy-ul\" data-list-icon=\"fa fa-lightbulb-o\" data-animation=\"false\" data-animation-delay=\"0\" data-color=\"accent-color\" data-spacing=\"default\" data-alignment=\"left\"> \n<ul>\n<li>Ausstellungsfl\u00e4che: 389.000 m\u00b2<\/li>\n<li>Aussteller: 2.776 aus 53 L\u00e4ndern (35% international)<\/li>\n<li>Besucher: 473.687 aus 149 L\u00e4ndern (31 % international)<\/li>\n<li>Medienberichterstattung w\u00e4hrend der Messe weltweit: 4,6 Mrd. Reichweite<\/li>\n<li>Zufriedenheit der Besucher: 90 % der Besucher bewerten ihren Besuch positiv, 70\u00a0% planen die Agritechnica auch 2025 zu besuchen.<\/li>\n<li>Zufriedenheit der Aussteller: 87 % der Aussteller bewerten ihre Messebeteiligung positiv, 85 % planen ihre Teilnahme an der Agritechnica 2025.<\/li>\n<\/ul>\n <\/div>[\/vc_column][\/vc_row][vc_row type=&#8221;in_container&#8221; full_screen_row_position=&#8221;middle&#8221; column_margin=&#8221;default&#8221; column_direction=&#8221;default&#8221; column_direction_tablet=&#8221;default&#8221; column_direction_phone=&#8221;default&#8221; scene_position=&#8221;center&#8221; text_color=&#8221;dark&#8221; text_align=&#8221;left&#8221; row_border_radius=&#8221;none&#8221; row_border_radius_applies=&#8221;bg&#8221; overflow=&#8221;visible&#8221; overlay_strength=&#8221;0.3&#8243; gradient_direction=&#8221;left_to_right&#8221; shape_divider_position=&#8221;bottom&#8221; bg_image_animation=&#8221;none&#8221;][vc_column column_padding=&#8221;no-extra-padding&#8221; column_padding_tablet=&#8221;inherit&#8221; column_padding_phone=&#8221;inherit&#8221; column_padding_position=&#8221;all&#8221; column_element_direction_desktop=&#8221;default&#8221; column_element_spacing=&#8221;default&#8221; desktop_text_alignment=&#8221;default&#8221; tablet_text_alignment=&#8221;default&#8221; phone_text_alignment=&#8221;default&#8221; background_color_opacity=&#8221;1&#8243; background_hover_color_opacity=&#8221;1&#8243; column_backdrop_filter=&#8221;none&#8221; column_shadow=&#8221;none&#8221; column_border_radius=&#8221;none&#8221; column_link_target=&#8221;_self&#8221; column_position=&#8221;default&#8221; gradient_direction=&#8221;left_to_right&#8221; overlay_strength=&#8221;0.3&#8243; width=&#8221;1\/1&#8243; tablet_width_inherit=&#8221;default&#8221; animation_type=&#8221;default&#8221; bg_image_animation=&#8221;none&#8221; border_type=&#8221;simple&#8221; column_border_width=&#8221;none&#8221; column_border_style=&#8221;solid&#8221;][vc_column_text]Insgesamt hat sich die Agritechnica zu einer unverzichtbaren Veranstaltung f\u00fcr die Branche der Landwirtschaft entwickelt. Mit 62% der Besucher, kommt der \u00fcberwiegende Teil aus dem Bereich der Land- und Forstwirtschaft, deren Hauptinteresse bei Traktoren sowie in der Pflanzen- und Tierproduktion lag.[\/vc_column_text][\/vc_column][\/vc_row][vc_row type=&#8221;in_container&#8221; full_screen_row_position=&#8221;middle&#8221; column_margin=&#8221;default&#8221; column_direction=&#8221;default&#8221; column_direction_tablet=&#8221;default&#8221; column_direction_phone=&#8221;default&#8221; scene_position=&#8221;center&#8221; text_color=&#8221;dark&#8221; text_align=&#8221;left&#8221; row_border_radius=&#8221;none&#8221; row_border_radius_applies=&#8221;bg&#8221; overflow=&#8221;visible&#8221; overlay_strength=&#8221;0.3&#8243; gradient_direction=&#8221;left_to_right&#8221; shape_divider_position=&#8221;bottom&#8221; bg_image_animation=&#8221;none&#8221;][vc_column column_padding=&#8221;no-extra-padding&#8221; column_padding_tablet=&#8221;inherit&#8221; column_padding_phone=&#8221;inherit&#8221; column_padding_position=&#8221;all&#8221; column_element_direction_desktop=&#8221;default&#8221; column_element_spacing=&#8221;default&#8221; desktop_text_alignment=&#8221;default&#8221; tablet_text_alignment=&#8221;default&#8221; phone_text_alignment=&#8221;default&#8221; background_color_opacity=&#8221;1&#8243; background_hover_color_opacity=&#8221;1&#8243; column_backdrop_filter=&#8221;none&#8221; column_shadow=&#8221;none&#8221; column_border_radius=&#8221;none&#8221; column_link_target=&#8221;_self&#8221; column_position=&#8221;default&#8221; gradient_direction=&#8221;left_to_right&#8221; overlay_strength=&#8221;0.3&#8243; width=&#8221;1\/2&#8243; tablet_width_inherit=&#8221;default&#8221; animation_type=&#8221;default&#8221; bg_image_animation=&#8221;none&#8221; border_type=&#8221;simple&#8221; column_border_width=&#8221;none&#8221; column_border_style=&#8221;solid&#8221;][vc_column_text]\n<h2><span class=\"ez-toc-section\" id=\"Aussteller_und_Besucher\"><\/span>Aussteller und Besucher<span class=\"ez-toc-section-end\"><\/span><\/h2>\n<p>Zu den rund 2.800 Ausstellern geh\u00f6ren f\u00fchrende Hersteller von Landmaschinen, Traktoren, Erntemaschinen und weiterer landwirtschaftlicher Ausr\u00fcstung, die mehr als 400.000 Besucher, darunter Landwirte, Unternehmer und Experten aus der Landwirtschaft, mit ihren Produkten begeistern.<\/p>\n<p>Begleitend zur Ausstellung werden aktuelle Themen der Landwirtschaft in zahlreichen Fachvortr\u00e4gen und Workshops diskutiert.[\/vc_column_text][\/vc_column][vc_column column_padding=&#8221;no-extra-padding&#8221; column_padding_tablet=&#8221;inherit&#8221; column_padding_phone=&#8221;inherit&#8221; column_padding_position=&#8221;all&#8221; column_element_direction_desktop=&#8221;default&#8221; column_element_spacing=&#8221;default&#8221; desktop_text_alignment=&#8221;default&#8221; tablet_text_alignment=&#8221;default&#8221; phone_text_alignment=&#8221;default&#8221; background_color_opacity=&#8221;1&#8243; background_hover_color_opacity=&#8221;1&#8243; column_backdrop_filter=&#8221;none&#8221; column_shadow=&#8221;none&#8221; column_border_radius=&#8221;none&#8221; column_link_target=&#8221;_self&#8221; column_position=&#8221;default&#8221; gradient_direction=&#8221;left_to_right&#8221; overlay_strength=&#8221;0.3&#8243; width=&#8221;1\/2&#8243; tablet_width_inherit=&#8221;default&#8221; animation_type=&#8221;default&#8221; bg_image_animation=&#8221;none&#8221; border_type=&#8221;simple&#8221; column_border_width=&#8221;none&#8221; column_border_style=&#8221;solid&#8221;][image_with_animation image_url=&#8221;8289&#8243; image_size=&#8221;full&#8221; animation_type=&#8221;entrance&#8221; animation=&#8221;None&#8221; animation_movement_type=&#8221;transform_y&#8221; hover_animation=&#8221;zoom&#8221; alignment=&#8221;&#8221; img_link_large=&#8221;yes&#8221; border_radius=&#8221;none&#8221; box_shadow=&#8221;none&#8221; image_loading=&#8221;default&#8221; max_width=&#8221;100%&#8221; max_width_mobile=&#8221;default&#8221;][\/vc_column][\/vc_row][vc_row type=&#8221;in_container&#8221; full_screen_row_position=&#8221;middle&#8221; column_margin=&#8221;default&#8221; column_direction=&#8221;default&#8221; column_direction_tablet=&#8221;default&#8221; column_direction_phone=&#8221;default&#8221; scene_position=&#8221;center&#8221; text_color=&#8221;dark&#8221; text_align=&#8221;left&#8221; row_border_radius=&#8221;none&#8221; row_border_radius_applies=&#8221;bg&#8221; overflow=&#8221;visible&#8221; overlay_strength=&#8221;0.3&#8243; gradient_direction=&#8221;left_to_right&#8221; shape_divider_position=&#8221;bottom&#8221; bg_image_animation=&#8221;none&#8221;][vc_column column_padding=&#8221;no-extra-padding&#8221; column_padding_tablet=&#8221;inherit&#8221; column_padding_phone=&#8221;inherit&#8221; column_padding_position=&#8221;bottom&#8221; column_element_direction_desktop=&#8221;default&#8221; column_element_spacing=&#8221;default&#8221; desktop_text_alignment=&#8221;default&#8221; tablet_text_alignment=&#8221;default&#8221; phone_text_alignment=&#8221;default&#8221; background_color_opacity=&#8221;1&#8243; background_hover_color_opacity=&#8221;1&#8243; column_backdrop_filter=&#8221;none&#8221; column_shadow=&#8221;none&#8221; column_border_radius=&#8221;none&#8221; column_link_target=&#8221;_self&#8221; column_position=&#8221;default&#8221; gradient_direction=&#8221;left_to_right&#8221; overlay_strength=&#8221;0.3&#8243; width=&#8221;1\/1&#8243; tablet_width_inherit=&#8221;default&#8221; animation_type=&#8221;default&#8221; bg_image_animation=&#8221;none&#8221; border_type=&#8221;simple&#8221; column_border_width=&#8221;none&#8221; column_border_style=&#8221;solid&#8221; column_padding_type=&#8221;default&#8221; gradient_type=&#8221;default&#8221;][vc_column_text]Ein weiteres Highlight im Rahmen der Agritechnica ist die Verleihung des \u201eInnovation Award AGRITECHNICA\u201c von der Deutschen Landwirtschafts-Gesellschaft. Geehrt werden Produkte, deren Funktion sich grundlegend ver\u00e4ndert hat und durch dessen Einsatz entweder ein neues Verfahren erm\u00f6glicht oder ein bestehendes wesentlich verbessert wird. Die Gewinner im Jahr 2023 k\u00f6nnen Sie hier einsehen[\/vc_column_text][\/vc_column][\/vc_row][vc_row type=&#8221;in_container&#8221; full_screen_row_position=&#8221;middle&#8221; column_margin=&#8221;default&#8221; column_direction=&#8221;default&#8221; column_direction_tablet=&#8221;default&#8221; column_direction_phone=&#8221;default&#8221; scene_position=&#8221;center&#8221; text_color=&#8221;dark&#8221; text_align=&#8221;left&#8221; row_border_radius=&#8221;none&#8221; row_border_radius_applies=&#8221;bg&#8221; overflow=&#8221;visible&#8221; overlay_strength=&#8221;0.3&#8243; gradient_direction=&#8221;left_to_right&#8221; shape_divider_position=&#8221;bottom&#8221; bg_image_animation=&#8221;none&#8221;][vc_column column_padding=&#8221;no-extra-padding&#8221; column_padding_tablet=&#8221;inherit&#8221; column_padding_phone=&#8221;inherit&#8221; column_padding_position=&#8221;all&#8221; column_element_direction_desktop=&#8221;default&#8221; column_element_spacing=&#8221;default&#8221; desktop_text_alignment=&#8221;default&#8221; tablet_text_alignment=&#8221;default&#8221; phone_text_alignment=&#8221;default&#8221; background_color_opacity=&#8221;1&#8243; background_hover_color_opacity=&#8221;1&#8243; column_backdrop_filter=&#8221;none&#8221; column_shadow=&#8221;none&#8221; column_border_radius=&#8221;none&#8221; column_link_target=&#8221;_self&#8221; column_position=&#8221;default&#8221; gradient_direction=&#8221;left_to_right&#8221; overlay_strength=&#8221;0.3&#8243; width=&#8221;1\/1&#8243; tablet_width_inherit=&#8221;default&#8221; animation_type=&#8221;default&#8221; bg_image_animation=&#8221;none&#8221; border_type=&#8221;simple&#8221; column_border_width=&#8221;none&#8221; column_border_style=&#8221;solid&#8221;][vc_column_text]\n<h2><span class=\"ez-toc-section\" id=\"Ausstellerstruktur\"><\/span>Ausstellerstruktur<span class=\"ez-toc-section-end\"><\/span><\/h2>\n<p>Die Aussteller der Agritechnica kamen 2023 aus 53 L\u00e4ndern. Zu den Top 20 Ausstellungsl\u00e4ndern geh\u00f6rten:[\/vc_column_text][\/vc_column][\/vc_row][vc_row type=&#8221;in_container&#8221; full_screen_row_position=&#8221;middle&#8221; column_margin=&#8221;default&#8221; column_direction=&#8221;default&#8221; column_direction_tablet=&#8221;default&#8221; column_direction_phone=&#8221;default&#8221; scene_position=&#8221;center&#8221; text_color=&#8221;dark&#8221; text_align=&#8221;left&#8221; row_border_radius=&#8221;none&#8221; row_border_radius_applies=&#8221;bg&#8221; overflow=&#8221;visible&#8221; overlay_strength=&#8221;0.3&#8243; gradient_direction=&#8221;left_to_right&#8221; shape_divider_position=&#8221;bottom&#8221; bg_image_animation=&#8221;none&#8221;][vc_column column_padding=&#8221;no-extra-padding&#8221; column_padding_tablet=&#8221;inherit&#8221; column_padding_phone=&#8221;inherit&#8221; column_padding_position=&#8221;all&#8221; column_element_direction_desktop=&#8221;default&#8221; column_element_spacing=&#8221;default&#8221; desktop_text_alignment=&#8221;default&#8221; tablet_text_alignment=&#8221;default&#8221; phone_text_alignment=&#8221;default&#8221; background_color_opacity=&#8221;1&#8243; background_hover_color_opacity=&#8221;1&#8243; column_backdrop_filter=&#8221;none&#8221; column_shadow=&#8221;none&#8221; column_border_radius=&#8221;none&#8221; column_link_target=&#8221;_self&#8221; column_position=&#8221;default&#8221; gradient_direction=&#8221;left_to_right&#8221; overlay_strength=&#8221;0.3&#8243; width=&#8221;1\/4&#8243; tablet_width_inherit=&#8221;default&#8221; animation_type=&#8221;default&#8221; bg_image_animation=&#8221;none&#8221; border_type=&#8221;simple&#8221; column_border_width=&#8221;none&#8221; column_border_style=&#8221;solid&#8221; column_padding_type=&#8221;default&#8221; gradient_type=&#8221;default&#8221;]<div class=\"nectar-fancy-ul\" data-list-icon=\"fa fa-lightbulb-o\" data-animation=\"false\" data-animation-delay=\"0\" data-color=\"accent-color\" data-spacing=\"default\" data-alignment=\"left\"> \n<ul>\n<li>Deutschland: 959<\/li>\n<li>Italien: 351<\/li>\n<li>Volksrepublik China: 174<\/li>\n<li>T\u00fcrkei: 157<\/li>\n<li>Niederlande: 142<\/li>\n<li>Frankreich: 106<\/li>\n<li>Indien: 79<\/li>\n<li>Polen: 71<\/li>\n<li>\u00d6sterreich: 66<\/li>\n<li>Gro\u00dfbritannien: 59<\/li>\n<li>USA: 56<\/li>\n<li>D\u00e4nemark: 55<\/li>\n<li>Spanien: 51<\/li>\n<li>Finnland: 46<\/li>\n<li>Kanada: 37<\/li>\n<li>Tschechische Republik: 35<\/li>\n<li>Ukraine: 33<\/li>\n<li>Schweden: 29<\/li>\n<li>Brasilien: 28<\/li>\n<li>Schweiz: 22<\/li>\n<\/ul>\n <\/div>[\/vc_column][vc_column column_padding=&#8221;no-extra-padding&#8221; column_padding_tablet=&#8221;inherit&#8221; column_padding_phone=&#8221;inherit&#8221; column_padding_position=&#8221;all&#8221; column_element_direction_desktop=&#8221;default&#8221; column_element_spacing=&#8221;default&#8221; desktop_text_alignment=&#8221;default&#8221; tablet_text_alignment=&#8221;default&#8221; phone_text_alignment=&#8221;default&#8221; background_color_opacity=&#8221;1&#8243; background_hover_color_opacity=&#8221;1&#8243; column_backdrop_filter=&#8221;none&#8221; column_shadow=&#8221;none&#8221; column_border_radius=&#8221;none&#8221; column_link_target=&#8221;_self&#8221; column_position=&#8221;default&#8221; gradient_direction=&#8221;left_to_right&#8221; overlay_strength=&#8221;0.3&#8243; width=&#8221;3\/4&#8243; tablet_width_inherit=&#8221;default&#8221; animation_type=&#8221;default&#8221; bg_image_animation=&#8221;none&#8221; border_type=&#8221;simple&#8221; column_border_width=&#8221;none&#8221; column_border_style=&#8221;solid&#8221;][image_with_animation image_url=&#8221;8285&#8243; image_size=&#8221;full&#8221; animation_type=&#8221;entrance&#8221; animation=&#8221;None&#8221; animation_movement_type=&#8221;transform_y&#8221; hover_animation=&#8221;zoom&#8221; alignment=&#8221;&#8221; img_link_large=&#8221;yes&#8221; border_radius=&#8221;none&#8221; box_shadow=&#8221;none&#8221; image_loading=&#8221;default&#8221; max_width=&#8221;100%&#8221; max_width_mobile=&#8221;default&#8221;][\/vc_column][\/vc_row][vc_row type=&#8221;in_container&#8221; full_screen_row_position=&#8221;middle&#8221; column_margin=&#8221;default&#8221; column_direction=&#8221;default&#8221; column_direction_tablet=&#8221;default&#8221; column_direction_phone=&#8221;default&#8221; scene_position=&#8221;center&#8221; text_color=&#8221;dark&#8221; text_align=&#8221;left&#8221; row_border_radius=&#8221;none&#8221; row_border_radius_applies=&#8221;bg&#8221; overflow=&#8221;visible&#8221; overlay_strength=&#8221;0.3&#8243; gradient_direction=&#8221;left_to_right&#8221; shape_divider_position=&#8221;bottom&#8221; bg_image_animation=&#8221;none&#8221;][vc_column column_padding=&#8221;no-extra-padding&#8221; column_padding_tablet=&#8221;inherit&#8221; column_padding_phone=&#8221;inherit&#8221; column_padding_position=&#8221;all&#8221; column_element_direction_desktop=&#8221;default&#8221; column_element_spacing=&#8221;default&#8221; desktop_text_alignment=&#8221;default&#8221; tablet_text_alignment=&#8221;default&#8221; phone_text_alignment=&#8221;default&#8221; background_color_opacity=&#8221;1&#8243; background_hover_color_opacity=&#8221;1&#8243; column_backdrop_filter=&#8221;none&#8221; column_shadow=&#8221;none&#8221; column_border_radius=&#8221;none&#8221; column_link_target=&#8221;_self&#8221; column_position=&#8221;default&#8221; gradient_direction=&#8221;left_to_right&#8221; overlay_strength=&#8221;0.3&#8243; width=&#8221;1\/1&#8243; tablet_width_inherit=&#8221;default&#8221; animation_type=&#8221;default&#8221; bg_image_animation=&#8221;none&#8221; border_type=&#8221;simple&#8221; column_border_width=&#8221;none&#8221; column_border_style=&#8221;solid&#8221;][vc_column_text]\n<h2><span class=\"ez-toc-section\" id=\"Produktgruppen\"><\/span><strong>Produktgruppen<\/strong><span class=\"ez-toc-section-end\"><\/span><\/h2>\n<p>Die Agritechnica bietet Ihren Besuchern Produkte aus folgenden Hauptkategorien:<\/p>\n\n<table id=\"tablepress-25-no-2\" class=\"tablepress tablepress-id-25\">\n<thead>\n<tr class=\"row-1\">\n\t<th class=\"column-1\">Kategorie <\/th><th class=\"column-2\">Anzahl der Aussteller<\/th>\n<\/tr>\n<\/thead>\n<tbody class=\"row-striping row-hover\">\n<tr class=\"row-2\">\n\t<td class=\"column-1\">Elektronik, Mess- und Wiegetechnik f\u00fcr die Pflanzenproduktion<\/td><td class=\"column-2\">395<\/td>\n<\/tr>\n<tr class=\"row-3\">\n\t<td class=\"column-1\">Ersatzteile<\/td><td class=\"column-2\">360<\/td>\n<\/tr>\n<tr class=\"row-4\">\n\t<td class=\"column-1\">Management, Dienstleistungen, Organisationen<\/td><td class=\"column-2\">327<\/td>\n<\/tr>\n<tr class=\"row-5\">\n\t<td class=\"column-1\">Ernte<\/td><td class=\"column-2\">300<\/td>\n<\/tr>\n<tr class=\"row-6\">\n\t<td class=\"column-1\">Bodenbearbeitung und Saatbettbereitung<\/td><td class=\"column-2\">299<\/td>\n<\/tr>\n<tr class=\"row-7\">\n\t<td class=\"column-1\">Hydraulik und Komponenten<\/td><td class=\"column-2\">288<\/td>\n<\/tr>\n<tr class=\"row-8\">\n\t<td class=\"column-1\">Antriebstechnik und Komponenten<\/td><td class=\"column-2\">286<\/td>\n<\/tr>\n<tr class=\"row-9\">\n\t<td class=\"column-1\">Erntegutaufbereitung, -f\u00f6rderung, -konservierung und -lagerung<\/td><td class=\"column-2\">273<\/td>\n<\/tr>\n<tr class=\"row-10\">\n\t<td class=\"column-1\">D\u00fcngung<\/td><td class=\"column-2\">268<\/td>\n<\/tr>\n<tr class=\"row-11\">\n\t<td class=\"column-1\">Pflanzenschutz<\/td><td class=\"column-2\">223<\/td>\n<\/tr>\n<tr class=\"row-12\">\n\t<td class=\"column-1\">Traktoren<\/td><td class=\"column-2\">222<\/td>\n<\/tr>\n<tr class=\"row-13\">\n\t<td class=\"column-1\">Fahrzeugelektrik und -elektronik<\/td><td class=\"column-2\">219<\/td>\n<\/tr>\n<tr class=\"row-14\">\n\t<td class=\"column-1\">Forst<\/td><td class=\"column-2\">199<\/td>\n<\/tr>\n<tr class=\"row-15\">\n\t<td class=\"column-1\">Saat und Bestellung<\/td><td class=\"column-2\">190<\/td>\n<\/tr>\n<tr class=\"row-16\">\n\t<td class=\"column-1\">Kommunaltechnik \/ Landschaftspflege<\/td><td class=\"column-2\">187<\/td>\n<\/tr>\n<tr class=\"row-17\">\n\t<td class=\"column-1\">Verschlei\u00dfteile<\/td><td class=\"column-2\">187<\/td>\n<\/tr>\n<tr class=\"row-18\">\n\t<td class=\"column-1\">Transport<\/td><td class=\"column-2\">186<\/td>\n<\/tr>\n<tr class=\"row-19\">\n\t<td class=\"column-1\">Fahrzeugkabinen und Komponenten, An - und Aufbauten<\/td><td class=\"column-2\">173<\/td>\n<\/tr>\n<tr class=\"row-20\">\n\t<td class=\"column-1\">Bew\u00e4sserung<\/td><td class=\"column-2\">162<\/td>\n<\/tr>\n<tr class=\"row-21\">\n\t<td class=\"column-1\">Motoren und Komponenten<\/td><td class=\"column-2\">159<\/td>\n<\/tr>\n<tr class=\"row-22\">\n\t<td class=\"column-1\">Obst, Gem\u00fcse und andere Sonderkulturen<\/td><td class=\"column-2\">141<\/td>\n<\/tr>\n<tr class=\"row-23\">\n\t<td class=\"column-1\">Betriebsmittel<\/td><td class=\"column-2\">138<\/td>\n<\/tr>\n<tr class=\"row-24\">\n\t<td class=\"column-1\">Werkstattausr\u00fcstung<\/td><td class=\"column-2\">135<\/td>\n<\/tr>\n<tr class=\"row-25\">\n\t<td class=\"column-1\">Mobile Ladetechnik<\/td><td class=\"column-2\">122<\/td>\n<\/tr>\n<tr class=\"row-26\">\n\t<td class=\"column-1\">Reifen und R\u00e4der<\/td><td class=\"column-2\">98<\/td>\n<\/tr>\n<tr class=\"row-27\">\n\t<td class=\"column-1\">Indoor Farming \u2013 Vertical Farming und andere New Food Systems<\/td><td class=\"column-2\">92<\/td>\n<\/tr>\n<tr class=\"row-28\">\n\t<td class=\"column-1\">Hofbedarf und Gr\u00fcnlandpflege<\/td><td class=\"column-2\">79<\/td>\n<\/tr>\n<tr class=\"row-29\">\n\t<td class=\"column-1\">Tanks<\/td><td class=\"column-2\">67<\/td>\n<\/tr>\n<tr class=\"row-30\">\n\t<td class=\"column-1\">Feste Biobrennstoffe<\/td><td class=\"column-2\">52<\/td>\n<\/tr>\n<tr class=\"row-31\">\n\t<td class=\"column-1\">Regenerative Energien<\/td><td class=\"column-2\">52<\/td>\n<\/tr>\n<tr class=\"row-32\">\n\t<td class=\"column-1\">Gebrauchtmaschinenhandel<\/td><td class=\"column-2\">28<\/td>\n<\/tr>\n<tr class=\"row-33\">\n\t<td class=\"column-1\">Entw\u00e4sserung<\/td><td class=\"column-2\">22<\/td>\n<\/tr>\n<tr class=\"row-34\">\n\t<td class=\"column-1\">Sonderschauen<\/td><td class=\"column-2\">17<\/td>\n<\/tr>\n<tr class=\"row-35\">\n\t<td class=\"column-1\">Direktvermarktung<\/td><td class=\"column-2\">11<\/td>\n<\/tr>\n<tr class=\"row-36\">\n\t<td class=\"column-1\">Fernw\u00e4rmetechnik<\/td><td class=\"column-2\">9<\/td>\n<\/tr>\n<tr class=\"row-37\">\n\t<td class=\"column-1\">Sonstiges<\/td><td class=\"column-2\">6<\/td>\n<\/tr>\n<\/tbody>\n<\/table>\n<!-- #tablepress-25-no-2 from cache -->\n<p>Produktgruppen (agritechnica.com)[\/vc_column_text][\/vc_column][\/vc_row][vc_row type=&#8221;in_container&#8221; full_screen_row_position=&#8221;middle&#8221; column_margin=&#8221;default&#8221; column_direction=&#8221;default&#8221; column_direction_tablet=&#8221;default&#8221; column_direction_phone=&#8221;default&#8221; scene_position=&#8221;center&#8221; text_color=&#8221;dark&#8221; text_align=&#8221;left&#8221; row_border_radius=&#8221;none&#8221; row_border_radius_applies=&#8221;bg&#8221; overflow=&#8221;visible&#8221; overlay_strength=&#8221;0.3&#8243; gradient_direction=&#8221;left_to_right&#8221; shape_divider_position=&#8221;bottom&#8221; bg_image_animation=&#8221;none&#8221;][vc_column column_padding=&#8221;no-extra-padding&#8221; column_padding_tablet=&#8221;inherit&#8221; column_padding_phone=&#8221;inherit&#8221; column_padding_position=&#8221;all&#8221; column_element_direction_desktop=&#8221;default&#8221; column_element_spacing=&#8221;default&#8221; desktop_text_alignment=&#8221;default&#8221; tablet_text_alignment=&#8221;default&#8221; phone_text_alignment=&#8221;default&#8221; background_color_opacity=&#8221;1&#8243; background_hover_color_opacity=&#8221;1&#8243; column_backdrop_filter=&#8221;none&#8221; column_shadow=&#8221;none&#8221; column_border_radius=&#8221;none&#8221; column_link_target=&#8221;_self&#8221; column_position=&#8221;default&#8221; gradient_direction=&#8221;left_to_right&#8221; overlay_strength=&#8221;0.3&#8243; width=&#8221;1\/1&#8243; tablet_width_inherit=&#8221;default&#8221; animation_type=&#8221;default&#8221; bg_image_animation=&#8221;none&#8221; border_type=&#8221;simple&#8221; column_border_width=&#8221;none&#8221; column_border_style=&#8221;solid&#8221;][vc_column_text]\n<h2><span class=\"ez-toc-section\" id=\"Naechster_Termin_und_weitere_Informationen\"><\/span>N\u00e4chster Termin und weitere Informationen<span class=\"ez-toc-section-end\"><\/span><\/h2>\n<p>Fans der Agritechnica kommen vom 14.11. bis 20.11.2027 wieder auf ihre Kosten. T\u00e4glich von 9:00 Uhr bis 18:00 Uhr k\u00f6nnen sich Interessierte \u00fcber aktuelle Entwicklungen aus der Landtechnik informieren.<\/p>\n<p>Aussteller k\u00f6nnen sich \u00fcber die offizielle Website der Agritechnica (<a title=\"Aussteller Portal\" href=\"https:\/\/portalagritechnica.dlg.org\/vrExhibitor\/(S(bn2qyg5xay4lalvk0sfy1kpt))\/CommonPortal\/Account\/Login\" target=\"blank\" rel=\"noopener\">AGRITECHNICA &#8211; THE WORLD&#8217;S NO. 1 (dlg.org))<\/a>\u00a0anmelden. Besucher m\u00fcssen sich f\u00fcr den Erwerb der Eintrittstickets noch etwas gedulden.[\/vc_column_text][\/vc_column][\/vc_row][vc_row type=&#8221;in_container&#8221; full_screen_row_position=&#8221;middle&#8221; column_margin=&#8221;default&#8221; column_direction=&#8221;default&#8221; column_direction_tablet=&#8221;default&#8221; column_direction_phone=&#8221;default&#8221; scene_position=&#8221;center&#8221; text_color=&#8221;dark&#8221; text_align=&#8221;left&#8221; row_border_radius=&#8221;none&#8221; row_border_radius_applies=&#8221;bg&#8221; overflow=&#8221;visible&#8221; overlay_strength=&#8221;0.3&#8243; gradient_direction=&#8221;left_to_right&#8221; shape_divider_position=&#8221;bottom&#8221; bg_image_animation=&#8221;none&#8221;][vc_column column_padding=&#8221;padding-3-percent&#8221; column_padding_tablet=&#8221;inherit&#8221; column_padding_phone=&#8221;inherit&#8221; column_padding_position=&#8221;all&#8221; column_element_direction_desktop=&#8221;default&#8221; column_element_spacing=&#8221;default&#8221; desktop_text_alignment=&#8221;default&#8221; tablet_text_alignment=&#8221;default&#8221; phone_text_alignment=&#8221;default&#8221; background_color_opacity=&#8221;1&#8243; background_hover_color_opacity=&#8221;1&#8243; column_backdrop_filter=&#8221;none&#8221; column_shadow=&#8221;none&#8221; column_border_radius=&#8221;none&#8221; column_link_target=&#8221;_self&#8221; column_position=&#8221;default&#8221; gradient_direction=&#8221;left_to_right&#8221; overlay_strength=&#8221;0.3&#8243; width=&#8221;1\/1&#8243; tablet_width_inherit=&#8221;default&#8221; animation_type=&#8221;default&#8221; bg_image_animation=&#8221;none&#8221; border_type=&#8221;simple&#8221; column_border_width=&#8221;1px&#8221; column_border_color=&#8221;#000000&#8243; column_border_style=&#8221;solid&#8221; column_padding_type=&#8221;default&#8221; gradient_type=&#8221;default&#8221;][vc_column_text]\n<h2><span class=\"ez-toc-section\" id=\"Fazit\"><\/span>Fazit<span class=\"ez-toc-section-end\"><\/span><\/h2>\n<p>Bei der Agritechnica informieren sich Fachbesucher und Interessierte \u00fcber die neuesten technologischen Entwicklungen und Innovationen in der Landtechnik. Viele Aussteller nutzen die Messe, um ihre neuesten Produkte und Technologien einschlie\u00dflich der Nutzung von Drohnen und Robotik vorzustellen.<\/p>\n<p>Begleitend k\u00f6nnen sich Besucher bei Vortr\u00e4gen und Diskussionen \u00fcber aktuelle Themen und Herausforderungen in der Landwirtschaft informieren, sowie Wissen und Erfahrungen austauschen.<\/p>\n<p>In den letzten Jahren stieg auch der Fokus auf nachhaltigen Technologien, die eine umweltschonende Landwirtschaft unterst\u00fctzen.[\/vc_column_text][\/vc_column][\/vc_row][vc_row type=&#8221;in_container&#8221; full_screen_row_position=&#8221;middle&#8221; column_margin=&#8221;default&#8221; column_direction=&#8221;default&#8221; column_direction_tablet=&#8221;default&#8221; column_direction_phone=&#8221;default&#8221; scene_position=&#8221;center&#8221; text_color=&#8221;dark&#8221; text_align=&#8221;left&#8221; row_border_radius=&#8221;none&#8221; row_border_radius_applies=&#8221;bg&#8221; overflow=&#8221;visible&#8221; overlay_strength=&#8221;0.3&#8243; gradient_direction=&#8221;left_to_right&#8221; shape_divider_position=&#8221;bottom&#8221; bg_image_animation=&#8221;none&#8221;][vc_column column_padding=&#8221;no-extra-padding&#8221; column_padding_tablet=&#8221;inherit&#8221; column_padding_phone=&#8221;inherit&#8221; column_padding_position=&#8221;all&#8221; column_element_direction_desktop=&#8221;default&#8221; column_element_spacing=&#8221;default&#8221; desktop_text_alignment=&#8221;default&#8221; tablet_text_alignment=&#8221;default&#8221; phone_text_alignment=&#8221;default&#8221; background_color_opacity=&#8221;1&#8243; background_hover_color_opacity=&#8221;1&#8243; column_backdrop_filter=&#8221;none&#8221; column_shadow=&#8221;none&#8221; column_border_radius=&#8221;none&#8221; column_link_target=&#8221;_self&#8221; column_position=&#8221;default&#8221; gradient_direction=&#8221;left_to_right&#8221; overlay_strength=&#8221;0.3&#8243; width=&#8221;1\/1&#8243; tablet_width_inherit=&#8221;default&#8221; animation_type=&#8221;default&#8221; bg_image_animation=&#8221;none&#8221; border_type=&#8221;simple&#8221; column_border_width=&#8221;none&#8221; column_border_style=&#8221;solid&#8221;][vc_column_text]Quellenangabe:<\/p>\n<p><a class=\"new\" title=\"User:DLG e.V. (page does not exist)\" href=\"https:\/\/de.wikipedia.org\/wiki\/Agritechnica#\/media\/Datei:Agritechnica19.jpg\" target=\"blank\" rel=\"noopener\">DLG e.V.<\/a>\u00a0&#8211;\u00a0<span class=\"mw-mmv-source\"><span class=\"int-own-work\" lang=\"de\">Eigenes Werk<\/span><\/span><\/p>\n<p><a class=\"extiw\" title=\"de:Agritechnica\" href=\"https:\/\/de.wikipedia.org\/wiki\/Agritechnica\" target=\"blank\" rel=\"noopener\">Agritechnica<\/a>\u00a02013,\u00a0<a class=\"extiw\" title=\"de:John Deere\" href=\"https:\/\/de.wikipedia.org\/wiki\/John_Deere\" target=\"blank\" rel=\"noopener\">John Deere\/Wikipedia<\/a> &#8211; Eigenes Werk[\/vc_column_text][\/vc_column][\/vc_row]\n","protected":false},"excerpt":{"rendered":"<p>2 [vc_row type=&#8221;in_container&#8221; full_screen_row_position=&#8221;middle&#8221; column_margin=&#8221;default&#8221; column_direction=&#8221;default&#8221; column_direction_tablet=&#8221;default&#8221; column_direction_phone=&#8221;default&#8221; scene_position=&#8221;center&#8221; text_color=&#8221;dark&#8221; text_align=&#8221;left&#8221; row_border_radius=&#8221;none&#8221; row_border_radius_applies=&#8221;bg&#8221; overflow=&#8221;visible&#8221; overlay_strength=&#8221;0.3&#8243;&#8230;<\/p>\n","protected":false},"author":11,"featured_media":8308,"comment_status":"closed","ping_status":"open","sticky":false,"template":"","format":"standard","meta":{"_acf_changed":false,"_lmt_disableupdate":"no","_lmt_disable":"no","footnotes":""},"categories":[10],"tags":[],"class_list":{"0":"post-8261","1":"post","2":"type-post","3":"status-publish","4":"format-standard","5":"has-post-thumbnail","7":"category-messestaedte"},"acf":[],"yoast_head":"<!-- This site is optimized with the Yoast SEO plugin v27.5 - https:\/\/yoast.com\/product\/yoast-seo-wordpress\/ -->\n<title>AGRITECHNICA Hannover \u2013 Leitmesse f\u00fcr Landtechnik<\/title>\n<meta name=\"description\" content=\"AGRITECHNICA Hannover: Innovationen, Branchentrends &amp; Marktpotenzial der internationalen Leitmesse f\u00fcr Landtechnik im \u00dcberblick.\" \/>\n<meta name=\"robots\" content=\"index, follow, max-snippet:-1, max-image-preview:large, max-video-preview:-1\" \/>\n<link rel=\"canonical\" href=\"https:\/\/www.displayhersteller.de\/ratgeber\/messestaedte\/agritechnica\" \/>\n<meta property=\"og:locale\" content=\"de_DE\" \/>\n<meta property=\"og:type\" content=\"article\" \/>\n<meta property=\"og:title\" content=\"AGRITECHNICA Hannover \u2013 Leitmesse f\u00fcr Landtechnik\" \/>\n<meta property=\"og:description\" content=\"AGRITECHNICA Hannover: Innovationen, Branchentrends &amp; Marktpotenzial der internationalen Leitmesse f\u00fcr Landtechnik im \u00dcberblick.\" \/>\n<meta property=\"og:url\" content=\"https:\/\/www.displayhersteller.de\/ratgeber\/messestaedte\/agritechnica\" \/>\n<meta property=\"og:site_name\" content=\"displayhersteller Ratgeber\" \/>\n<meta property=\"article:author\" content=\"https:\/\/www.facebook.com\/displayhersteller\" \/>\n<meta property=\"article:published_time\" content=\"2024-06-06T14:39:05+00:00\" \/>\n<meta property=\"article:modified_time\" content=\"2026-02-26T07:20:55+00:00\" \/>\n<meta property=\"og:image\" content=\"http:\/\/www.displayhersteller.de\/ratgeber\/wp-content\/uploads\/2024\/06\/Titelbild-ohne-Text.jpg\" \/>\n\t<meta property=\"og:image:width\" content=\"1839\" \/>\n\t<meta property=\"og:image:height\" content=\"945\" \/>\n\t<meta property=\"og:image:type\" content=\"image\/jpeg\" \/>\n<meta name=\"author\" content=\"Selin Alica\" \/>\n<meta name=\"twitter:card\" content=\"summary_large_image\" \/>\n<meta name=\"twitter:label1\" content=\"Geschrieben von\" \/>\n\t<meta name=\"twitter:data1\" content=\"Selin Alica\" \/>\n\t<meta name=\"twitter:label2\" content=\"Gesch\u00e4tzte Lesezeit\" \/>\n\t<meta name=\"twitter:data2\" content=\"11\u00a0Minuten\" \/>\n<!-- \/ Yoast SEO plugin. -->","yoast_head_json":{"title":"AGRITECHNICA Hannover \u2013 Leitmesse f\u00fcr Landtechnik","description":"AGRITECHNICA Hannover: Innovationen, Branchentrends & Marktpotenzial der internationalen Leitmesse f\u00fcr Landtechnik im \u00dcberblick.","robots":{"index":"index","follow":"follow","max-snippet":"max-snippet:-1","max-image-preview":"max-image-preview:large","max-video-preview":"max-video-preview:-1"},"canonical":"https:\/\/www.displayhersteller.de\/ratgeber\/messestaedte\/agritechnica","og_locale":"de_DE","og_type":"article","og_title":"AGRITECHNICA Hannover \u2013 Leitmesse f\u00fcr Landtechnik","og_description":"AGRITECHNICA Hannover: Innovationen, Branchentrends & Marktpotenzial der internationalen Leitmesse f\u00fcr Landtechnik im \u00dcberblick.","og_url":"https:\/\/www.displayhersteller.de\/ratgeber\/messestaedte\/agritechnica","og_site_name":"displayhersteller Ratgeber","article_author":"https:\/\/www.facebook.com\/displayhersteller","article_published_time":"2024-06-06T14:39:05+00:00","article_modified_time":"2026-02-26T07:20:55+00:00","og_image":[{"width":1839,"height":945,"url":"http:\/\/www.displayhersteller.de\/ratgeber\/wp-content\/uploads\/2024\/06\/Titelbild-ohne-Text.jpg","type":"image\/jpeg"}],"author":"Selin Alica","twitter_card":"summary_large_image","twitter_misc":{"Geschrieben von":"Selin Alica","Gesch\u00e4tzte Lesezeit":"11\u00a0Minuten"},"schema":{"@context":"https:\/\/schema.org","@graph":[{"@type":"Article","@id":"https:\/\/www.displayhersteller.de\/ratgeber\/messestaedte\/agritechnica#article","isPartOf":{"@id":"https:\/\/www.displayhersteller.de\/ratgeber\/messestaedte\/agritechnica"},"author":{"name":"Selin Alica","@id":"https:\/\/www.displayhersteller.de\/ratgeber\/#\/schema\/person\/1300a732ee83919ebb218862e2c750c7"},"headline":"AGRITECHNICA Hannover \u2013 Die Weltleitmesse f\u00fcr Landtechnik","datePublished":"2024-06-06T14:39:05+00:00","dateModified":"2026-02-26T07:20:55+00:00","mainEntityOfPage":{"@id":"https:\/\/www.displayhersteller.de\/ratgeber\/messestaedte\/agritechnica"},"wordCount":3935,"image":{"@id":"https:\/\/www.displayhersteller.de\/ratgeber\/messestaedte\/agritechnica#primaryimage"},"thumbnailUrl":"https:\/\/www.displayhersteller.de\/ratgeber\/wp-content\/uploads\/2024\/06\/Titelbild-ohne-Text.jpg","articleSection":["Messest\u00e4dte"],"inLanguage":"de"},{"@type":"WebPage","@id":"https:\/\/www.displayhersteller.de\/ratgeber\/messestaedte\/agritechnica","url":"https:\/\/www.displayhersteller.de\/ratgeber\/messestaedte\/agritechnica","name":"AGRITECHNICA Hannover \u2013 Leitmesse f\u00fcr Landtechnik","isPartOf":{"@id":"https:\/\/www.displayhersteller.de\/ratgeber\/#website"},"primaryImageOfPage":{"@id":"https:\/\/www.displayhersteller.de\/ratgeber\/messestaedte\/agritechnica#primaryimage"},"image":{"@id":"https:\/\/www.displayhersteller.de\/ratgeber\/messestaedte\/agritechnica#primaryimage"},"thumbnailUrl":"https:\/\/www.displayhersteller.de\/ratgeber\/wp-content\/uploads\/2024\/06\/Titelbild-ohne-Text.jpg","datePublished":"2024-06-06T14:39:05+00:00","dateModified":"2026-02-26T07:20:55+00:00","author":{"@id":"https:\/\/www.displayhersteller.de\/ratgeber\/#\/schema\/person\/1300a732ee83919ebb218862e2c750c7"},"description":"AGRITECHNICA Hannover: Innovationen, Branchentrends & Marktpotenzial der internationalen Leitmesse f\u00fcr Landtechnik im \u00dcberblick.","breadcrumb":{"@id":"https:\/\/www.displayhersteller.de\/ratgeber\/messestaedte\/agritechnica#breadcrumb"},"inLanguage":"de","potentialAction":[{"@type":"ReadAction","target":["https:\/\/www.displayhersteller.de\/ratgeber\/messestaedte\/agritechnica"]}]},{"@type":"ImageObject","inLanguage":"de","@id":"https:\/\/www.displayhersteller.de\/ratgeber\/messestaedte\/agritechnica#primaryimage","url":"https:\/\/www.displayhersteller.de\/ratgeber\/wp-content\/uploads\/2024\/06\/Titelbild-ohne-Text.jpg","contentUrl":"https:\/\/www.displayhersteller.de\/ratgeber\/wp-content\/uploads\/2024\/06\/Titelbild-ohne-Text.jpg","width":1839,"height":945},{"@type":"BreadcrumbList","@id":"https:\/\/www.displayhersteller.de\/ratgeber\/messestaedte\/agritechnica#breadcrumb","itemListElement":[{"@type":"ListItem","position":1,"name":"Home","item":"https:\/\/www.displayhersteller.de\/ratgeber"},{"@type":"ListItem","position":2,"name":"AGRITECHNICA Hannover \u2013 Die Weltleitmesse f\u00fcr Landtechnik"}]},{"@type":"WebSite","@id":"https:\/\/www.displayhersteller.de\/ratgeber\/#website","url":"https:\/\/www.displayhersteller.de\/ratgeber\/","name":"displayhersteller Ratgeber","description":"Informative Beitr\u00e4ge zu Messest\u00e4nden, Werbeaufstellern f\u00fcr Messen, Events und Veranstaltungen","potentialAction":[{"@type":"SearchAction","target":{"@type":"EntryPoint","urlTemplate":"https:\/\/www.displayhersteller.de\/ratgeber\/?s={search_term_string}"},"query-input":{"@type":"PropertyValueSpecification","valueRequired":true,"valueName":"search_term_string"}}],"inLanguage":"de"},{"@type":"Person","@id":"https:\/\/www.displayhersteller.de\/ratgeber\/#\/schema\/person\/1300a732ee83919ebb218862e2c750c7","name":"Selin Alica","image":{"@type":"ImageObject","inLanguage":"de","@id":"https:\/\/secure.gravatar.com\/avatar\/650c55b627ba9992a08d890f7aa957ebf15c0e3479fbe7a420fa4fec345b976a?s=96&d=mm&r=g","url":"https:\/\/secure.gravatar.com\/avatar\/650c55b627ba9992a08d890f7aa957ebf15c0e3479fbe7a420fa4fec345b976a?s=96&d=mm&r=g","contentUrl":"https:\/\/secure.gravatar.com\/avatar\/650c55b627ba9992a08d890f7aa957ebf15c0e3479fbe7a420fa4fec345b976a?s=96&d=mm&r=g","caption":"Selin Alica"},"description":"Selin ist offiziell seit 2024 Teil des Teams von Displayhersteller.de und bringt frischen Wind sowie ein feines Gesp\u00fcr f\u00fcr Inhalte mit. Als Mediengestalterin mit Schwerpunkt Content Management sorgt sie daf\u00fcr, dass alle Informationen rund um unsere Produkte strukturiert, ansprechend und informativ aufbereitet sind. Messe-DNA hat sie quasi im Blut \u2013 aufgewachsen in einem familiengef\u00fchrten Messebauunternehmen, kennt sie die Branche von Grund auf. Ihre Mischung aus Textsicherheit und Messeerfahrung macht sie zu einer wertvollen Stimme im Ratgeber von Displayhersteller.de.","sameAs":["https:\/\/www.displayhersteller.de\/de\/","https:\/\/www.facebook.com\/displayhersteller","https:\/\/www.instagram.com\/displayhersteller\/","https:\/\/www.linkedin.com\/company\/12794866\/admin\/page-posts\/published\/","https:\/\/www.youtube.com\/@displayhersteller"],"url":"https:\/\/www.displayhersteller.de\/ratgeber\/author\/selin"}]}},"modified_by":"Jonas Dollhofer","_links":{"self":[{"href":"https:\/\/www.displayhersteller.de\/ratgeber\/wp-json\/wp\/v2\/posts\/8261","targetHints":{"allow":["GET"]}}],"collection":[{"href":"https:\/\/www.displayhersteller.de\/ratgeber\/wp-json\/wp\/v2\/posts"}],"about":[{"href":"https:\/\/www.displayhersteller.de\/ratgeber\/wp-json\/wp\/v2\/types\/post"}],"author":[{"embeddable":true,"href":"https:\/\/www.displayhersteller.de\/ratgeber\/wp-json\/wp\/v2\/users\/11"}],"replies":[{"embeddable":true,"href":"https:\/\/www.displayhersteller.de\/ratgeber\/wp-json\/wp\/v2\/comments?post=8261"}],"version-history":[{"count":61,"href":"https:\/\/www.displayhersteller.de\/ratgeber\/wp-json\/wp\/v2\/posts\/8261\/revisions"}],"predecessor-version":[{"id":10303,"href":"https:\/\/www.displayhersteller.de\/ratgeber\/wp-json\/wp\/v2\/posts\/8261\/revisions\/10303"}],"wp:featuredmedia":[{"embeddable":true,"href":"https:\/\/www.displayhersteller.de\/ratgeber\/wp-json\/wp\/v2\/media\/8308"}],"wp:attachment":[{"href":"https:\/\/www.displayhersteller.de\/ratgeber\/wp-json\/wp\/v2\/media?parent=8261"}],"wp:term":[{"taxonomy":"category","embeddable":true,"href":"https:\/\/www.displayhersteller.de\/ratgeber\/wp-json\/wp\/v2\/categories?post=8261"},{"taxonomy":"post_tag","embeddable":true,"href":"https:\/\/www.displayhersteller.de\/ratgeber\/wp-json\/wp\/v2\/tags?post=8261"}],"curies":[{"name":"wp","href":"https:\/\/api.w.org\/{rel}","templated":true}]}}