{"id":8409,"date":"2024-06-14T10:24:14","date_gmt":"2024-06-14T08:24:14","guid":{"rendered":"https:\/\/www.displayhersteller.de\/ratgeber\/?p=8409"},"modified":"2026-02-25T16:49:45","modified_gmt":"2026-02-25T15:49:45","slug":"internationale-gruene-woche","status":"publish","type":"post","link":"https:\/\/www.displayhersteller.de\/ratgeber\/messestaedte\/internationale-gruene-woche","title":{"rendered":"Internationale Gr\u00fcne Woche \u2013 Die Agrar- und Ern\u00e4hrungsmesse in Berlin"},"content":{"rendered":"<div class=\"pld-like-dislike-wrap pld-template-1\">\r\n    <div class=\"pld-like-wrap  pld-common-wrap\">\r\n    <a href=\"javascript:void(0)\" class=\"pld-like-trigger pld-like-dislike-trigger  \" title=\"Gef\u00e4llt mir\" data-post-id=\"8409\" data-trigger-type=\"like\" data-restriction=\"cookie\" data-already-liked=\"0\">\r\n                        <i class=\"fas fa-thumbs-up\"><\/i>\r\n                <\/a>\r\n    <span class=\"pld-like-count-wrap pld-count-wrap\">2    <\/span>\r\n<\/div><\/div>[vc_row type=&#8221;in_container&#8221; full_screen_row_position=&#8221;middle&#8221; column_margin=&#8221;default&#8221; column_direction=&#8221;default&#8221; column_direction_tablet=&#8221;default&#8221; column_direction_phone=&#8221;default&#8221; scene_position=&#8221;center&#8221; text_color=&#8221;dark&#8221; text_align=&#8221;left&#8221; row_border_radius=&#8221;none&#8221; row_border_radius_applies=&#8221;bg&#8221; overflow=&#8221;visible&#8221; overlay_strength=&#8221;0.3&#8243; gradient_direction=&#8221;left_to_right&#8221; shape_divider_position=&#8221;bottom&#8221; bg_image_animation=&#8221;none&#8221;][vc_column column_padding=&#8221;no-extra-padding&#8221; column_padding_tablet=&#8221;inherit&#8221; column_padding_phone=&#8221;inherit&#8221; column_padding_position=&#8221;all&#8221; column_element_direction_desktop=&#8221;default&#8221; column_element_spacing=&#8221;default&#8221; desktop_text_alignment=&#8221;default&#8221; tablet_text_alignment=&#8221;default&#8221; phone_text_alignment=&#8221;default&#8221; background_color_opacity=&#8221;1&#8243; background_hover_color_opacity=&#8221;1&#8243; column_backdrop_filter=&#8221;none&#8221; column_shadow=&#8221;none&#8221; column_border_radius=&#8221;none&#8221; column_link_target=&#8221;_self&#8221; column_position=&#8221;default&#8221; gradient_direction=&#8221;left_to_right&#8221; overlay_strength=&#8221;0.3&#8243; width=&#8221;1\/1&#8243; tablet_width_inherit=&#8221;default&#8221; animation_type=&#8221;default&#8221; bg_image_animation=&#8221;none&#8221; border_type=&#8221;simple&#8221; column_border_width=&#8221;none&#8221; column_border_style=&#8221;solid&#8221;][vc_column_text]Die Internationale Gr\u00fcne Woche (IGW) ist eine weltweilt bekannte Messe f\u00fcr Ern\u00e4hrung, Landwirtschaft und Gartenbau. Sie ist auch unter \u201eGr\u00fcne Woche\u201c bekannt und wird j\u00e4hrlich im Januar in Berlin veranstaltet. Unternehmen, Verb\u00e4nde und Regionen pr\u00e4sentieren hier Produkte und Innovationen einem breiten Publikum. F\u00fcr eine professionelle Pr\u00e4sentation setzen viele Aussteller auf <a title=\"Messestand\" href=\"https:\/\/www.displayhersteller.de\/de\/messestaende-sets\">modulare Messestand-L\u00f6sungen<\/a> f\u00fcr Agrar- und Verbrauchermessen, die flexibel an unterschiedliche Standfl\u00e4chen angepasst werden k\u00f6nnen<\/p>\n<p>Sie tr\u00e4gt zur Entwicklung und F\u00f6rderung nachhaltiger und innovativer L\u00f6sungen in der Landwirtschaft und der Ern\u00e4hrung bei und erm\u00f6glicht den Austausch zwischen Produzenten, Konsumenten und Verantwortlichen in der Politik.<\/p>\n<div id=\"ez-toc-container\" class=\"ez-toc-v2_0_82_2 counter-hierarchy ez-toc-counter ez-toc-grey ez-toc-container-direction\">\n<div class=\"ez-toc-title-container\">\n<p class=\"ez-toc-title\" style=\"cursor:inherit\">Inhaltsverzeichnis<\/p>\n<span class=\"ez-toc-title-toggle\"><a href=\"#\" class=\"ez-toc-pull-right ez-toc-btn ez-toc-btn-xs ez-toc-btn-default ez-toc-toggle\" aria-label=\"Toggle Table of Content\"><span class=\"ez-toc-js-icon-con\"><span class=\"\"><span class=\"eztoc-hide\" style=\"display:none;\">Toggle<\/span><span class=\"ez-toc-icon-toggle-span\"><svg style=\"fill: #999;color:#999\" xmlns=\"http:\/\/www.w3.org\/2000\/svg\" class=\"list-377408\" width=\"20px\" height=\"20px\" viewBox=\"0 0 24 24\" fill=\"none\"><path d=\"M6 6H4v2h2V6zm14 0H8v2h12V6zM4 11h2v2H4v-2zm16 0H8v2h12v-2zM4 16h2v2H4v-2zm16 0H8v2h12v-2z\" fill=\"currentColor\"><\/path><\/svg><svg style=\"fill: #999;color:#999\" class=\"arrow-unsorted-368013\" xmlns=\"http:\/\/www.w3.org\/2000\/svg\" width=\"10px\" height=\"10px\" viewBox=\"0 0 24 24\" version=\"1.2\" baseProfile=\"tiny\"><path d=\"M18.2 9.3l-6.2-6.3-6.2 6.3c-.2.2-.3.4-.3.7s.1.5.3.7c.2.2.4.3.7.3h11c.3 0 .5-.1.7-.3.2-.2.3-.5.3-.7s-.1-.5-.3-.7zM5.8 14.7l6.2 6.3 6.2-6.3c.2-.2.3-.5.3-.7s-.1-.5-.3-.7c-.2-.2-.4-.3-.7-.3h-11c-.3 0-.5.1-.7.3-.2.2-.3.5-.3.7s.1.5.3.7z\"\/><\/svg><\/span><\/span><\/span><\/a><\/span><\/div>\n<nav><ul class='ez-toc-list ez-toc-list-level-1 ' ><li class='ez-toc-page-1 ez-toc-heading-level-2'><a class=\"ez-toc-link ez-toc-heading-1\" href=\"https:\/\/www.displayhersteller.de\/ratgeber\/messestaedte\/internationale-gruene-woche\/#Messestandort_Berlin\" >Messestandort Berlin<\/a><\/li><li class='ez-toc-page-1 ez-toc-heading-level-2'><a class=\"ez-toc-link ez-toc-heading-2\" href=\"https:\/\/www.displayhersteller.de\/ratgeber\/messestaedte\/internationale-gruene-woche\/#Die_Geschichte_der_Internationalen_Gruenen_Woche\" >Die Geschichte der Internationalen Gr\u00fcnen Woche<\/a><\/li><li class='ez-toc-page-1 ez-toc-heading-level-2'><a class=\"ez-toc-link ez-toc-heading-3\" href=\"https:\/\/www.displayhersteller.de\/ratgeber\/messestaedte\/internationale-gruene-woche\/#Daten_und_Fakten_zur_Internationalen_Gruenen_Woche\" >Daten und Fakten zur Internationalen Gr\u00fcnen Woche<\/a><\/li><li class='ez-toc-page-1 ez-toc-heading-level-2'><a class=\"ez-toc-link ez-toc-heading-4\" href=\"https:\/\/www.displayhersteller.de\/ratgeber\/messestaedte\/internationale-gruene-woche\/#Aussteller_und_Besucher\" >Aussteller und Besucher<\/a><ul class='ez-toc-list-level-3' ><li class='ez-toc-heading-level-3'><a class=\"ez-toc-link ez-toc-heading-5\" href=\"https:\/\/www.displayhersteller.de\/ratgeber\/messestaedte\/internationale-gruene-woche\/#Besucherstruktur\" >Besucherstruktur<\/a><\/li><li class='ez-toc-page-1 ez-toc-heading-level-3'><a class=\"ez-toc-link ez-toc-heading-6\" href=\"https:\/\/www.displayhersteller.de\/ratgeber\/messestaedte\/internationale-gruene-woche\/#Ausstellerstruktur\" >Ausstellerstruktur<\/a><\/li><\/ul><\/li><li class='ez-toc-page-1 ez-toc-heading-level-2'><a class=\"ez-toc-link ez-toc-heading-7\" href=\"https:\/\/www.displayhersteller.de\/ratgeber\/messestaedte\/internationale-gruene-woche\/#Produktgruppen\" >Produktgruppen<\/a><\/li><li class='ez-toc-page-1 ez-toc-heading-level-2'><a class=\"ez-toc-link ez-toc-heading-8\" href=\"https:\/\/www.displayhersteller.de\/ratgeber\/messestaedte\/internationale-gruene-woche\/#Naechster_Termin_und_weitere_Informationen\" >N\u00e4chster Termin und weitere Informationen<\/a><\/li><li class='ez-toc-page-1 ez-toc-heading-level-2'><a class=\"ez-toc-link ez-toc-heading-9\" href=\"https:\/\/www.displayhersteller.de\/ratgeber\/messestaedte\/internationale-gruene-woche\/#Fazit\" >Fazit<\/a><\/li><\/ul><\/nav><\/div>\n[\/vc_column_text][\/vc_column][\/vc_row][vc_row type=&#8221;in_container&#8221; full_screen_row_position=&#8221;middle&#8221; column_margin=&#8221;default&#8221; column_direction=&#8221;default&#8221; column_direction_tablet=&#8221;default&#8221; column_direction_phone=&#8221;default&#8221; scene_position=&#8221;center&#8221; text_color=&#8221;dark&#8221; text_align=&#8221;left&#8221; row_border_radius=&#8221;none&#8221; row_border_radius_applies=&#8221;bg&#8221; overflow=&#8221;visible&#8221; overlay_strength=&#8221;0.3&#8243; gradient_direction=&#8221;left_to_right&#8221; shape_divider_position=&#8221;bottom&#8221; bg_image_animation=&#8221;none&#8221;][vc_column column_padding=&#8221;no-extra-padding&#8221; column_padding_tablet=&#8221;inherit&#8221; column_padding_phone=&#8221;inherit&#8221; column_padding_position=&#8221;all&#8221; column_element_direction_desktop=&#8221;default&#8221; column_element_spacing=&#8221;default&#8221; desktop_text_alignment=&#8221;default&#8221; tablet_text_alignment=&#8221;default&#8221; phone_text_alignment=&#8221;default&#8221; background_color_opacity=&#8221;1&#8243; background_hover_color_opacity=&#8221;1&#8243; column_backdrop_filter=&#8221;none&#8221; column_shadow=&#8221;none&#8221; column_border_radius=&#8221;none&#8221; column_link_target=&#8221;_self&#8221; column_position=&#8221;default&#8221; gradient_direction=&#8221;left_to_right&#8221; overlay_strength=&#8221;0.3&#8243; width=&#8221;1\/1&#8243; tablet_width_inherit=&#8221;default&#8221; animation_type=&#8221;default&#8221; bg_image_animation=&#8221;zoom-out&#8221; border_type=&#8221;simple&#8221; column_border_width=&#8221;none&#8221; column_border_style=&#8221;solid&#8221; column_padding_type=&#8221;default&#8221; gradient_type=&#8221;default&#8221;][image_with_animation image_url=&#8221;8456&#8243; image_size=&#8221;full&#8221; animation_type=&#8221;entrance&#8221; animation=&#8221;None&#8221; animation_movement_type=&#8221;transform_y&#8221; hover_animation=&#8221;zoom&#8221; alignment=&#8221;&#8221; border_radius=&#8221;none&#8221; box_shadow=&#8221;none&#8221; image_loading=&#8221;default&#8221; max_width=&#8221;100%&#8221; max_width_mobile=&#8221;default&#8221; img_link=&#8221;https:\/\/de.wikipedia.org\/wiki\/Gr%C3%BCne_Woche#\/media\/Datei:Berlin_Gr%C3%BCne-Woche_0041.jpg&#8221;][vc_column_text]\n<p class=\"mw-mmv-title-para mw-parser-output mw-mmv-ttf-container mw-mmv-ttf-normal\"><span class=\"mw-mmv-title\">Internationale Gr\u00fcne Woche in\u00a0Berlin, Eingangsbereich zum\u00a0Messegel\u00e4nde, 2006 &#8211; R\u00fcdiger via Wikipedia<\/span><\/p>\n[\/vc_column_text][\/vc_column][\/vc_row][vc_row type=&#8221;in_container&#8221; full_screen_row_position=&#8221;middle&#8221; column_margin=&#8221;default&#8221; column_direction=&#8221;default&#8221; column_direction_tablet=&#8221;default&#8221; column_direction_phone=&#8221;default&#8221; scene_position=&#8221;center&#8221; text_color=&#8221;dark&#8221; text_align=&#8221;left&#8221; row_border_radius=&#8221;none&#8221; row_border_radius_applies=&#8221;bg&#8221; overflow=&#8221;visible&#8221; overlay_strength=&#8221;0.3&#8243; gradient_direction=&#8221;left_to_right&#8221; shape_divider_position=&#8221;bottom&#8221; bg_image_animation=&#8221;none&#8221;][vc_column column_padding=&#8221;no-extra-padding&#8221; column_padding_tablet=&#8221;inherit&#8221; column_padding_phone=&#8221;inherit&#8221; column_padding_position=&#8221;all&#8221; column_element_direction_desktop=&#8221;default&#8221; column_element_spacing=&#8221;default&#8221; desktop_text_alignment=&#8221;default&#8221; tablet_text_alignment=&#8221;default&#8221; phone_text_alignment=&#8221;default&#8221; background_color_opacity=&#8221;1&#8243; background_hover_color_opacity=&#8221;1&#8243; column_backdrop_filter=&#8221;none&#8221; column_shadow=&#8221;none&#8221; column_border_radius=&#8221;none&#8221; column_link_target=&#8221;_self&#8221; column_position=&#8221;default&#8221; gradient_direction=&#8221;left_to_right&#8221; overlay_strength=&#8221;0.3&#8243; width=&#8221;1\/1&#8243; tablet_width_inherit=&#8221;default&#8221; animation_type=&#8221;default&#8221; bg_image_animation=&#8221;none&#8221; border_type=&#8221;simple&#8221; column_border_width=&#8221;none&#8221; column_border_style=&#8221;solid&#8221;][vc_column_text]\n<h2><span class=\"ez-toc-section\" id=\"Messestandort_Berlin\"><\/span>Messestandort Berlin<span class=\"ez-toc-section-end\"><\/span><\/h2>\n<p>Der Gro\u00dfraum Berlin verf\u00fcgt \u00fcber mehrere Messestandorte an denen regelm\u00e4\u00dfig 309 Messen stattfinden. 251 davon werden im j\u00e4hrlichen Turnus veranstaltet.<\/p>\n<p>J\u00e4hrlich nehmen rund 30.000 Aussteller und ca. 2,5 Mio. Besucher*innen aus aller Welt an einer Messe in Berlin teil. F\u00fcr jeden Euro, den die Messe Berlin umsetzt, flie\u00dft mehr als das f\u00fcnffache in die Berliner Wirtschaft (Studie der Investitionsbank Berlin). Dies wirkt sich positiv auf die unterschiedlichsten Branchen wie Restaurants, Hotellerie, Einzelhandel und Dienstleistungen aus. Zus\u00e4tzliche schafft die Messe mehr als 25.000 Arbeitspl\u00e4tze in der Region, generiert Steuereinnahmen und erh\u00f6ht die Kaufkraft.<\/p>\n<p><em>(Quelle: <\/em><em>Hosting the World &#8211; Messe Berlin (messe-berlin.de)<\/em>[\/vc_column_text][\/vc_column][\/vc_row][vc_row type=&#8221;in_container&#8221; full_screen_row_position=&#8221;middle&#8221; column_margin=&#8221;default&#8221; column_direction=&#8221;default&#8221; column_direction_tablet=&#8221;default&#8221; column_direction_phone=&#8221;default&#8221; scene_position=&#8221;center&#8221; text_color=&#8221;dark&#8221; text_align=&#8221;left&#8221; row_border_radius=&#8221;none&#8221; row_border_radius_applies=&#8221;bg&#8221; overflow=&#8221;visible&#8221; overlay_strength=&#8221;0.3&#8243; gradient_direction=&#8221;left_to_right&#8221; shape_divider_position=&#8221;bottom&#8221; bg_image_animation=&#8221;none&#8221;][vc_column column_padding=&#8221;no-extra-padding&#8221; column_padding_tablet=&#8221;inherit&#8221; column_padding_phone=&#8221;inherit&#8221; column_padding_position=&#8221;all&#8221; column_element_direction_desktop=&#8221;default&#8221; column_element_spacing=&#8221;default&#8221; desktop_text_alignment=&#8221;default&#8221; tablet_text_alignment=&#8221;default&#8221; phone_text_alignment=&#8221;default&#8221; background_color_opacity=&#8221;1&#8243; background_hover_color_opacity=&#8221;1&#8243; column_backdrop_filter=&#8221;none&#8221; column_shadow=&#8221;none&#8221; column_border_radius=&#8221;none&#8221; column_link_target=&#8221;_self&#8221; column_position=&#8221;default&#8221; gradient_direction=&#8221;left_to_right&#8221; overlay_strength=&#8221;0.3&#8243; width=&#8221;1\/2&#8243; tablet_width_inherit=&#8221;default&#8221; animation_type=&#8221;default&#8221; bg_image_animation=&#8221;none&#8221; border_type=&#8221;simple&#8221; column_border_width=&#8221;none&#8221; column_border_style=&#8221;solid&#8221;][vc_column_text]Die erste Messehalle wurde im Jahr 1914 fertiggestellt, aufgrund des Ersten Weltkrieges, aber erst 1921 als Deutsche Automobil-Ausstellung er\u00f6ffnet.<\/p>\n<p>Heute befinden sich 27 miteinander verbundene Messehallen auf dem Gel\u00e4nde. Das Messegel\u00e4nde ist aktuell das fl\u00e4chenm\u00e4\u00dfig sechstgr\u00f6\u00dfte in Deutschland.<\/p>\n<p>Die Messe Berlin GmbH organisiert als Betreiber 61 Messen in Eigenregie. Davon gelten die folgenden 5 Messen als internationale Leitveranstaltungen:[\/vc_column_text]<div class=\"nectar-fancy-ul\" data-list-icon=\"fa fa-lightbulb-o\" data-animation=\"false\" data-animation-delay=\"0\" data-color=\"accent-color\" data-spacing=\"default\" data-alignment=\"left\"> \n<ul>\n<li>Internationale Gr\u00fcne Woche<\/li>\n<li>Internationale Tourismus-B\u00f6rse (ITB)<\/li>\n<li>Fruit Logistica<\/li>\n<li>Internationale Luft- und Raumfahrtausstellung (ILA)<\/li>\n<li>Internationale Fachmesse f\u00fcr Bahn- und Verkehrstechnik (InnoTrans)<\/li>\n<\/ul>\n <\/div>[\/vc_column][vc_column column_padding=&#8221;no-extra-padding&#8221; column_padding_tablet=&#8221;inherit&#8221; column_padding_phone=&#8221;inherit&#8221; column_padding_position=&#8221;all&#8221; column_element_direction_desktop=&#8221;default&#8221; column_element_spacing=&#8221;default&#8221; desktop_text_alignment=&#8221;default&#8221; tablet_text_alignment=&#8221;default&#8221; phone_text_alignment=&#8221;default&#8221; background_color_opacity=&#8221;1&#8243; background_hover_color_opacity=&#8221;1&#8243; column_backdrop_filter=&#8221;none&#8221; column_shadow=&#8221;none&#8221; column_border_radius=&#8221;none&#8221; column_link_target=&#8221;_self&#8221; column_position=&#8221;default&#8221; gradient_direction=&#8221;left_to_right&#8221; overlay_strength=&#8221;0.3&#8243; width=&#8221;1\/2&#8243; tablet_width_inherit=&#8221;default&#8221; animation_type=&#8221;default&#8221; bg_image_animation=&#8221;none&#8221; border_type=&#8221;simple&#8221; column_border_width=&#8221;none&#8221; column_border_style=&#8221;solid&#8221; column_padding_type=&#8221;default&#8221; gradient_type=&#8221;default&#8221;][image_with_animation image_url=&#8221;8422&#8243; image_size=&#8221;full&#8221; animation_type=&#8221;entrance&#8221; animation=&#8221;None&#8221; animation_movement_type=&#8221;transform_y&#8221; hover_animation=&#8221;zoom&#8221; alignment=&#8221;&#8221; img_link_target=&#8221;_blank&#8221; border_radius=&#8221;none&#8221; box_shadow=&#8221;none&#8221; image_loading=&#8221;default&#8221; max_width=&#8221;100%&#8221; max_width_mobile=&#8221;default&#8221; img_link=&#8221;https:\/\/de.wikipedia.org\/wiki\/Gr%C3%BCne_Woche#\/media\/Datei:Bundesarchiv_Bild_102-05402,_Berlin,_Hindenburg_auf_der_Gr%C3%BCnen_Woche.jpg&#8221;][vc_column_text]Reichspr\u00e4sident\u00a0Paul von Hindenburg bei der Jagdausstellung auf der Gr\u00fcnen Woche 1928 &#8211; Bundesarchiv, Bild 102-05402 \/ CC-BY-SA 3.0[\/vc_column_text][\/vc_column][\/vc_row][vc_row type=&#8221;in_container&#8221; full_screen_row_position=&#8221;middle&#8221; column_margin=&#8221;default&#8221; column_direction=&#8221;default&#8221; column_direction_tablet=&#8221;default&#8221; column_direction_phone=&#8221;default&#8221; scene_position=&#8221;center&#8221; text_color=&#8221;dark&#8221; text_align=&#8221;left&#8221; row_border_radius=&#8221;none&#8221; row_border_radius_applies=&#8221;bg&#8221; overflow=&#8221;visible&#8221; overlay_strength=&#8221;0.3&#8243; gradient_direction=&#8221;left_to_right&#8221; shape_divider_position=&#8221;bottom&#8221; bg_image_animation=&#8221;none&#8221;][vc_column column_padding=&#8221;no-extra-padding&#8221; column_padding_tablet=&#8221;inherit&#8221; column_padding_phone=&#8221;inherit&#8221; column_padding_position=&#8221;all&#8221; column_element_direction_desktop=&#8221;default&#8221; column_element_spacing=&#8221;default&#8221; desktop_text_alignment=&#8221;default&#8221; tablet_text_alignment=&#8221;default&#8221; phone_text_alignment=&#8221;default&#8221; background_color_opacity=&#8221;1&#8243; background_hover_color_opacity=&#8221;1&#8243; column_backdrop_filter=&#8221;none&#8221; column_shadow=&#8221;none&#8221; column_border_radius=&#8221;none&#8221; column_link_target=&#8221;_self&#8221; column_position=&#8221;default&#8221; gradient_direction=&#8221;left_to_right&#8221; overlay_strength=&#8221;0.3&#8243; width=&#8221;1\/1&#8243; tablet_width_inherit=&#8221;default&#8221; animation_type=&#8221;default&#8221; bg_image_animation=&#8221;none&#8221; border_type=&#8221;simple&#8221; column_border_width=&#8221;none&#8221; column_border_style=&#8221;solid&#8221;][vc_column_text]Au\u00dferdem ist der Messestandort Berlin bekannt f\u00fcr die Internationale Funkausstellung (IFA), das Greentech Festival und die Erotikmesse VENUS.<\/p>\n<p>(Quelle: <a href=\"https:\/\/de.wikipedia.org\/wiki\/Messe_Berlin\">Messe Berlin \u2013 Wikipedia<\/a>)<\/p>\n<p>Das Gel\u00e4nde der Messe liegt mit seinen 190.000 m\u00b2 Ausstellungsfl\u00e4che und 100.000 m\u00b2 Freifl\u00e4che im Berliner Bezirk Charlottenburg-Wilmersdorf im Ortsteil Westend und kann mit dem PKW direkt von der Autobahnabfahrt Messegel\u00e4nde\/Messedamm erreicht werden.<\/p>\n<p>Vom Berliner Hauptbahnhof fahren Sie mit der S5 in Richtung Spandau bis zur Haltestelle Westkreuz und erreichen das 850 m entfernte Gel\u00e4nde zu Fu\u00df.<\/p>\n<p>Die schnellste Option bei der Anreise mit dem Flugzeug ist die S9 die direkt zum S-Bahnhof Messe Nord\/ICC Berlin f\u00e4hrt.[\/vc_column_text][\/vc_column][\/vc_row][vc_row type=&#8221;in_container&#8221; full_screen_row_position=&#8221;middle&#8221; column_margin=&#8221;default&#8221; column_direction=&#8221;default&#8221; column_direction_tablet=&#8221;default&#8221; column_direction_phone=&#8221;default&#8221; scene_position=&#8221;center&#8221; text_color=&#8221;dark&#8221; text_align=&#8221;left&#8221; row_border_radius=&#8221;none&#8221; row_border_radius_applies=&#8221;bg&#8221; overflow=&#8221;visible&#8221; overlay_strength=&#8221;0.3&#8243; gradient_direction=&#8221;left_to_right&#8221; shape_divider_position=&#8221;bottom&#8221; bg_image_animation=&#8221;none&#8221;][vc_column column_padding=&#8221;no-extra-padding&#8221; column_padding_tablet=&#8221;inherit&#8221; column_padding_phone=&#8221;inherit&#8221; column_padding_position=&#8221;all&#8221; column_element_direction_desktop=&#8221;default&#8221; column_element_spacing=&#8221;default&#8221; desktop_text_alignment=&#8221;default&#8221; tablet_text_alignment=&#8221;default&#8221; phone_text_alignment=&#8221;default&#8221; background_color_opacity=&#8221;1&#8243; background_hover_color_opacity=&#8221;1&#8243; column_backdrop_filter=&#8221;none&#8221; column_shadow=&#8221;none&#8221; column_border_radius=&#8221;none&#8221; column_link_target=&#8221;_self&#8221; column_position=&#8221;default&#8221; gradient_direction=&#8221;left_to_right&#8221; overlay_strength=&#8221;0.3&#8243; width=&#8221;1\/1&#8243; tablet_width_inherit=&#8221;default&#8221; animation_type=&#8221;default&#8221; bg_image_animation=&#8221;none&#8221; border_type=&#8221;simple&#8221; column_border_width=&#8221;none&#8221; column_border_style=&#8221;solid&#8221;][vc_column_text]\n<h2><span class=\"ez-toc-section\" id=\"Die_Geschichte_der_Internationalen_Gruenen_Woche\"><\/span>Die Geschichte der Internationalen Gr\u00fcnen Woche<span class=\"ez-toc-section-end\"><\/span><\/h2>\n<p>Die Gr\u00fcne Woche verdankt ihren Namen dem gr\u00fcnen Lodenmantel, der bei der 1. Messe im Jahr 1926 von Ausstellern und Besuchern \u00fcberwiegend getragen wurde.<\/p>\n<p>Die Geschichte der Internationalen Gr\u00fcnen Woche im \u00dcberblick:[\/vc_column_text][\/vc_column][\/vc_row][vc_row type=&#8221;in_container&#8221; full_screen_row_position=&#8221;middle&#8221; column_margin=&#8221;default&#8221; column_direction=&#8221;default&#8221; column_direction_tablet=&#8221;default&#8221; column_direction_phone=&#8221;default&#8221; scene_position=&#8221;center&#8221; text_color=&#8221;dark&#8221; text_align=&#8221;left&#8221; row_border_radius=&#8221;none&#8221; row_border_radius_applies=&#8221;bg&#8221; overflow=&#8221;visible&#8221; overlay_strength=&#8221;0.3&#8243; gradient_direction=&#8221;left_to_right&#8221; shape_divider_position=&#8221;bottom&#8221; bg_image_animation=&#8221;none&#8221;][vc_column column_padding=&#8221;no-extra-padding&#8221; column_padding_tablet=&#8221;inherit&#8221; column_padding_phone=&#8221;inherit&#8221; column_padding_position=&#8221;all&#8221; column_element_direction_desktop=&#8221;default&#8221; column_element_spacing=&#8221;default&#8221; desktop_text_alignment=&#8221;default&#8221; tablet_text_alignment=&#8221;default&#8221; phone_text_alignment=&#8221;default&#8221; background_color_opacity=&#8221;1&#8243; background_hover_color_opacity=&#8221;1&#8243; column_backdrop_filter=&#8221;none&#8221; column_shadow=&#8221;none&#8221; column_border_radius=&#8221;none&#8221; column_link_target=&#8221;_self&#8221; column_position=&#8221;default&#8221; gradient_direction=&#8221;left_to_right&#8221; overlay_strength=&#8221;0.3&#8243; width=&#8221;1\/4&#8243; tablet_width_inherit=&#8221;default&#8221; animation_type=&#8221;default&#8221; bg_image_animation=&#8221;none&#8221; border_type=&#8221;simple&#8221; column_border_width=&#8221;none&#8221; column_border_style=&#8221;solid&#8221; column_padding_type=&#8221;default&#8221; gradient_type=&#8221;default&#8221;][vc_column_text][\/vc_column_text][image_with_animation image_url=&#8221;8432&#8243; image_size=&#8221;full&#8221; animation_type=&#8221;entrance&#8221; animation=&#8221;None&#8221; animation_movement_type=&#8221;transform_y&#8221; hover_animation=&#8221;zoom&#8221; alignment=&#8221;&#8221; border_radius=&#8221;none&#8221; box_shadow=&#8221;none&#8221; image_loading=&#8221;default&#8221; max_width=&#8221;100%&#8221; max_width_mobile=&#8221;default&#8221;][vc_column_text]<a href=\"https:\/\/de.wikipedia.org\/wiki\/Gr%C3%BCne_Woche#\/media\/Datei:Gr%C3%BCne-Woche-Logo_1935.svg\">Urspr\u00fcngliches Logo 1935\u20132006 &#8211; de:Wilhelm H\u00f6lter via Wikipedia<\/a>[\/vc_column_text][image_with_animation image_url=&#8221;8430&#8243; image_size=&#8221;full&#8221; animation_type=&#8221;entrance&#8221; animation=&#8221;None&#8221; animation_movement_type=&#8221;transform_y&#8221; hover_animation=&#8221;zoom&#8221; alignment=&#8221;&#8221; border_radius=&#8221;none&#8221; box_shadow=&#8221;none&#8221; image_loading=&#8221;default&#8221; max_width=&#8221;100%&#8221; max_width_mobile=&#8221;default&#8221;][vc_column_text]<a href=\"https:\/\/de.wikipedia.org\/wiki\/Gr%C3%BCne_Woche#\/media\/Datei:Logo-Internationale-Gr%C3%BCne-Woche-Berlin-IGW-2020.svg\">Logo 2006\u20132023 &#8211; Messe Berlin via Wikipedia<\/a>[\/vc_column_text][image_with_animation image_url=&#8221;8431&#8243; image_size=&#8221;full&#8221; animation_type=&#8221;entrance&#8221; animation=&#8221;None&#8221; animation_movement_type=&#8221;transform_y&#8221; hover_animation=&#8221;zoom&#8221; alignment=&#8221;&#8221; border_radius=&#8221;none&#8221; box_shadow=&#8221;none&#8221; image_loading=&#8221;default&#8221; max_width=&#8221;100%&#8221; max_width_mobile=&#8221;default&#8221;][vc_column_text]<a href=\"https:\/\/de.wikipedia.org\/wiki\/Gr%C3%BCne_Woche#\/media\/Datei:Logo-Gruene-Woche-2023.svg\/2\">Logo ab 2023 &#8211; Kleiner und Bold GmbH, Messe Berlin GmbH &#8211; via Wikipedia<\/a>[\/vc_column_text][\/vc_column][vc_column column_padding=&#8221;no-extra-padding&#8221; column_padding_tablet=&#8221;inherit&#8221; column_padding_phone=&#8221;inherit&#8221; column_padding_position=&#8221;all&#8221; column_element_direction_desktop=&#8221;default&#8221; column_element_spacing=&#8221;default&#8221; desktop_text_alignment=&#8221;default&#8221; tablet_text_alignment=&#8221;default&#8221; phone_text_alignment=&#8221;default&#8221; background_color_opacity=&#8221;1&#8243; background_hover_color_opacity=&#8221;1&#8243; column_backdrop_filter=&#8221;none&#8221; column_shadow=&#8221;none&#8221; column_border_radius=&#8221;none&#8221; column_link_target=&#8221;_self&#8221; column_position=&#8221;default&#8221; gradient_direction=&#8221;left_to_right&#8221; overlay_strength=&#8221;0.3&#8243; width=&#8221;3\/4&#8243; tablet_width_inherit=&#8221;default&#8221; animation_type=&#8221;default&#8221; bg_image_animation=&#8221;none&#8221; border_type=&#8221;simple&#8221; column_border_width=&#8221;none&#8221; column_border_style=&#8221;solid&#8221;][vc_column_text]\n<table id=\"tablepress-26-no-2\" class=\"tablepress tablepress-id-26\">\n<thead>\n<tr class=\"row-1\">\n\t<th class=\"column-1\">Jahr <\/th><th class=\"column-2\">Wissenswertes<\/th>\n<\/tr>\n<\/thead>\n<tbody class=\"row-striping row-hover\">\n<tr class=\"row-2\">\n\t<td class=\"column-1\">1926<\/td><td class=\"column-2\">Erstmals wird die Gr\u00fcne Woche als einfache lokale Warenb\u00f6rse veranstaltet.<br \/>\nDie Ausstellungsfl\u00e4che betrug zur damaligen Zeit bereits 7.000 m\u00b2 und z\u00e4hlte 50.000 Besucher.<\/td>\n<\/tr>\n<tr class=\"row-3\">\n\t<td class=\"column-1\">1933 bis 1939<\/td><td class=\"column-2\">Die Messe war in die nationalsozialistische Ideologie eingebunden. <br \/>\n1938 entfiel die Messe aufgrund der grassierenden Maul- und Klauenseuche.<\/td>\n<\/tr>\n<tr class=\"row-4\">\n\t<td class=\"column-1\">1940 bis 1947<\/td><td class=\"column-2\">Kriegsbedingt fand die Messe in diesen Jahren nicht statt.<\/td>\n<\/tr>\n<tr class=\"row-5\">\n\t<td class=\"column-1\">1948<\/td><td class=\"column-2\">Die Messe startet nach Kriegsende neu.<\/td>\n<\/tr>\n<tr class=\"row-6\">\n\t<td class=\"column-1\">1950<\/td><td class=\"column-2\">Wegen umfangreicher Bauarbeiten muss die Gr\u00fcne Woche entfallen.<\/td>\n<\/tr>\n<tr class=\"row-7\">\n\t<td class=\"column-1\">Ab 1951<\/td><td class=\"column-2\">Die Messe findet wieder im j\u00e4hrlichen Turnus statt.<br \/>\nDie Teilnahme ausl\u00e4ndischer Aussteller stieg kontinuierlich und macht 1962 bereits zwei Drittel aller Aussteller aus.<\/td>\n<\/tr>\n<tr class=\"row-8\">\n\t<td class=\"column-1\">Ab 1990<\/td><td class=\"column-2\">Durch die deutsche Wiedervereinigung erlebt die IGW einen Aufschwung.<\/td>\n<\/tr>\n<tr class=\"row-9\">\n\t<td class=\"column-1\">Ab 2008<\/td><td class=\"column-2\">Zeitgleich die Weltern\u00e4hrungskonferenz \u201eGlobal Forum for Food and Agriculture\u201c statt.<\/td>\n<\/tr>\n<tr class=\"row-10\">\n\t<td class=\"column-1\">2015<\/td><td class=\"column-2\">Die Internationale Gr\u00fcne Woche j\u00e4hrt sich zum 80. Mal.<br \/>\n415.000 Besucher nahmen am Jubil\u00e4um teil.<\/td>\n<\/tr>\n<tr class=\"row-11\">\n\t<td class=\"column-1\">2016<\/td><td class=\"column-2\">1.660 Austeller aus 65 L\u00e4ndern begeisterten die 400.000 Besucher*innen der Messe. Marokko ist als erstes nichteurop\u00e4isches Land Gastland der IGW.<\/td>\n<\/tr>\n<tr class=\"row-12\">\n\t<td class=\"column-1\">Ab 2018<\/td><td class=\"column-2\">Die Hippologica \u2013 ein 4-t\u00e4giges Hallenreitsportturnier mit angeschlossener Pferdemesse findet im Rahmen der IGW statt.<\/td>\n<\/tr>\n<tr class=\"row-13\">\n\t<td class=\"column-1\">2021<\/td><td class=\"column-2\">Aufgrund der Corona-Pandemie fand die Messe als digital \u00fcbertragene Veranstaltung unter dem Titel \u201eIGW Digital 2021\u201c statt. Mehr als 20.000 Interessierte nutzten das Live-Streaming-Portal der Messe.<\/td>\n<\/tr>\n<tr class=\"row-14\">\n\t<td class=\"column-1\">2022<\/td><td class=\"column-2\">Wegen der weiterhin andauernden Corona-Pandemie wurde die Messe abgesagt. Es fanden lediglich eine Pressekonferenz und eine Talkrunde statt.<\/td>\n<\/tr>\n<tr class=\"row-15\">\n\t<td class=\"column-1\">2023<\/td><td class=\"column-2\">Erstmals nach der Pandemie kann die IGW regul\u00e4r durchgef\u00fchrt werden. 1.400 Aussteller aus 60 L\u00e4ndern und rund 275.000 Besucher kann die Messe verzeichnen.<\/td>\n<\/tr>\n<tr class=\"row-16\">\n\t<td class=\"column-1\">2024<\/td><td class=\"column-2\">Das Logo wird ohne den Zusatz \u201eInternationale\u201c neugestaltet.<\/td>\n<\/tr>\n<\/tbody>\n<\/table>\n<!-- #tablepress-26-no-2 from cache -->[\/vc_column_text][\/vc_column][\/vc_row][vc_row type=&#8221;in_container&#8221; full_screen_row_position=&#8221;middle&#8221; column_margin=&#8221;default&#8221; column_direction=&#8221;default&#8221; column_direction_tablet=&#8221;default&#8221; column_direction_phone=&#8221;default&#8221; scene_position=&#8221;center&#8221; text_color=&#8221;dark&#8221; text_align=&#8221;left&#8221; row_border_radius=&#8221;none&#8221; row_border_radius_applies=&#8221;bg&#8221; overflow=&#8221;visible&#8221; overlay_strength=&#8221;0.3&#8243; gradient_direction=&#8221;left_to_right&#8221; shape_divider_position=&#8221;bottom&#8221; bg_image_animation=&#8221;none&#8221;][vc_column column_padding=&#8221;no-extra-padding&#8221; column_padding_tablet=&#8221;inherit&#8221; column_padding_phone=&#8221;inherit&#8221; column_padding_position=&#8221;all&#8221; column_element_direction_desktop=&#8221;default&#8221; column_element_spacing=&#8221;default&#8221; desktop_text_alignment=&#8221;default&#8221; tablet_text_alignment=&#8221;default&#8221; phone_text_alignment=&#8221;default&#8221; background_color_opacity=&#8221;1&#8243; background_hover_color_opacity=&#8221;1&#8243; column_backdrop_filter=&#8221;none&#8221; column_shadow=&#8221;none&#8221; column_border_radius=&#8221;none&#8221; column_link_target=&#8221;_self&#8221; column_position=&#8221;default&#8221; gradient_direction=&#8221;left_to_right&#8221; overlay_strength=&#8221;0.3&#8243; width=&#8221;1\/1&#8243; tablet_width_inherit=&#8221;default&#8221; animation_type=&#8221;default&#8221; bg_image_animation=&#8221;none&#8221; border_type=&#8221;simple&#8221; column_border_width=&#8221;none&#8221; column_border_style=&#8221;solid&#8221;][vc_column_text]\n<h2><span class=\"ez-toc-section\" id=\"Daten_und_Fakten_zur_Internationalen_Gruenen_Woche\"><\/span>Daten und Fakten zur Internationalen Gr\u00fcnen Woche<span class=\"ez-toc-section-end\"><\/span><\/h2>\n<p>2023 fand erstmals nach dem 2-j\u00e4hrigen pandemiebedingten Ausfall die Internationale Gr\u00fcne Woche wieder statt. Zwar verzeichnete die Messe weniger Aussteller und Besucher*innen als noch vor der Pandemie, auf den Umsatz hatte dies jedoch keine Auswirkungen.<\/p>\n<p>2024 konnte die Messe auch Bundeskanzler Olaf Scholz und mehrere Bundesminister begr\u00fc\u00dfen. Sie tauschten sich mit Branchenvertretern aus und diskutierten aktuelle Themen.<\/p>\n\n<table id=\"tablepress-27-no-2\" class=\"tablepress tablepress-id-27\">\n<thead>\n<tr class=\"row-1\">\n\t<td class=\"column-1\"><\/td><th class=\"column-2\">2023<\/th><th class=\"column-3\">2024<\/th>\n<\/tr>\n<\/thead>\n<tbody class=\"row-striping row-hover\">\n<tr class=\"row-2\">\n\t<td class=\"column-1\">Bruttofl\u00e4che <\/td><td class=\"column-2\">118.800 m\u00b2<\/td><td class=\"column-3\">Ca. 119.000 m\u00b2<\/td>\n<\/tr>\n<tr class=\"row-3\">\n\t<td class=\"column-1\">Austeller <\/td><td class=\"column-2\">1.222 aus 61 L\u00e4ndern (342 aus dem Ausland)<\/td><td class=\"column-3\">Ca. 1.400 aus 60 L\u00e4ndern<\/td>\n<\/tr>\n<tr class=\"row-4\">\n\t<td class=\"column-1\">Besucher <\/td><td class=\"column-2\">300.352 unterteilt in 22 % Fachbesucher und 78 % Privatbesucher (7.689 aus dem Ausland)<\/td><td class=\"column-3\">Ca. 275.000<\/td>\n<\/tr>\n<\/tbody>\n<\/table>\n<!-- #tablepress-27-no-2 from cache -->[\/vc_column_text][\/vc_column][\/vc_row][vc_row type=&#8221;in_container&#8221; full_screen_row_position=&#8221;middle&#8221; column_margin=&#8221;default&#8221; column_direction=&#8221;default&#8221; column_direction_tablet=&#8221;default&#8221; column_direction_phone=&#8221;default&#8221; scene_position=&#8221;center&#8221; text_color=&#8221;dark&#8221; text_align=&#8221;left&#8221; row_border_radius=&#8221;none&#8221; row_border_radius_applies=&#8221;bg&#8221; overflow=&#8221;visible&#8221; overlay_strength=&#8221;0.3&#8243; gradient_direction=&#8221;left_to_right&#8221; shape_divider_position=&#8221;bottom&#8221; bg_image_animation=&#8221;none&#8221;][vc_column column_padding=&#8221;no-extra-padding&#8221; column_padding_tablet=&#8221;inherit&#8221; column_padding_phone=&#8221;inherit&#8221; column_padding_position=&#8221;all&#8221; column_element_direction_desktop=&#8221;default&#8221; column_element_spacing=&#8221;default&#8221; desktop_text_alignment=&#8221;default&#8221; tablet_text_alignment=&#8221;default&#8221; phone_text_alignment=&#8221;default&#8221; background_color_opacity=&#8221;1&#8243; background_hover_color_opacity=&#8221;1&#8243; column_backdrop_filter=&#8221;none&#8221; column_shadow=&#8221;none&#8221; column_border_radius=&#8221;none&#8221; column_link_target=&#8221;_self&#8221; column_position=&#8221;default&#8221; gradient_direction=&#8221;left_to_right&#8221; overlay_strength=&#8221;0.3&#8243; width=&#8221;2\/3&#8243; tablet_width_inherit=&#8221;default&#8221; animation_type=&#8221;default&#8221; bg_image_animation=&#8221;none&#8221; border_type=&#8221;simple&#8221; column_border_width=&#8221;none&#8221; column_border_style=&#8221;solid&#8221;][vc_column_text]\n<h2><span class=\"ez-toc-section\" id=\"Aussteller_und_Besucher\"><\/span>Aussteller und Besucher<span class=\"ez-toc-section-end\"><\/span><\/h2>\n<p>Bei der Internationalen Gr\u00fcnen Woche informieren sich Besucher*innen \u00fcber die neuesten Entwicklungen und Innovationen in den Bereichen Landwirtschaft, Ern\u00e4hrung und Gartenbau.<\/p>\n<p>Die Aussteller bieten Interessierten eine breite Palette von Produkten und Dienstleistungen.<\/p>\n<p>Alles was das leibliche Wohl begehrt, von Gem\u00fcse und Obst \u00fcber Fleisch und Fisch, bis hin zu alkoholischen Getr\u00e4nken, war in den so genannten Food-Hallen in gro\u00dfer Auswahl vertreten.<\/p>\n<p>Auch ein abwechslungsreiches Rahmenprogramm mit Seminaren \u00fcber Bio-Lebensmittel sowie Informationsveranstaltungen zu Bio-Energie und nachhaltigem Rohstoffanbau wird den Messebesuchern geboten[\/vc_column_text][\/vc_column][vc_column column_padding=&#8221;no-extra-padding&#8221; column_padding_tablet=&#8221;inherit&#8221; column_padding_phone=&#8221;inherit&#8221; column_padding_position=&#8221;all&#8221; column_element_direction_desktop=&#8221;default&#8221; column_element_spacing=&#8221;default&#8221; desktop_text_alignment=&#8221;default&#8221; tablet_text_alignment=&#8221;default&#8221; phone_text_alignment=&#8221;default&#8221; background_color_opacity=&#8221;1&#8243; background_hover_color_opacity=&#8221;1&#8243; column_backdrop_filter=&#8221;none&#8221; column_shadow=&#8221;none&#8221; column_border_radius=&#8221;none&#8221; column_link_target=&#8221;_self&#8221; column_position=&#8221;default&#8221; gradient_direction=&#8221;left_to_right&#8221; overlay_strength=&#8221;0.3&#8243; width=&#8221;1\/3&#8243; tablet_width_inherit=&#8221;default&#8221; animation_type=&#8221;default&#8221; bg_image_animation=&#8221;none&#8221; border_type=&#8221;simple&#8221; column_border_width=&#8221;none&#8221; column_border_style=&#8221;solid&#8221; column_padding_type=&#8221;default&#8221; gradient_type=&#8221;default&#8221;][vc_column_text][\/vc_column_text][image_with_animation image_url=&#8221;8442&#8243; image_size=&#8221;full&#8221; animation_type=&#8221;entrance&#8221; animation=&#8221;None&#8221; animation_movement_type=&#8221;transform_y&#8221; hover_animation=&#8221;zoom&#8221; alignment=&#8221;&#8221; img_link_large=&#8221;yes&#8221; border_radius=&#8221;none&#8221; box_shadow=&#8221;none&#8221; image_loading=&#8221;default&#8221; max_width=&#8221;100%&#8221; max_width_mobile=&#8221;default&#8221;][vc_column_text]<span class=\"mw-mmv-author\"><a title=\"User:Berlin-George\" href=\"https:\/\/commons.wikimedia.org\/wiki\/User:Berlin-George\">Berlin-George<\/a><\/span>\u00a0&#8211;\u00a0<span class=\"mw-mmv-source\"><span class=\"int-own-work\" lang=\"de\">Eigenes Werk\u00a0<\/span><\/span>[\/vc_column_text][\/vc_column][\/vc_row][vc_row type=&#8221;in_container&#8221; full_screen_row_position=&#8221;middle&#8221; column_margin=&#8221;default&#8221; column_direction=&#8221;default&#8221; column_direction_tablet=&#8221;default&#8221; column_direction_phone=&#8221;default&#8221; scene_position=&#8221;center&#8221; text_color=&#8221;dark&#8221; text_align=&#8221;left&#8221; row_border_radius=&#8221;none&#8221; row_border_radius_applies=&#8221;bg&#8221; overflow=&#8221;visible&#8221; overlay_strength=&#8221;0.3&#8243; gradient_direction=&#8221;left_to_right&#8221; shape_divider_position=&#8221;bottom&#8221; bg_image_animation=&#8221;none&#8221;][vc_column column_padding=&#8221;no-extra-padding&#8221; column_padding_tablet=&#8221;inherit&#8221; column_padding_phone=&#8221;inherit&#8221; column_padding_position=&#8221;all&#8221; column_element_direction_desktop=&#8221;default&#8221; column_element_spacing=&#8221;default&#8221; desktop_text_alignment=&#8221;default&#8221; tablet_text_alignment=&#8221;default&#8221; phone_text_alignment=&#8221;default&#8221; background_color_opacity=&#8221;1&#8243; background_hover_color_opacity=&#8221;1&#8243; column_backdrop_filter=&#8221;none&#8221; column_shadow=&#8221;none&#8221; column_border_radius=&#8221;none&#8221; column_link_target=&#8221;_self&#8221; column_position=&#8221;default&#8221; gradient_direction=&#8221;left_to_right&#8221; overlay_strength=&#8221;0.3&#8243; width=&#8221;1\/3&#8243; tablet_width_inherit=&#8221;default&#8221; animation_type=&#8221;default&#8221; bg_image_animation=&#8221;none&#8221; border_type=&#8221;simple&#8221; column_border_width=&#8221;none&#8221; column_border_style=&#8221;solid&#8221; column_padding_type=&#8221;default&#8221; gradient_type=&#8221;default&#8221;][vc_column_text]<span class=\"mw-mmv-author\"><a title=\"User:Berlin-George\" href=\"https:\/\/commons.wikimedia.org\/wiki\/User:Berlin-George\">Berlin-George<\/a><\/span>\u00a0&#8211;\u00a0<span class=\"mw-mmv-source\"><span class=\"int-own-work\" lang=\"de\">Eigenes Werk\u00a0<\/span><\/span>[\/vc_column_text][image_with_animation image_url=&#8221;8443&#8243; image_size=&#8221;full&#8221; animation_type=&#8221;entrance&#8221; animation=&#8221;None&#8221; animation_movement_type=&#8221;transform_y&#8221; hover_animation=&#8221;zoom&#8221; alignment=&#8221;&#8221; img_link_large=&#8221;yes&#8221; border_radius=&#8221;none&#8221; box_shadow=&#8221;none&#8221; image_loading=&#8221;default&#8221; max_width=&#8221;100%&#8221; max_width_mobile=&#8221;default&#8221;][\/vc_column][vc_column column_padding=&#8221;no-extra-padding&#8221; column_padding_tablet=&#8221;inherit&#8221; column_padding_phone=&#8221;inherit&#8221; column_padding_position=&#8221;all&#8221; column_element_direction_desktop=&#8221;default&#8221; column_element_spacing=&#8221;default&#8221; desktop_text_alignment=&#8221;default&#8221; tablet_text_alignment=&#8221;default&#8221; phone_text_alignment=&#8221;default&#8221; background_color_opacity=&#8221;1&#8243; background_hover_color_opacity=&#8221;1&#8243; column_backdrop_filter=&#8221;none&#8221; column_shadow=&#8221;none&#8221; column_border_radius=&#8221;none&#8221; column_link_target=&#8221;_self&#8221; column_position=&#8221;default&#8221; gradient_direction=&#8221;left_to_right&#8221; overlay_strength=&#8221;0.3&#8243; width=&#8221;2\/3&#8243; tablet_width_inherit=&#8221;default&#8221; animation_type=&#8221;default&#8221; bg_image_animation=&#8221;none&#8221; border_type=&#8221;simple&#8221; column_border_width=&#8221;none&#8221; column_border_style=&#8221;solid&#8221;][vc_column_text][\/vc_column_text][vc_column_text]Ein weiteres Highlight in Verbindung mit der Internationalen Gr\u00fcnen Woche ist der \u201eyoung generation hub\u201c, der speziell Sch\u00fcler und Sch\u00fclerinnen f\u00fcr eine nachhaltige und innovative Zukunft in der Land- und Ern\u00e4hrungswirtschaft begeistern m\u00f6chte und \u00fcber 90 Ausbildungsberufe praxisnah vorstellt.<\/p>\n<p>Eine besondere Attraktion ist der ErlebnisBauernhof, auf dem landwirtschaftliche Prozesse hautnah miterlebt und bei diversen Vorf\u00fchrungen aktiv mitgemacht werden kann.<\/p>\n<p>Die Blumenhalle, bei der unter anderem Kleingartenverb\u00e4nde, der Zentralverband Gartenbau und der Zoologische Garten Berlin ein farbenfrohes Blumenmeer und ein fachgerechtes Informationsprogramm bieten, ist ein weiterer Publikumsliebling.<\/p>\n<p>Diese und weitere vielf\u00e4ltigen Angebote tragen dazu bei, dass die Internationale Gr\u00fcne Woche zu einer der bedeutendsten und angesehensten Messen weltweit geh\u00f6rt.[\/vc_column_text][\/vc_column][\/vc_row][vc_row type=&#8221;in_container&#8221; full_screen_row_position=&#8221;middle&#8221; column_margin=&#8221;default&#8221; column_direction=&#8221;default&#8221; column_direction_tablet=&#8221;default&#8221; column_direction_phone=&#8221;default&#8221; scene_position=&#8221;center&#8221; text_color=&#8221;dark&#8221; text_align=&#8221;left&#8221; row_border_radius=&#8221;none&#8221; row_border_radius_applies=&#8221;bg&#8221; overflow=&#8221;visible&#8221; overlay_strength=&#8221;0.3&#8243; gradient_direction=&#8221;left_to_right&#8221; shape_divider_position=&#8221;bottom&#8221; bg_image_animation=&#8221;none&#8221;][vc_column column_padding=&#8221;no-extra-padding&#8221; column_padding_tablet=&#8221;inherit&#8221; column_padding_phone=&#8221;inherit&#8221; column_padding_position=&#8221;all&#8221; column_element_direction_desktop=&#8221;default&#8221; column_element_spacing=&#8221;default&#8221; desktop_text_alignment=&#8221;default&#8221; tablet_text_alignment=&#8221;default&#8221; phone_text_alignment=&#8221;default&#8221; background_color_opacity=&#8221;1&#8243; background_hover_color_opacity=&#8221;1&#8243; column_backdrop_filter=&#8221;none&#8221; column_shadow=&#8221;none&#8221; column_border_radius=&#8221;none&#8221; column_link_target=&#8221;_self&#8221; column_position=&#8221;default&#8221; gradient_direction=&#8221;left_to_right&#8221; overlay_strength=&#8221;0.3&#8243; width=&#8221;1\/1&#8243; tablet_width_inherit=&#8221;default&#8221; animation_type=&#8221;default&#8221; bg_image_animation=&#8221;none&#8221; border_type=&#8221;simple&#8221; column_border_width=&#8221;none&#8221; column_border_style=&#8221;solid&#8221;][vc_column_text]\n<h3><span class=\"ez-toc-section\" id=\"Besucherstruktur\"><\/span>Besucherstruktur<span class=\"ez-toc-section-end\"><\/span><\/h3>\n<p>Bei den Besucher*innen der IGW 2023 kamen 55 % aus der EU und 45 % aus anderen L\u00e4ndern. Davon war der Anteil an weiblichen G\u00e4sten mit 61 % um einiges h\u00f6her als der der m\u00e4nnlichen Besucher mit 38 %. 1 % f\u00fchlte sich keinem Geschlecht zugeh\u00f6rig.[\/vc_column_text][\/vc_column][\/vc_row][vc_row type=&#8221;in_container&#8221; full_screen_row_position=&#8221;middle&#8221; column_margin=&#8221;default&#8221; column_direction=&#8221;default&#8221; column_direction_tablet=&#8221;default&#8221; column_direction_phone=&#8221;default&#8221; scene_position=&#8221;center&#8221; text_color=&#8221;dark&#8221; text_align=&#8221;left&#8221; row_border_radius=&#8221;none&#8221; row_border_radius_applies=&#8221;bg&#8221; overflow=&#8221;visible&#8221; overlay_strength=&#8221;0.3&#8243; gradient_direction=&#8221;left_to_right&#8221; shape_divider_position=&#8221;bottom&#8221; bg_image_animation=&#8221;none&#8221;][vc_column column_padding=&#8221;no-extra-padding&#8221; column_padding_tablet=&#8221;inherit&#8221; column_padding_phone=&#8221;inherit&#8221; column_padding_position=&#8221;all&#8221; column_element_direction_desktop=&#8221;default&#8221; column_element_spacing=&#8221;default&#8221; desktop_text_alignment=&#8221;default&#8221; tablet_text_alignment=&#8221;default&#8221; phone_text_alignment=&#8221;default&#8221; background_color_opacity=&#8221;1&#8243; background_hover_color_opacity=&#8221;1&#8243; column_backdrop_filter=&#8221;none&#8221; column_shadow=&#8221;none&#8221; column_border_radius=&#8221;none&#8221; column_link_target=&#8221;_self&#8221; column_position=&#8221;default&#8221; gradient_direction=&#8221;left_to_right&#8221; overlay_strength=&#8221;0.3&#8243; width=&#8221;1\/1&#8243; tablet_width_inherit=&#8221;default&#8221; animation_type=&#8221;default&#8221; bg_image_animation=&#8221;none&#8221; border_type=&#8221;simple&#8221; column_border_width=&#8221;none&#8221; column_border_style=&#8221;solid&#8221;][vc_column_text]\n<h3><span class=\"ez-toc-section\" id=\"Ausstellerstruktur\"><\/span>Ausstellerstruktur<span class=\"ez-toc-section-end\"><\/span><\/h3>\n<p>Die Aussteller der Internationalen Gr\u00fcnen Woche kamen 2023 aus 61 L\u00e4ndern.<\/p>\n<p>Anbei eine Auflistung der gr\u00f6\u00dften Austeller:[\/vc_column_text][\/vc_column][\/vc_row][vc_row type=&#8221;in_container&#8221; full_screen_row_position=&#8221;middle&#8221; column_margin=&#8221;default&#8221; column_direction=&#8221;default&#8221; column_direction_tablet=&#8221;default&#8221; column_direction_phone=&#8221;default&#8221; scene_position=&#8221;center&#8221; text_color=&#8221;dark&#8221; text_align=&#8221;left&#8221; row_border_radius=&#8221;none&#8221; row_border_radius_applies=&#8221;bg&#8221; overflow=&#8221;visible&#8221; overlay_strength=&#8221;0.3&#8243; gradient_direction=&#8221;left_to_right&#8221; shape_divider_position=&#8221;bottom&#8221; bg_image_animation=&#8221;none&#8221;][vc_column column_padding=&#8221;no-extra-padding&#8221; column_padding_tablet=&#8221;inherit&#8221; column_padding_phone=&#8221;inherit&#8221; column_padding_position=&#8221;all&#8221; column_element_direction_desktop=&#8221;default&#8221; column_element_spacing=&#8221;default&#8221; desktop_text_alignment=&#8221;default&#8221; tablet_text_alignment=&#8221;default&#8221; phone_text_alignment=&#8221;default&#8221; background_color_opacity=&#8221;1&#8243; background_hover_color_opacity=&#8221;1&#8243; column_backdrop_filter=&#8221;none&#8221; column_shadow=&#8221;none&#8221; column_border_radius=&#8221;none&#8221; column_link_target=&#8221;_self&#8221; column_position=&#8221;default&#8221; gradient_direction=&#8221;left_to_right&#8221; overlay_strength=&#8221;0.3&#8243; width=&#8221;1\/1&#8243; tablet_width_inherit=&#8221;default&#8221; animation_type=&#8221;default&#8221; bg_image_animation=&#8221;none&#8221; border_type=&#8221;simple&#8221; column_border_width=&#8221;none&#8221; column_border_style=&#8221;solid&#8221; column_padding_type=&#8221;default&#8221; gradient_type=&#8221;default&#8221;][image_with_animation image_url=&#8221;8445&#8243; image_size=&#8221;full&#8221; animation_type=&#8221;entrance&#8221; animation=&#8221;None&#8221; animation_movement_type=&#8221;transform_y&#8221; hover_animation=&#8221;zoom&#8221; alignment=&#8221;&#8221; border_radius=&#8221;none&#8221; box_shadow=&#8221;none&#8221; image_loading=&#8221;default&#8221; max_width=&#8221;100%&#8221; max_width_mobile=&#8221;default&#8221;][vc_column_text](Quelle: <a href=\"https:\/\/www.auma.de\/de\/ausstellen\/messen-finden\/messedaten?tfd=berlin_internationale-grune-woche-berlin_211759&amp;art=tpv\">Internationale Gr\u00fcne Woche Berlin &#8211; AUMA<\/a>)[\/vc_column_text][\/vc_column][\/vc_row][vc_row type=&#8221;in_container&#8221; full_screen_row_position=&#8221;middle&#8221; column_margin=&#8221;default&#8221; column_direction=&#8221;default&#8221; column_direction_tablet=&#8221;default&#8221; column_direction_phone=&#8221;default&#8221; scene_position=&#8221;center&#8221; text_color=&#8221;dark&#8221; text_align=&#8221;left&#8221; row_border_radius=&#8221;none&#8221; row_border_radius_applies=&#8221;bg&#8221; overflow=&#8221;visible&#8221; overlay_strength=&#8221;0.3&#8243; gradient_direction=&#8221;left_to_right&#8221; shape_divider_position=&#8221;bottom&#8221; bg_image_animation=&#8221;none&#8221;][vc_column column_padding=&#8221;no-extra-padding&#8221; column_padding_tablet=&#8221;inherit&#8221; column_padding_phone=&#8221;inherit&#8221; column_padding_position=&#8221;all&#8221; column_element_direction_desktop=&#8221;default&#8221; column_element_spacing=&#8221;default&#8221; desktop_text_alignment=&#8221;default&#8221; tablet_text_alignment=&#8221;default&#8221; phone_text_alignment=&#8221;default&#8221; background_color_opacity=&#8221;1&#8243; background_hover_color_opacity=&#8221;1&#8243; column_backdrop_filter=&#8221;none&#8221; column_shadow=&#8221;none&#8221; column_border_radius=&#8221;none&#8221; column_link_target=&#8221;_self&#8221; column_position=&#8221;default&#8221; gradient_direction=&#8221;left_to_right&#8221; overlay_strength=&#8221;0.3&#8243; width=&#8221;1\/1&#8243; tablet_width_inherit=&#8221;default&#8221; animation_type=&#8221;default&#8221; bg_image_animation=&#8221;none&#8221; border_type=&#8221;simple&#8221; column_border_width=&#8221;none&#8221; column_border_style=&#8221;solid&#8221;][vc_column_text]\n<h2><span class=\"ez-toc-section\" id=\"Produktgruppen\"><\/span><strong>Produktgruppen<\/strong><span class=\"ez-toc-section-end\"><\/span><\/h2>\n<p>Die Internationale Gr\u00fcne Woche kann in 4 Produktgruppen eingeteilt werden:[\/vc_column_text][\/vc_column][\/vc_row][vc_row type=&#8221;in_container&#8221; full_screen_row_position=&#8221;middle&#8221; column_margin=&#8221;default&#8221; column_direction=&#8221;default&#8221; column_direction_tablet=&#8221;default&#8221; column_direction_phone=&#8221;default&#8221; scene_position=&#8221;center&#8221; text_color=&#8221;dark&#8221; text_align=&#8221;left&#8221; row_border_radius=&#8221;none&#8221; row_border_radius_applies=&#8221;bg&#8221; overflow=&#8221;visible&#8221; overlay_strength=&#8221;0.3&#8243; gradient_direction=&#8221;left_to_right&#8221; shape_divider_position=&#8221;bottom&#8221; bg_image_animation=&#8221;none&#8221;][vc_column column_padding=&#8221;no-extra-padding&#8221; column_padding_tablet=&#8221;inherit&#8221; column_padding_phone=&#8221;inherit&#8221; column_padding_position=&#8221;all&#8221; column_element_direction_desktop=&#8221;default&#8221; column_element_spacing=&#8221;default&#8221; desktop_text_alignment=&#8221;default&#8221; tablet_text_alignment=&#8221;default&#8221; phone_text_alignment=&#8221;default&#8221; background_color_opacity=&#8221;1&#8243; background_hover_color_opacity=&#8221;1&#8243; column_backdrop_filter=&#8221;none&#8221; column_shadow=&#8221;none&#8221; column_border_radius=&#8221;none&#8221; column_link_target=&#8221;_self&#8221; column_position=&#8221;default&#8221; gradient_direction=&#8221;left_to_right&#8221; overlay_strength=&#8221;0.3&#8243; width=&#8221;1\/1&#8243; tablet_width_inherit=&#8221;default&#8221; animation_type=&#8221;default&#8221; bg_image_animation=&#8221;none&#8221; border_type=&#8221;simple&#8221; column_border_width=&#8221;none&#8221; column_border_style=&#8221;solid&#8221;]<div class=\"nectar-fancy-ul\" data-list-icon=\"fa fa-lightbulb-o\" data-animation=\"false\" data-animation-delay=\"0\" data-color=\"accent-color\" data-spacing=\"default\" data-alignment=\"left\"> \n<ul>\n<li>Ern\u00e4hrungswirtschaft,<\/li>\n<li>Land- und Forstwirtschaft,<\/li>\n<li>Garten,<\/li>\n<li>Haus und Hof.<\/li>\n<\/ul>\n<p>Unter diesen Produktgruppen verbergen sich zahlreiche Austeller die Sie hier (<a href=\"https:\/\/www.gruenewoche.de\/de\/ueber-uns\/ausstellerverzeichnis#\/suche\/f=h-entity_catg,h-cat_products;v_sg=0;v_fg=1;v_fpa=FUTURE;hg\">Ausstellerverzeichnis &#8211; Gr\u00fcne Woche (gruenewoche.de)<\/a>) einsehen k\u00f6nnen.<\/p>\n<p>Diese o.g. Produktgruppen werden im Rahmen der Messe in folgende Bereiche eingeteilt: <\/div>[\/vc_column][\/vc_row][vc_row type=&#8221;in_container&#8221; full_screen_row_position=&#8221;middle&#8221; column_margin=&#8221;default&#8221; column_direction=&#8221;default&#8221; column_direction_tablet=&#8221;default&#8221; column_direction_phone=&#8221;default&#8221; scene_position=&#8221;center&#8221; text_color=&#8221;dark&#8221; text_align=&#8221;left&#8221; row_border_radius=&#8221;none&#8221; row_border_radius_applies=&#8221;bg&#8221; overflow=&#8221;visible&#8221; overlay_strength=&#8221;0.3&#8243; gradient_direction=&#8221;left_to_right&#8221; shape_divider_position=&#8221;bottom&#8221; bg_image_animation=&#8221;none&#8221;][vc_column column_padding=&#8221;no-extra-padding&#8221; column_padding_tablet=&#8221;inherit&#8221; column_padding_phone=&#8221;inherit&#8221; column_padding_position=&#8221;all&#8221; column_element_direction_desktop=&#8221;default&#8221; column_element_spacing=&#8221;default&#8221; desktop_text_alignment=&#8221;default&#8221; tablet_text_alignment=&#8221;default&#8221; phone_text_alignment=&#8221;default&#8221; background_color_opacity=&#8221;1&#8243; background_hover_color_opacity=&#8221;1&#8243; column_backdrop_filter=&#8221;none&#8221; column_shadow=&#8221;none&#8221; column_border_radius=&#8221;none&#8221; column_link_target=&#8221;_self&#8221; column_position=&#8221;default&#8221; gradient_direction=&#8221;left_to_right&#8221; overlay_strength=&#8221;0.3&#8243; width=&#8221;1\/4&#8243; tablet_width_inherit=&#8221;default&#8221; animation_type=&#8221;default&#8221; bg_image_animation=&#8221;none&#8221; border_type=&#8221;simple&#8221; column_border_width=&#8221;none&#8221; column_border_style=&#8221;solid&#8221;]<div class=\"nectar-fancy-ul\" data-list-icon=\"fa fa-lightbulb-o\" data-animation=\"false\" data-animation-delay=\"0\" data-color=\"accent-color\" data-spacing=\"default\" data-alignment=\"left\"> \n<ul>\n<li>Deutsch Regionen,<\/li>\n<li>World-Tour,<\/li>\n<li>Gr\u00fcnerleben,<\/li>\n<li>Blumenhalle,<\/li>\n<li>Tiere,<\/li>\n<li>Markthalle,<\/li>\n<li>Garten, Haus und Hof,<\/li>\n<li>Erlebnis Bauernhof.<\/li>\n<\/ul>\n <\/div>[vc_column_text]KI Generiertes Bild (by ChatGPT)[\/vc_column_text][\/vc_column][vc_column column_padding=&#8221;no-extra-padding&#8221; column_padding_tablet=&#8221;inherit&#8221; column_padding_phone=&#8221;inherit&#8221; column_padding_position=&#8221;all&#8221; column_element_direction_desktop=&#8221;default&#8221; column_element_spacing=&#8221;default&#8221; desktop_text_alignment=&#8221;default&#8221; tablet_text_alignment=&#8221;default&#8221; phone_text_alignment=&#8221;default&#8221; background_color_opacity=&#8221;1&#8243; background_hover_color_opacity=&#8221;1&#8243; column_backdrop_filter=&#8221;none&#8221; column_shadow=&#8221;none&#8221; column_border_radius=&#8221;none&#8221; column_link_target=&#8221;_self&#8221; column_position=&#8221;default&#8221; gradient_direction=&#8221;left_to_right&#8221; overlay_strength=&#8221;0.3&#8243; width=&#8221;3\/4&#8243; tablet_width_inherit=&#8221;default&#8221; animation_type=&#8221;default&#8221; bg_image_animation=&#8221;none&#8221; border_type=&#8221;simple&#8221; column_border_width=&#8221;none&#8221; column_border_style=&#8221;solid&#8221; column_padding_type=&#8221;default&#8221; gradient_type=&#8221;default&#8221;][image_with_animation image_url=&#8221;8452&#8243; image_size=&#8221;full&#8221; animation_type=&#8221;entrance&#8221; animation=&#8221;None&#8221; animation_movement_type=&#8221;transform_y&#8221; hover_animation=&#8221;zoom&#8221; alignment=&#8221;&#8221; img_link_large=&#8221;yes&#8221; border_radius=&#8221;none&#8221; box_shadow=&#8221;none&#8221; image_loading=&#8221;default&#8221; max_width=&#8221;100%&#8221; max_width_mobile=&#8221;default&#8221;][\/vc_column][\/vc_row][vc_row type=&#8221;in_container&#8221; full_screen_row_position=&#8221;middle&#8221; column_margin=&#8221;default&#8221; column_direction=&#8221;default&#8221; column_direction_tablet=&#8221;default&#8221; column_direction_phone=&#8221;default&#8221; scene_position=&#8221;center&#8221; text_color=&#8221;dark&#8221; text_align=&#8221;left&#8221; row_border_radius=&#8221;none&#8221; row_border_radius_applies=&#8221;bg&#8221; overflow=&#8221;visible&#8221; overlay_strength=&#8221;0.3&#8243; gradient_direction=&#8221;left_to_right&#8221; shape_divider_position=&#8221;bottom&#8221; bg_image_animation=&#8221;none&#8221;][vc_column column_padding=&#8221;no-extra-padding&#8221; column_padding_tablet=&#8221;inherit&#8221; column_padding_phone=&#8221;inherit&#8221; column_padding_position=&#8221;all&#8221; column_element_direction_desktop=&#8221;default&#8221; column_element_spacing=&#8221;default&#8221; desktop_text_alignment=&#8221;default&#8221; tablet_text_alignment=&#8221;default&#8221; phone_text_alignment=&#8221;default&#8221; background_color_opacity=&#8221;1&#8243; background_hover_color_opacity=&#8221;1&#8243; column_backdrop_filter=&#8221;none&#8221; column_shadow=&#8221;none&#8221; column_border_radius=&#8221;none&#8221; column_link_target=&#8221;_self&#8221; column_position=&#8221;default&#8221; gradient_direction=&#8221;left_to_right&#8221; overlay_strength=&#8221;0.3&#8243; width=&#8221;1\/1&#8243; tablet_width_inherit=&#8221;default&#8221; animation_type=&#8221;default&#8221; bg_image_animation=&#8221;none&#8221; border_type=&#8221;simple&#8221; column_border_width=&#8221;none&#8221; column_border_style=&#8221;solid&#8221;][vc_column_text]\n<h2><span class=\"ez-toc-section\" id=\"Naechster_Termin_und_weitere_Informationen\"><\/span>N\u00e4chster Termin und weitere Informationen<span class=\"ez-toc-section-end\"><\/span><\/h2>\n<p>Vom 15. bis 24. Januar 2027 \u00f6ffnet Berlin wieder seine Messehallen um zahlreichen Besuchern und Besucherinnen mit einem informativen, abwechslungsreichen und spannenden Programm rund um die Internationale Gr\u00fcne Woche einen erlebnisreichen Aufenthalt zu erm\u00f6glichen.<\/p>\n<p>T\u00e4glich von 10:00 Uhr bis 18:00 Uhr, am 22. Januar sogar bis 20:00 Uhr, l\u00e4dt Berlin zum Ausprobieren, Mitmachen und Informieren rund um die Themen Ern\u00e4hrung, Land- und Forstwirtschaft sowie Garten, Haus und Hof ein.<\/p>\n<p>Aussteller k\u00f6nnen sich hier (<a href=\"https:\/\/www.gruenewoche.de\/de\/ausstellen\/standanmeldung\">Zur Standanmeldung &#8211; Gr\u00fcne Woche (gruenewoche.de)<\/a> f\u00fcr eine Teilnahme anmelden.<\/p>\n<p>Besucher*innen k\u00f6nnen ihre Tickets ab Herbst 2026 unter der Website gruenewoche.de (<a href=\"https:\/\/www.gruenewoche.de\/de\/besuchen\/tickets\">Zum Ticketshop &#8211; Gr\u00fcne Woche (gruenewoche.de)<\/a> erwerben.[\/vc_column_text][\/vc_column][\/vc_row][vc_row type=&#8221;in_container&#8221; full_screen_row_position=&#8221;middle&#8221; column_margin=&#8221;default&#8221; column_direction=&#8221;default&#8221; column_direction_tablet=&#8221;default&#8221; column_direction_phone=&#8221;default&#8221; scene_position=&#8221;center&#8221; text_color=&#8221;dark&#8221; text_align=&#8221;left&#8221; row_border_radius=&#8221;none&#8221; row_border_radius_applies=&#8221;bg&#8221; overflow=&#8221;visible&#8221; overlay_strength=&#8221;0.3&#8243; gradient_direction=&#8221;left_to_right&#8221; shape_divider_position=&#8221;bottom&#8221; bg_image_animation=&#8221;none&#8221;][vc_column column_padding=&#8221;padding-2-percent&#8221; column_padding_tablet=&#8221;inherit&#8221; column_padding_phone=&#8221;inherit&#8221; column_padding_position=&#8221;all&#8221; column_element_direction_desktop=&#8221;default&#8221; column_element_spacing=&#8221;default&#8221; desktop_text_alignment=&#8221;default&#8221; tablet_text_alignment=&#8221;default&#8221; phone_text_alignment=&#8221;default&#8221; background_color_opacity=&#8221;1&#8243; background_hover_color_opacity=&#8221;1&#8243; column_backdrop_filter=&#8221;none&#8221; column_shadow=&#8221;none&#8221; column_border_radius=&#8221;none&#8221; column_link_target=&#8221;_self&#8221; column_position=&#8221;default&#8221; gradient_direction=&#8221;left_to_right&#8221; overlay_strength=&#8221;0.3&#8243; width=&#8221;1\/1&#8243; tablet_width_inherit=&#8221;default&#8221; animation_type=&#8221;default&#8221; bg_image_animation=&#8221;none&#8221; border_type=&#8221;simple&#8221; column_border_width=&#8221;1px&#8221; column_border_color=&#8221;#000000&#8243; column_border_style=&#8221;solid&#8221; column_padding_type=&#8221;default&#8221; gradient_type=&#8221;default&#8221;][vc_column_text]\n<h2><span class=\"ez-toc-section\" id=\"Fazit\"><\/span>Fazit<span class=\"ez-toc-section-end\"><\/span><\/h2>\n<p>Auch mit fast 100 Jahren hat die Internationale Gr\u00fcne Woche seinen Charme nicht verloren. Sie begeistert jedes Jahr eine Vielzahl an Ausstellern und Besucher*innen aus der ganzen Welt.<\/p>\n<p>Hier findet vom Kleinkind bis zum Rentner, vom Fleischesser bis zum Veganer, vom Fachbesucher bis zur Schulklasse jeder etwas f\u00fcr sein Interesse. Die Internationale Gr\u00fcne Woche ist als lokale Warenb\u00f6rse gestartet und ist heute eine bedeutende Handelsmesse, ein Treffpunkt f\u00fcr den Austausch verschiedener Akteure der Landwirtschafts- und Ern\u00e4hrungsbranche und eine wichtige Plattform f\u00fcr politische Diskussionen und innovative Entwicklungen.<\/p>\n<p>Die Lebens- und Ern\u00e4hrungsgewohnheiten der letzten 100 Jahre haben sich ver\u00e4ndert. Die Internationale Gr\u00fcne Woche ist sicherlich ein wichtiger Indikator f\u00fcr wissenschaftliche Erkenntnisse und angepasste Lebensverh\u00e4ltnisse und hat einen hohen Anteil an unserem heutigen Umgang mit nat\u00fcrlichen Ressourcen.[\/vc_column_text][\/vc_column][\/vc_row]\n","protected":false},"excerpt":{"rendered":"<p>2 [vc_row type=&#8221;in_container&#8221; full_screen_row_position=&#8221;middle&#8221; column_margin=&#8221;default&#8221; column_direction=&#8221;default&#8221; column_direction_tablet=&#8221;default&#8221; column_direction_phone=&#8221;default&#8221; scene_position=&#8221;center&#8221; text_color=&#8221;dark&#8221; text_align=&#8221;left&#8221; row_border_radius=&#8221;none&#8221; row_border_radius_applies=&#8221;bg&#8221; overflow=&#8221;visible&#8221; overlay_strength=&#8221;0.3&#8243;&#8230;<\/p>\n","protected":false},"author":11,"featured_media":8449,"comment_status":"closed","ping_status":"open","sticky":false,"template":"","format":"standard","meta":{"_acf_changed":false,"_lmt_disableupdate":"no","_lmt_disable":"no","footnotes":""},"categories":[10],"tags":[],"class_list":{"0":"post-8409","1":"post","2":"type-post","3":"status-publish","4":"format-standard","5":"has-post-thumbnail","7":"category-messestaedte"},"acf":[],"yoast_head":"<!-- This site is optimized with the Yoast SEO plugin v27.5 - https:\/\/yoast.com\/product\/yoast-seo-wordpress\/ -->\n<title>Internationale Gr\u00fcne Woche | Agrarmesse Berlin<\/title>\n<meta name=\"description\" content=\"Internationale Gr\u00fcne Woche in Berlin: Branchenfokus, Ausstellerstruktur &amp; Chancen f\u00fcr Unternehmen im Agrar- und Food-Segment.\" \/>\n<meta name=\"robots\" content=\"index, follow, max-snippet:-1, max-image-preview:large, max-video-preview:-1\" \/>\n<link rel=\"canonical\" href=\"https:\/\/www.displayhersteller.de\/ratgeber\/messestaedte\/internationale-gruene-woche\" \/>\n<meta property=\"og:locale\" content=\"de_DE\" \/>\n<meta property=\"og:type\" content=\"article\" \/>\n<meta property=\"og:title\" content=\"Internationale Gr\u00fcne Woche | Agrarmesse Berlin\" \/>\n<meta property=\"og:description\" content=\"Internationale Gr\u00fcne Woche in Berlin: Branchenfokus, Ausstellerstruktur &amp; Chancen f\u00fcr Unternehmen im Agrar- und Food-Segment.\" \/>\n<meta property=\"og:url\" content=\"https:\/\/www.displayhersteller.de\/ratgeber\/messestaedte\/internationale-gruene-woche\" \/>\n<meta property=\"og:site_name\" content=\"displayhersteller Ratgeber\" \/>\n<meta property=\"article:author\" content=\"https:\/\/www.facebook.com\/displayhersteller\" \/>\n<meta property=\"article:published_time\" content=\"2024-06-14T08:24:14+00:00\" \/>\n<meta property=\"article:modified_time\" content=\"2026-02-25T15:49:45+00:00\" \/>\n<meta property=\"og:image\" content=\"http:\/\/www.displayhersteller.de\/ratgeber\/wp-content\/uploads\/2024\/06\/Titelbild-Internationale-Gruene-Woche-ohne-Text.jpg\" \/>\n\t<meta property=\"og:image:width\" content=\"1839\" \/>\n\t<meta property=\"og:image:height\" content=\"945\" \/>\n\t<meta property=\"og:image:type\" content=\"image\/jpeg\" \/>\n<meta name=\"author\" content=\"Selin Alica\" \/>\n<meta name=\"twitter:card\" content=\"summary_large_image\" \/>\n<meta name=\"twitter:label1\" content=\"Geschrieben von\" \/>\n\t<meta name=\"twitter:data1\" content=\"Selin Alica\" \/>\n\t<meta name=\"twitter:label2\" content=\"Gesch\u00e4tzte Lesezeit\" \/>\n\t<meta name=\"twitter:data2\" content=\"14\u00a0Minuten\" \/>\n<!-- \/ Yoast SEO plugin. -->","yoast_head_json":{"title":"Internationale Gr\u00fcne Woche | Agrarmesse Berlin","description":"Internationale Gr\u00fcne Woche in Berlin: Branchenfokus, Ausstellerstruktur & Chancen f\u00fcr Unternehmen im Agrar- und Food-Segment.","robots":{"index":"index","follow":"follow","max-snippet":"max-snippet:-1","max-image-preview":"max-image-preview:large","max-video-preview":"max-video-preview:-1"},"canonical":"https:\/\/www.displayhersteller.de\/ratgeber\/messestaedte\/internationale-gruene-woche","og_locale":"de_DE","og_type":"article","og_title":"Internationale Gr\u00fcne Woche | Agrarmesse Berlin","og_description":"Internationale Gr\u00fcne Woche in Berlin: Branchenfokus, Ausstellerstruktur & Chancen f\u00fcr Unternehmen im Agrar- und Food-Segment.","og_url":"https:\/\/www.displayhersteller.de\/ratgeber\/messestaedte\/internationale-gruene-woche","og_site_name":"displayhersteller Ratgeber","article_author":"https:\/\/www.facebook.com\/displayhersteller","article_published_time":"2024-06-14T08:24:14+00:00","article_modified_time":"2026-02-25T15:49:45+00:00","og_image":[{"width":1839,"height":945,"url":"http:\/\/www.displayhersteller.de\/ratgeber\/wp-content\/uploads\/2024\/06\/Titelbild-Internationale-Gruene-Woche-ohne-Text.jpg","type":"image\/jpeg"}],"author":"Selin Alica","twitter_card":"summary_large_image","twitter_misc":{"Geschrieben von":"Selin Alica","Gesch\u00e4tzte Lesezeit":"14\u00a0Minuten"},"schema":{"@context":"https:\/\/schema.org","@graph":[{"@type":"Article","@id":"https:\/\/www.displayhersteller.de\/ratgeber\/messestaedte\/internationale-gruene-woche#article","isPartOf":{"@id":"https:\/\/www.displayhersteller.de\/ratgeber\/messestaedte\/internationale-gruene-woche"},"author":{"name":"Selin Alica","@id":"https:\/\/www.displayhersteller.de\/ratgeber\/#\/schema\/person\/1300a732ee83919ebb218862e2c750c7"},"headline":"Internationale Gr\u00fcne Woche \u2013 Die Agrar- und Ern\u00e4hrungsmesse in Berlin","datePublished":"2024-06-14T08:24:14+00:00","dateModified":"2026-02-25T15:49:45+00:00","mainEntityOfPage":{"@id":"https:\/\/www.displayhersteller.de\/ratgeber\/messestaedte\/internationale-gruene-woche"},"wordCount":5134,"image":{"@id":"https:\/\/www.displayhersteller.de\/ratgeber\/messestaedte\/internationale-gruene-woche#primaryimage"},"thumbnailUrl":"https:\/\/www.displayhersteller.de\/ratgeber\/wp-content\/uploads\/2024\/06\/Titelbild-Internationale-Gruene-Woche-ohne-Text.jpg","articleSection":["Messest\u00e4dte"],"inLanguage":"de"},{"@type":"WebPage","@id":"https:\/\/www.displayhersteller.de\/ratgeber\/messestaedte\/internationale-gruene-woche","url":"https:\/\/www.displayhersteller.de\/ratgeber\/messestaedte\/internationale-gruene-woche","name":"Internationale Gr\u00fcne Woche | Agrarmesse Berlin","isPartOf":{"@id":"https:\/\/www.displayhersteller.de\/ratgeber\/#website"},"primaryImageOfPage":{"@id":"https:\/\/www.displayhersteller.de\/ratgeber\/messestaedte\/internationale-gruene-woche#primaryimage"},"image":{"@id":"https:\/\/www.displayhersteller.de\/ratgeber\/messestaedte\/internationale-gruene-woche#primaryimage"},"thumbnailUrl":"https:\/\/www.displayhersteller.de\/ratgeber\/wp-content\/uploads\/2024\/06\/Titelbild-Internationale-Gruene-Woche-ohne-Text.jpg","datePublished":"2024-06-14T08:24:14+00:00","dateModified":"2026-02-25T15:49:45+00:00","author":{"@id":"https:\/\/www.displayhersteller.de\/ratgeber\/#\/schema\/person\/1300a732ee83919ebb218862e2c750c7"},"description":"Internationale Gr\u00fcne Woche in Berlin: Branchenfokus, Ausstellerstruktur & Chancen f\u00fcr Unternehmen im Agrar- und Food-Segment.","breadcrumb":{"@id":"https:\/\/www.displayhersteller.de\/ratgeber\/messestaedte\/internationale-gruene-woche#breadcrumb"},"inLanguage":"de","potentialAction":[{"@type":"ReadAction","target":["https:\/\/www.displayhersteller.de\/ratgeber\/messestaedte\/internationale-gruene-woche"]}]},{"@type":"ImageObject","inLanguage":"de","@id":"https:\/\/www.displayhersteller.de\/ratgeber\/messestaedte\/internationale-gruene-woche#primaryimage","url":"https:\/\/www.displayhersteller.de\/ratgeber\/wp-content\/uploads\/2024\/06\/Titelbild-Internationale-Gruene-Woche-ohne-Text.jpg","contentUrl":"https:\/\/www.displayhersteller.de\/ratgeber\/wp-content\/uploads\/2024\/06\/Titelbild-Internationale-Gruene-Woche-ohne-Text.jpg","width":1839,"height":945},{"@type":"BreadcrumbList","@id":"https:\/\/www.displayhersteller.de\/ratgeber\/messestaedte\/internationale-gruene-woche#breadcrumb","itemListElement":[{"@type":"ListItem","position":1,"name":"Home","item":"https:\/\/www.displayhersteller.de\/ratgeber"},{"@type":"ListItem","position":2,"name":"Internationale Gr\u00fcne Woche \u2013 Die Agrar- und Ern\u00e4hrungsmesse in Berlin"}]},{"@type":"WebSite","@id":"https:\/\/www.displayhersteller.de\/ratgeber\/#website","url":"https:\/\/www.displayhersteller.de\/ratgeber\/","name":"displayhersteller Ratgeber","description":"Informative Beitr\u00e4ge zu Messest\u00e4nden, Werbeaufstellern f\u00fcr Messen, Events und Veranstaltungen","potentialAction":[{"@type":"SearchAction","target":{"@type":"EntryPoint","urlTemplate":"https:\/\/www.displayhersteller.de\/ratgeber\/?s={search_term_string}"},"query-input":{"@type":"PropertyValueSpecification","valueRequired":true,"valueName":"search_term_string"}}],"inLanguage":"de"},{"@type":"Person","@id":"https:\/\/www.displayhersteller.de\/ratgeber\/#\/schema\/person\/1300a732ee83919ebb218862e2c750c7","name":"Selin Alica","image":{"@type":"ImageObject","inLanguage":"de","@id":"https:\/\/secure.gravatar.com\/avatar\/650c55b627ba9992a08d890f7aa957ebf15c0e3479fbe7a420fa4fec345b976a?s=96&d=mm&r=g","url":"https:\/\/secure.gravatar.com\/avatar\/650c55b627ba9992a08d890f7aa957ebf15c0e3479fbe7a420fa4fec345b976a?s=96&d=mm&r=g","contentUrl":"https:\/\/secure.gravatar.com\/avatar\/650c55b627ba9992a08d890f7aa957ebf15c0e3479fbe7a420fa4fec345b976a?s=96&d=mm&r=g","caption":"Selin Alica"},"description":"Selin ist offiziell seit 2024 Teil des Teams von Displayhersteller.de und bringt frischen Wind sowie ein feines Gesp\u00fcr f\u00fcr Inhalte mit. Als Mediengestalterin mit Schwerpunkt Content Management sorgt sie daf\u00fcr, dass alle Informationen rund um unsere Produkte strukturiert, ansprechend und informativ aufbereitet sind. Messe-DNA hat sie quasi im Blut \u2013 aufgewachsen in einem familiengef\u00fchrten Messebauunternehmen, kennt sie die Branche von Grund auf. Ihre Mischung aus Textsicherheit und Messeerfahrung macht sie zu einer wertvollen Stimme im Ratgeber von Displayhersteller.de.","sameAs":["https:\/\/www.displayhersteller.de\/de\/","https:\/\/www.facebook.com\/displayhersteller","https:\/\/www.instagram.com\/displayhersteller\/","https:\/\/www.linkedin.com\/company\/12794866\/admin\/page-posts\/published\/","https:\/\/www.youtube.com\/@displayhersteller"],"url":"https:\/\/www.displayhersteller.de\/ratgeber\/author\/selin"}]}},"modified_by":"Jonas Dollhofer","_links":{"self":[{"href":"https:\/\/www.displayhersteller.de\/ratgeber\/wp-json\/wp\/v2\/posts\/8409","targetHints":{"allow":["GET"]}}],"collection":[{"href":"https:\/\/www.displayhersteller.de\/ratgeber\/wp-json\/wp\/v2\/posts"}],"about":[{"href":"https:\/\/www.displayhersteller.de\/ratgeber\/wp-json\/wp\/v2\/types\/post"}],"author":[{"embeddable":true,"href":"https:\/\/www.displayhersteller.de\/ratgeber\/wp-json\/wp\/v2\/users\/11"}],"replies":[{"embeddable":true,"href":"https:\/\/www.displayhersteller.de\/ratgeber\/wp-json\/wp\/v2\/comments?post=8409"}],"version-history":[{"count":36,"href":"https:\/\/www.displayhersteller.de\/ratgeber\/wp-json\/wp\/v2\/posts\/8409\/revisions"}],"predecessor-version":[{"id":10292,"href":"https:\/\/www.displayhersteller.de\/ratgeber\/wp-json\/wp\/v2\/posts\/8409\/revisions\/10292"}],"wp:featuredmedia":[{"embeddable":true,"href":"https:\/\/www.displayhersteller.de\/ratgeber\/wp-json\/wp\/v2\/media\/8449"}],"wp:attachment":[{"href":"https:\/\/www.displayhersteller.de\/ratgeber\/wp-json\/wp\/v2\/media?parent=8409"}],"wp:term":[{"taxonomy":"category","embeddable":true,"href":"https:\/\/www.displayhersteller.de\/ratgeber\/wp-json\/wp\/v2\/categories?post=8409"},{"taxonomy":"post_tag","embeddable":true,"href":"https:\/\/www.displayhersteller.de\/ratgeber\/wp-json\/wp\/v2\/tags?post=8409"}],"curies":[{"name":"wp","href":"https:\/\/api.w.org\/{rel}","templated":true}]}}