{"id":8603,"date":"2024-08-02T13:43:25","date_gmt":"2024-08-02T11:43:25","guid":{"rendered":"https:\/\/www.displayhersteller.de\/ratgeber\/?p=8603"},"modified":"2026-02-25T12:28:47","modified_gmt":"2026-02-25T11:28:47","slug":"medica-duesseldorf","status":"publish","type":"post","link":"https:\/\/www.displayhersteller.de\/ratgeber\/messestaedte\/medica-duesseldorf","title":{"rendered":"MEDICA D\u00fcsseldorf: Weltleitmesse f\u00fcr Medizintechnik"},"content":{"rendered":"<div class=\"pld-like-dislike-wrap pld-template-1\">\r\n    <div class=\"pld-like-wrap  pld-common-wrap\">\r\n    <a href=\"javascript:void(0)\" class=\"pld-like-trigger pld-like-dislike-trigger  \" title=\"Gef\u00e4llt mir\" data-post-id=\"8603\" data-trigger-type=\"like\" data-restriction=\"cookie\" data-already-liked=\"0\">\r\n                        <i class=\"fas fa-thumbs-up\"><\/i>\r\n                <\/a>\r\n    <span class=\"pld-like-count-wrap pld-count-wrap\">    <\/span>\r\n<\/div><\/div>[vc_row type=&#8221;in_container&#8221; full_screen_row_position=&#8221;middle&#8221; column_margin=&#8221;default&#8221; column_direction=&#8221;default&#8221; column_direction_tablet=&#8221;default&#8221; column_direction_phone=&#8221;default&#8221; scene_position=&#8221;center&#8221; text_color=&#8221;dark&#8221; text_align=&#8221;left&#8221; row_border_radius=&#8221;none&#8221; row_border_radius_applies=&#8221;bg&#8221; overflow=&#8221;visible&#8221; overlay_strength=&#8221;0.3&#8243; gradient_direction=&#8221;left_to_right&#8221; shape_divider_position=&#8221;bottom&#8221; bg_image_animation=&#8221;none&#8221;][vc_column column_padding=&#8221;no-extra-padding&#8221; column_padding_tablet=&#8221;inherit&#8221; column_padding_phone=&#8221;inherit&#8221; column_padding_position=&#8221;all&#8221; column_element_direction_desktop=&#8221;default&#8221; column_element_spacing=&#8221;default&#8221; desktop_text_alignment=&#8221;default&#8221; tablet_text_alignment=&#8221;default&#8221; phone_text_alignment=&#8221;default&#8221; background_color_opacity=&#8221;1&#8243; background_hover_color_opacity=&#8221;1&#8243; column_backdrop_filter=&#8221;none&#8221; column_shadow=&#8221;none&#8221; column_border_radius=&#8221;none&#8221; column_link_target=&#8221;_self&#8221; column_position=&#8221;default&#8221; gradient_direction=&#8221;left_to_right&#8221; overlay_strength=&#8221;0.3&#8243; width=&#8221;1\/1&#8243; tablet_width_inherit=&#8221;default&#8221; animation_type=&#8221;default&#8221; bg_image_animation=&#8221;none&#8221; border_type=&#8221;simple&#8221; column_border_width=&#8221;none&#8221; column_border_style=&#8221;solid&#8221;][vc_column_text]Die Medica in D\u00fcsseldorf ist eine der bedeutendsten und gr\u00f6\u00dften Fachmessen der Welt f\u00fcr die Medizin- und Gesundheitsbranche. Jedes Jahr im November versammeln sich Fachleute und Unternehmen, um die neuesten Innovationen und Entwicklungen aus der Medizinwelt zu pr\u00e4sentieren und zu entdecken. Die Messe bietet eine einzigartige Plattform f\u00fcr den Austausch von Wissen und Erfahrungen und f\u00f6rdert die Vernetzung von Fachleuten aus verschiedenen Bereichen des Gesundheitswesens. In diesem Artikel erhalten Sie einen umfassenden \u00dcberblick \u00fcber die Messe, ihre Geschichte und Bedeutung sowie praktische Informationen f\u00fcr Ihren Besuch.<\/p>\n<div id=\"ez-toc-container\" class=\"ez-toc-v2_0_82_2 counter-hierarchy ez-toc-counter ez-toc-grey ez-toc-container-direction\">\n<div class=\"ez-toc-title-container\">\n<p class=\"ez-toc-title\" style=\"cursor:inherit\">Inhaltsverzeichnis<\/p>\n<span class=\"ez-toc-title-toggle\"><a href=\"#\" class=\"ez-toc-pull-right ez-toc-btn ez-toc-btn-xs ez-toc-btn-default ez-toc-toggle\" aria-label=\"Toggle Table of Content\"><span class=\"ez-toc-js-icon-con\"><span class=\"\"><span class=\"eztoc-hide\" style=\"display:none;\">Toggle<\/span><span class=\"ez-toc-icon-toggle-span\"><svg style=\"fill: #999;color:#999\" xmlns=\"http:\/\/www.w3.org\/2000\/svg\" class=\"list-377408\" width=\"20px\" height=\"20px\" viewBox=\"0 0 24 24\" fill=\"none\"><path d=\"M6 6H4v2h2V6zm14 0H8v2h12V6zM4 11h2v2H4v-2zm16 0H8v2h12v-2zM4 16h2v2H4v-2zm16 0H8v2h12v-2z\" fill=\"currentColor\"><\/path><\/svg><svg style=\"fill: #999;color:#999\" class=\"arrow-unsorted-368013\" xmlns=\"http:\/\/www.w3.org\/2000\/svg\" width=\"10px\" height=\"10px\" viewBox=\"0 0 24 24\" version=\"1.2\" baseProfile=\"tiny\"><path d=\"M18.2 9.3l-6.2-6.3-6.2 6.3c-.2.2-.3.4-.3.7s.1.5.3.7c.2.2.4.3.7.3h11c.3 0 .5-.1.7-.3.2-.2.3-.5.3-.7s-.1-.5-.3-.7zM5.8 14.7l6.2 6.3 6.2-6.3c.2-.2.3-.5.3-.7s-.1-.5-.3-.7c-.2-.2-.4-.3-.7-.3h-11c-.3 0-.5.1-.7.3-.2.2-.3.5-.3.7s.1.5.3.7z\"\/><\/svg><\/span><\/span><\/span><\/a><\/span><\/div>\n<nav><ul class='ez-toc-list ez-toc-list-level-1 ' ><li class='ez-toc-page-1 ez-toc-heading-level-2'><a class=\"ez-toc-link ez-toc-heading-1\" href=\"https:\/\/www.displayhersteller.de\/ratgeber\/messestaedte\/medica-duesseldorf\/#Messegelaende_und_Veranstaltungsort\" >Messegel\u00e4nde und Veranstaltungsort<\/a><\/li><li class='ez-toc-page-1 ez-toc-heading-level-2'><a class=\"ez-toc-link ez-toc-heading-2\" href=\"https:\/\/www.displayhersteller.de\/ratgeber\/messestaedte\/medica-duesseldorf\/#Anreise_und_Infrastruktur\" >Anreise und Infrastruktur<\/a><\/li><li class='ez-toc-page-1 ez-toc-heading-level-2'><a class=\"ez-toc-link ez-toc-heading-3\" href=\"https:\/\/www.displayhersteller.de\/ratgeber\/messestaedte\/medica-duesseldorf\/#Geschichte_der_Messe\" >Geschichte der Messe<\/a><ul class='ez-toc-list-level-3' ><li class='ez-toc-heading-level-3'><a class=\"ez-toc-link ez-toc-heading-4\" href=\"https:\/\/www.displayhersteller.de\/ratgeber\/messestaedte\/medica-duesseldorf\/#Historische_Bedeutung\" >Historische Bedeutung<\/a><\/li><li class='ez-toc-page-1 ez-toc-heading-level-3'><a class=\"ez-toc-link ez-toc-heading-5\" href=\"https:\/\/www.displayhersteller.de\/ratgeber\/messestaedte\/medica-duesseldorf\/#Internationale_Bedeutung\" >Internationale Bedeutung<\/a><\/li><\/ul><\/li><li class='ez-toc-page-1 ez-toc-heading-level-2'><a class=\"ez-toc-link ez-toc-heading-6\" href=\"https:\/\/www.displayhersteller.de\/ratgeber\/messestaedte\/medica-duesseldorf\/#Zahlen_und_Fakten\" >Zahlen und Fakten<\/a><\/li><li class='ez-toc-page-1 ez-toc-heading-level-2'><a class=\"ez-toc-link ez-toc-heading-7\" href=\"https:\/\/www.displayhersteller.de\/ratgeber\/messestaedte\/medica-duesseldorf\/#Medica_%E2%80%93_Katalysator_fuer_Innovation_und_Austausch\" >Medica &#8211; Katalysator f\u00fcr Innovation und Austausch<\/a><ul class='ez-toc-list-level-3' ><li class='ez-toc-heading-level-3'><a class=\"ez-toc-link ez-toc-heading-8\" href=\"https:\/\/www.displayhersteller.de\/ratgeber\/messestaedte\/medica-duesseldorf\/#Themen_und_Innovationsbereiche\" >Themen und Innovationsbereiche<\/a><\/li><li class='ez-toc-page-1 ez-toc-heading-level-3'><a class=\"ez-toc-link ez-toc-heading-9\" href=\"https:\/\/www.displayhersteller.de\/ratgeber\/messestaedte\/medica-duesseldorf\/#Foren_und_Konferenzen\" >Foren und Konferenzen<\/a><\/li><li class='ez-toc-page-1 ez-toc-heading-level-3'><a class=\"ez-toc-link ez-toc-heading-10\" href=\"https:\/\/www.displayhersteller.de\/ratgeber\/messestaedte\/medica-duesseldorf\/#Begleitveranstaltungen\" >Begleitveranstaltungen<\/a><\/li><li class='ez-toc-page-1 ez-toc-heading-level-3'><a class=\"ez-toc-link ez-toc-heading-11\" href=\"https:\/\/www.displayhersteller.de\/ratgeber\/messestaedte\/medica-duesseldorf\/#Networking-Plattformen\" >Networking-Plattformen<\/a><\/li><li class='ez-toc-page-1 ez-toc-heading-level-3'><a class=\"ez-toc-link ez-toc-heading-12\" href=\"https:\/\/www.displayhersteller.de\/ratgeber\/messestaedte\/medica-duesseldorf\/#Innovationsfoerderung\" >Innovationsf\u00f6rderung<\/a><\/li><li class='ez-toc-page-1 ez-toc-heading-level-3'><a class=\"ez-toc-link ez-toc-heading-13\" href=\"https:\/\/www.displayhersteller.de\/ratgeber\/messestaedte\/medica-duesseldorf\/#Forschung_und_Entwicklung\" >Forschung und Entwicklung<\/a><\/li><li class='ez-toc-page-1 ez-toc-heading-level-3'><a class=\"ez-toc-link ez-toc-heading-14\" href=\"https:\/\/www.displayhersteller.de\/ratgeber\/messestaedte\/medica-duesseldorf\/#Bildung_und_Weiterbildung\" >Bildung und Weiterbildung<\/a><\/li><li class='ez-toc-page-1 ez-toc-heading-level-3'><a class=\"ez-toc-link ez-toc-heading-15\" href=\"https:\/\/www.displayhersteller.de\/ratgeber\/messestaedte\/medica-duesseldorf\/#Markteinfuehrung_neuer_Produkte\" >Markteinf\u00fchrung neuer Produkte<\/a><\/li><li class='ez-toc-page-1 ez-toc-heading-level-3'><a class=\"ez-toc-link ez-toc-heading-16\" href=\"https:\/\/www.displayhersteller.de\/ratgeber\/messestaedte\/medica-duesseldorf\/#Ausstellerstruktur\" >Ausstellerstruktur<\/a><\/li><li class='ez-toc-page-1 ez-toc-heading-level-3'><a class=\"ez-toc-link ez-toc-heading-17\" href=\"https:\/\/www.displayhersteller.de\/ratgeber\/messestaedte\/medica-duesseldorf\/#Nachhaltigkeit\" >Nachhaltigkeit<\/a><\/li><\/ul><\/li><li class='ez-toc-page-1 ez-toc-heading-level-2'><a class=\"ez-toc-link ez-toc-heading-18\" href=\"https:\/\/www.displayhersteller.de\/ratgeber\/messestaedte\/medica-duesseldorf\/#Naechster_Termin_und_Details\" >N\u00e4chster Termin und Details<\/a><\/li><li class='ez-toc-page-1 ez-toc-heading-level-2'><a class=\"ez-toc-link ez-toc-heading-19\" href=\"https:\/\/www.displayhersteller.de\/ratgeber\/messestaedte\/medica-duesseldorf\/#Fazit\" >Fazit<\/a><\/li><\/ul><\/nav><\/div>\n[\/vc_column_text][\/vc_column][\/vc_row][vc_row type=&#8221;in_container&#8221; full_screen_row_position=&#8221;middle&#8221; column_margin=&#8221;default&#8221; column_direction=&#8221;default&#8221; column_direction_tablet=&#8221;default&#8221; column_direction_phone=&#8221;default&#8221; scene_position=&#8221;center&#8221; text_color=&#8221;dark&#8221; text_align=&#8221;left&#8221; row_border_radius=&#8221;none&#8221; row_border_radius_applies=&#8221;bg&#8221; overflow=&#8221;visible&#8221; overlay_strength=&#8221;0.3&#8243; gradient_direction=&#8221;left_to_right&#8221; shape_divider_position=&#8221;bottom&#8221; bg_image_animation=&#8221;none&#8221;][vc_column column_padding=&#8221;no-extra-padding&#8221; column_padding_tablet=&#8221;inherit&#8221; column_padding_phone=&#8221;inherit&#8221; column_padding_position=&#8221;all&#8221; column_element_direction_desktop=&#8221;default&#8221; column_element_spacing=&#8221;default&#8221; desktop_text_alignment=&#8221;default&#8221; tablet_text_alignment=&#8221;default&#8221; phone_text_alignment=&#8221;default&#8221; background_color_opacity=&#8221;1&#8243; background_hover_color_opacity=&#8221;1&#8243; column_backdrop_filter=&#8221;none&#8221; column_shadow=&#8221;none&#8221; column_border_radius=&#8221;none&#8221; column_link_target=&#8221;_self&#8221; column_position=&#8221;default&#8221; gradient_direction=&#8221;left_to_right&#8221; overlay_strength=&#8221;0.3&#8243; width=&#8221;1\/2&#8243; tablet_width_inherit=&#8221;default&#8221; animation_type=&#8221;default&#8221; bg_image_animation=&#8221;none&#8221; border_type=&#8221;simple&#8221; column_border_width=&#8221;none&#8221; column_border_style=&#8221;solid&#8221;][vc_column_text]\n<h2><span class=\"ez-toc-section\" id=\"Messegelaende_und_Veranstaltungsort\"><\/span><strong>Messegel\u00e4nde und Veranstaltungsort<\/strong><span class=\"ez-toc-section-end\"><\/span><\/h2>\n<p>Die Medica findet im modernen Messezentrum D\u00fcsseldorf statt, das sich \u00fcber eine beeindruckende Fl\u00e4che von 284.000 Quadratmetern erstreckt. Das Gel\u00e4nde umfasst zahlreiche Hallen, Konferenzr\u00e4ume und Ausstellungsfl\u00e4chen, die thematisch gegliedert sind, um den Besuchern eine optimale Orientierung zu bieten. Diese thematische Gliederung erm\u00f6glicht es den Besuchern, gezielt die f\u00fcr sie relevanten Bereiche aufzusuchen und sich effizient zu informieren. Die Messehallen sind mit modernster Technik ausgestattet und bieten den Ausstellern ideale Bedingungen, um ihre Produkte und Dienstleistungen zu pr\u00e4sentieren. F\u00fcr eine professionelle Darstellung sensibler und erkl\u00e4rungsbed\u00fcrftiger Produkte setzen viele Aussteller auf <a title=\"Messestand\" href=\"https:\/\/www.displayhersteller.de\/de\/messestaende-sets\">hochwertige modulare Messestand-Systeme<\/a> f\u00fcr Medizintechnik-Messen, die flexibel skalierbar und mehrfach einsetzbar sind.[\/vc_column_text][\/vc_column][vc_column column_padding=&#8221;padding-2-percent&#8221; column_padding_tablet=&#8221;inherit&#8221; column_padding_phone=&#8221;inherit&#8221; column_padding_position=&#8221;all&#8221; column_element_direction_desktop=&#8221;default&#8221; column_element_spacing=&#8221;default&#8221; desktop_text_alignment=&#8221;default&#8221; tablet_text_alignment=&#8221;default&#8221; phone_text_alignment=&#8221;default&#8221; background_color_opacity=&#8221;1&#8243; background_hover_color_opacity=&#8221;1&#8243; column_backdrop_filter=&#8221;none&#8221; column_shadow=&#8221;none&#8221; column_border_radius=&#8221;none&#8221; column_link_target=&#8221;_self&#8221; column_position=&#8221;default&#8221; gradient_direction=&#8221;left_to_right&#8221; overlay_strength=&#8221;0.3&#8243; width=&#8221;1\/2&#8243; tablet_width_inherit=&#8221;default&#8221; animation_type=&#8221;default&#8221; bg_image_animation=&#8221;none&#8221; border_type=&#8221;simple&#8221; column_border_width=&#8221;none&#8221; column_border_style=&#8221;solid&#8221; column_padding_type=&#8221;default&#8221; gradient_type=&#8221;default&#8221;][image_with_animation image_url=&#8221;8613&#8243; image_size=&#8221;full&#8221; animation_type=&#8221;entrance&#8221; animation=&#8221;None&#8221; animation_movement_type=&#8221;transform_y&#8221; hover_animation=&#8221;zoom&#8221; alignment=&#8221;&#8221; border_radius=&#8221;none&#8221; box_shadow=&#8221;none&#8221; image_loading=&#8221;default&#8221; max_width=&#8221;100%&#8221; max_width_mobile=&#8221;default&#8221;][\/vc_column][\/vc_row][vc_row type=&#8221;in_container&#8221; full_screen_row_position=&#8221;middle&#8221; column_margin=&#8221;default&#8221; column_direction=&#8221;default&#8221; column_direction_tablet=&#8221;default&#8221; column_direction_phone=&#8221;default&#8221; scene_position=&#8221;center&#8221; text_color=&#8221;dark&#8221; text_align=&#8221;left&#8221; row_border_radius=&#8221;none&#8221; row_border_radius_applies=&#8221;bg&#8221; overflow=&#8221;visible&#8221; overlay_strength=&#8221;0.3&#8243; gradient_direction=&#8221;left_to_right&#8221; shape_divider_position=&#8221;bottom&#8221; bg_image_animation=&#8221;none&#8221;][vc_column column_padding=&#8221;padding-1-percent&#8221; column_padding_tablet=&#8221;inherit&#8221; column_padding_phone=&#8221;inherit&#8221; column_padding_position=&#8221;all&#8221; column_element_direction_desktop=&#8221;default&#8221; column_element_spacing=&#8221;default&#8221; desktop_text_alignment=&#8221;default&#8221; tablet_text_alignment=&#8221;default&#8221; phone_text_alignment=&#8221;default&#8221; background_color_opacity=&#8221;1&#8243; background_hover_color_opacity=&#8221;1&#8243; column_backdrop_filter=&#8221;none&#8221; column_shadow=&#8221;none&#8221; column_border_radius=&#8221;none&#8221; column_link_target=&#8221;_self&#8221; column_position=&#8221;default&#8221; gradient_direction=&#8221;left_to_right&#8221; overlay_strength=&#8221;0.3&#8243; width=&#8221;1\/2&#8243; tablet_width_inherit=&#8221;default&#8221; animation_type=&#8221;default&#8221; bg_image_animation=&#8221;none&#8221; border_type=&#8221;simple&#8221; column_border_width=&#8221;none&#8221; column_border_style=&#8221;solid&#8221; column_padding_type=&#8221;default&#8221; gradient_type=&#8221;default&#8221;][image_with_animation image_url=&#8221;8614&#8243; image_size=&#8221;full&#8221; animation_type=&#8221;entrance&#8221; animation=&#8221;None&#8221; animation_movement_type=&#8221;transform_y&#8221; hover_animation=&#8221;zoom&#8221; alignment=&#8221;&#8221; border_radius=&#8221;none&#8221; box_shadow=&#8221;none&#8221; image_loading=&#8221;default&#8221; max_width=&#8221;100%&#8221; max_width_mobile=&#8221;default&#8221; margin_top=&#8221;20&#8243;][\/vc_column][vc_column column_padding=&#8221;no-extra-padding&#8221; column_padding_tablet=&#8221;inherit&#8221; column_padding_phone=&#8221;inherit&#8221; column_padding_position=&#8221;all&#8221; column_element_direction_desktop=&#8221;default&#8221; column_element_spacing=&#8221;default&#8221; desktop_text_alignment=&#8221;default&#8221; tablet_text_alignment=&#8221;default&#8221; phone_text_alignment=&#8221;default&#8221; background_color_opacity=&#8221;1&#8243; background_hover_color_opacity=&#8221;1&#8243; column_backdrop_filter=&#8221;none&#8221; column_shadow=&#8221;none&#8221; column_border_radius=&#8221;none&#8221; column_link_target=&#8221;_self&#8221; column_position=&#8221;default&#8221; gradient_direction=&#8221;left_to_right&#8221; overlay_strength=&#8221;0.3&#8243; width=&#8221;1\/2&#8243; tablet_width_inherit=&#8221;default&#8221; animation_type=&#8221;default&#8221; bg_image_animation=&#8221;none&#8221; border_type=&#8221;simple&#8221; column_border_width=&#8221;none&#8221; column_border_style=&#8221;solid&#8221;][vc_column_text]\n<h2><span class=\"ez-toc-section\" id=\"Anreise_und_Infrastruktur\"><\/span><strong>Anreise und Infrastruktur<\/strong><span class=\"ez-toc-section-end\"><\/span><\/h2>\n<p>D\u00fcsseldorf, die Hauptstadt von Nordrhein-Westfalen, bietet hervorragende Anreisem\u00f6glichkeiten. Der internationale Flughafen D\u00fcsseldorf ist nur wenige Kilometer vom Messegel\u00e4nde entfernt und bietet direkte Verbindungen zu vielen St\u00e4dten weltweit. Zudem verf\u00fcgt D\u00fcsseldorf \u00fcber ein gut ausgebautes Bahn- und Autobahnnetz, was die Anreise mit dem Auto oder Zug ebenfalls sehr bequem macht. In der Stadt finden Besucher eine Vielzahl an Hotels und Restaurants, die den Messebesuch angenehm erg\u00e4nzen. Die Messe D\u00fcsseldorf bietet zudem einen umfassenden Shuttle-Service, der Besucher bequem vom Flughafen oder Bahnhof direkt zur Messe bringt. Auch innerhalb des Messegel\u00e4ndes sorgen Shuttles f\u00fcr eine schnelle und unkomplizierte Fortbewegung zwischen den Hallen.[\/vc_column_text][\/vc_column][\/vc_row][vc_row type=&#8221;in_container&#8221; full_screen_row_position=&#8221;middle&#8221; column_margin=&#8221;default&#8221; column_direction=&#8221;default&#8221; column_direction_tablet=&#8221;default&#8221; column_direction_phone=&#8221;default&#8221; scene_position=&#8221;center&#8221; text_color=&#8221;dark&#8221; text_align=&#8221;left&#8221; row_border_radius=&#8221;none&#8221; row_border_radius_applies=&#8221;bg&#8221; overflow=&#8221;visible&#8221; overlay_strength=&#8221;0.3&#8243; gradient_direction=&#8221;left_to_right&#8221; shape_divider_position=&#8221;bottom&#8221; bg_image_animation=&#8221;none&#8221;][vc_column column_padding=&#8221;no-extra-padding&#8221; column_padding_tablet=&#8221;inherit&#8221; column_padding_phone=&#8221;inherit&#8221; column_padding_position=&#8221;all&#8221; column_element_direction_desktop=&#8221;default&#8221; column_element_spacing=&#8221;default&#8221; desktop_text_alignment=&#8221;default&#8221; tablet_text_alignment=&#8221;default&#8221; phone_text_alignment=&#8221;default&#8221; background_color_opacity=&#8221;1&#8243; background_hover_color_opacity=&#8221;1&#8243; column_backdrop_filter=&#8221;none&#8221; column_shadow=&#8221;none&#8221; column_border_radius=&#8221;none&#8221; column_link_target=&#8221;_self&#8221; column_position=&#8221;default&#8221; gradient_direction=&#8221;left_to_right&#8221; overlay_strength=&#8221;0.3&#8243; width=&#8221;1\/1&#8243; tablet_width_inherit=&#8221;default&#8221; animation_type=&#8221;default&#8221; bg_image_animation=&#8221;none&#8221; border_type=&#8221;simple&#8221; column_border_width=&#8221;none&#8221; column_border_style=&#8221;solid&#8221;][vc_column_text]\n<h2><span class=\"ez-toc-section\" id=\"Geschichte_der_Messe\"><\/span><strong>Geschichte der Messe<\/strong><span class=\"ez-toc-section-end\"><\/span><\/h2>\n<p>Die Medica kann auf eine lange und erfolgreiche Geschichte zur\u00fcckblicken:<\/p>\n\n<table id=\"tablepress-32-no-2\" class=\"tablepress tablepress-id-32\">\n<thead>\n<tr class=\"row-1\">\n\t<th class=\"column-1\">Jahr <\/th><th class=\"column-2\">Wissenswertes<\/th>\n<\/tr>\n<\/thead>\n<tbody class=\"row-striping row-hover\">\n<tr class=\"row-2\">\n\t<td class=\"column-1\">1969<\/td><td class=\"column-2\">Die erste Medica findet statt und legt den Grundstein f\u00fcr eine beeindruckende Erfolgsgeschichte.<\/td>\n<\/tr>\n<tr class=\"row-3\">\n\t<td class=\"column-1\">1974<\/td><td class=\"column-2\">Die Messe w\u00e4chst und erreicht erstmals eine Ausstellungsfl\u00e4che von \u00fcber 20.000 Quadratmetern.<\/td>\n<\/tr>\n<tr class=\"row-4\">\n\t<td class=\"column-1\">1980<\/td><td class=\"column-2\">Einf\u00fchrung neuer Schwerpunkte einschlie\u00dflich Diagnostik und Labortechnik, um den sich ver\u00e4ndernden Bed\u00fcrfnissen der Medizinbranche gerecht zu werden.<\/td>\n<\/tr>\n<tr class=\"row-5\">\n\t<td class=\"column-1\">1992<\/td><td class=\"column-2\">Digitale Gesundheitsl\u00f6sungen und Medizintechnik werden zentrale Themen der Messe.<\/td>\n<\/tr>\n<tr class=\"row-6\">\n\t<td class=\"column-1\">1995<\/td><td class=\"column-2\">Erweiterung des Portfolios um den Bereich Physiotherapie und Rehabilitationsmedizin.<\/td>\n<\/tr>\n<tr class=\"row-7\">\n\t<td class=\"column-1\">2001<\/td><td class=\"column-2\">Die Medica etabliert sich mit \u00fcber 3.000 Ausstellern aus 50 L\u00e4ndern als globales Ereignis.<\/td>\n<\/tr>\n<tr class=\"row-8\">\n\t<td class=\"column-1\">2004<\/td><td class=\"column-2\">Einf\u00fchrung des Medica Kongresses, der sich schnell zum gr\u00f6\u00dften Branchenevent seiner Art entwickelt.<\/td>\n<\/tr>\n<tr class=\"row-9\">\n\t<td class=\"column-1\">2019<\/td><td class=\"column-2\">Mit 5.500 Ausstellern aus 170 L\u00e4ndern und mehr als 120.000 Besuchern erreicht die Messe neue H\u00f6hen.<\/td>\n<\/tr>\n<tr class=\"row-10\">\n\t<td class=\"column-1\">2020<\/td><td class=\"column-2\">Pandemiebedingt wird die Messe digital durchgef\u00fchrt.<\/td>\n<\/tr>\n<tr class=\"row-11\">\n\t<td class=\"column-1\">2023<\/td><td class=\"column-2\">Die Messe verzeichnet rund 4.500 Aussteller aus 150 L\u00e4ndern und 81.000 Besucher mit einem Fokus auf Digitalisierung und Nachhaltigkeit.<\/td>\n<\/tr>\n<tr class=\"row-12\">\n\t<td class=\"column-1\">2024<\/td><td class=\"column-2\">Die Messe erwartet mehr als 6.000 Aussteller aus 70 L\u00e4ndern und \u00fcber 83.000 Besucher. Themen wie K\u00fcnstliche Intelligenz, Robotik und vernetzte Gesundheitsversorgung stehen im Mittelpunkt.<\/td>\n<\/tr>\n<\/tbody>\n<\/table>\n<!-- #tablepress-32-no-2 from cache -->Diese kontinuierliche Entwicklung und Anpassung an die Bed\u00fcrfnisse der Branche zeigen die Innovationskraft und Bedeutung der Medica. Sie hat sich im Laufe der Jahre als unverzichtbare Veranstaltung f\u00fcr alle etabliert, die in der Gesundheitsbranche t\u00e4tig sind.[\/vc_column_text][\/vc_column][\/vc_row][vc_row type=&#8221;in_container&#8221; full_screen_row_position=&#8221;middle&#8221; column_margin=&#8221;default&#8221; column_direction=&#8221;default&#8221; column_direction_tablet=&#8221;default&#8221; column_direction_phone=&#8221;default&#8221; scene_position=&#8221;center&#8221; text_color=&#8221;dark&#8221; text_align=&#8221;left&#8221; row_border_radius=&#8221;none&#8221; row_border_radius_applies=&#8221;bg&#8221; overflow=&#8221;visible&#8221; overlay_strength=&#8221;0.3&#8243; gradient_direction=&#8221;left_to_right&#8221; shape_divider_position=&#8221;bottom&#8221; bg_image_animation=&#8221;none&#8221;][vc_column column_padding=&#8221;no-extra-padding&#8221; column_padding_tablet=&#8221;inherit&#8221; column_padding_phone=&#8221;inherit&#8221; column_padding_position=&#8221;all&#8221; column_element_direction_desktop=&#8221;default&#8221; column_element_spacing=&#8221;default&#8221; desktop_text_alignment=&#8221;default&#8221; tablet_text_alignment=&#8221;default&#8221; phone_text_alignment=&#8221;default&#8221; background_color_opacity=&#8221;1&#8243; background_hover_color_opacity=&#8221;1&#8243; column_backdrop_filter=&#8221;none&#8221; column_shadow=&#8221;none&#8221; column_border_radius=&#8221;none&#8221; column_link_target=&#8221;_self&#8221; column_position=&#8221;default&#8221; gradient_direction=&#8221;left_to_right&#8221; overlay_strength=&#8221;0.3&#8243; width=&#8221;1\/1&#8243; tablet_width_inherit=&#8221;default&#8221; animation_type=&#8221;default&#8221; bg_image_animation=&#8221;none&#8221; border_type=&#8221;simple&#8221; column_border_width=&#8221;none&#8221; column_border_style=&#8221;solid&#8221;]<div class=\"nectar-fancy-ul\" data-list-icon=\"fa fa-lightbulb-o\" data-animation=\"false\" data-animation-delay=\"0\" data-color=\"accent-color\" data-spacing=\"default\" data-alignment=\"left\"> \n<h3><span class=\"ez-toc-section\" id=\"Historische_Bedeutung\"><\/span><strong>Historische Bedeutung<\/strong><span class=\"ez-toc-section-end\"><\/span><\/h3>\n<ul>\n<li><strong>Pionierprojekte<\/strong>: Im Laufe der Jahre hat die Medica zahlreiche bahnbrechende Projekte und Technologien erstmals vorgestellt, die sp\u00e4ter zum Standard in der medizinischen Praxis wurden.<\/li>\n<li><strong>Langj\u00e4hrige Partnerschaften<\/strong>: Die Messe hat dazu beigetragen, langj\u00e4hrige Kooperationen zwischen Forschungseinrichtungen, Unternehmen und Gesundheitseinrichtungen zu etablieren.<\/li>\n<\/ul>\n <\/div>[\/vc_column][\/vc_row][vc_row type=&#8221;in_container&#8221; full_screen_row_position=&#8221;middle&#8221; column_margin=&#8221;default&#8221; column_direction=&#8221;default&#8221; column_direction_tablet=&#8221;default&#8221; column_direction_phone=&#8221;default&#8221; scene_position=&#8221;center&#8221; text_color=&#8221;dark&#8221; text_align=&#8221;left&#8221; row_border_radius=&#8221;none&#8221; row_border_radius_applies=&#8221;bg&#8221; overflow=&#8221;visible&#8221; overlay_strength=&#8221;0.3&#8243; gradient_direction=&#8221;left_to_right&#8221; shape_divider_position=&#8221;bottom&#8221; bg_image_animation=&#8221;none&#8221;][vc_column column_padding=&#8221;no-extra-padding&#8221; column_padding_tablet=&#8221;inherit&#8221; column_padding_phone=&#8221;inherit&#8221; column_padding_position=&#8221;all&#8221; column_element_direction_desktop=&#8221;default&#8221; column_element_spacing=&#8221;default&#8221; desktop_text_alignment=&#8221;default&#8221; tablet_text_alignment=&#8221;default&#8221; phone_text_alignment=&#8221;default&#8221; background_color_opacity=&#8221;1&#8243; background_hover_color_opacity=&#8221;1&#8243; column_backdrop_filter=&#8221;none&#8221; column_shadow=&#8221;none&#8221; column_border_radius=&#8221;none&#8221; column_link_target=&#8221;_self&#8221; column_position=&#8221;default&#8221; gradient_direction=&#8221;left_to_right&#8221; overlay_strength=&#8221;0.3&#8243; width=&#8221;1\/1&#8243; tablet_width_inherit=&#8221;default&#8221; animation_type=&#8221;default&#8221; bg_image_animation=&#8221;none&#8221; border_type=&#8221;simple&#8221; column_border_width=&#8221;none&#8221; column_border_style=&#8221;solid&#8221;]<div class=\"nectar-fancy-ul\" data-list-icon=\"fa fa-lightbulb-o\" data-animation=\"false\" data-animation-delay=\"0\" data-color=\"accent-color\" data-spacing=\"default\" data-alignment=\"left\"> \n<h3><span class=\"ez-toc-section\" id=\"Internationale_Bedeutung\"><\/span><strong>Internationale Bedeutung<\/strong><span class=\"ez-toc-section-end\"><\/span><\/h3>\n<ul>\n<li><strong>Globale Reichweite<\/strong>: Die Medica hat sich als Plattform etabliert, auf der internationale Standards und Richtlinien f\u00fcr die Medizintechnik und Gesundheitsversorgung diskutiert und festgelegt werden.<\/li>\n<li><strong>Delegationen und Regierungsvertreter<\/strong>: J\u00e4hrlich besuchen zahlreiche internationale Delegationen und Regierungsvertreter die Medica, um sich \u00fcber die neuesten Entwicklungen zu informieren und internationale Kooperationen zu f\u00f6rdern.<\/li>\n<\/ul>\n <\/div>[\/vc_column][\/vc_row][vc_row type=&#8221;in_container&#8221; full_screen_row_position=&#8221;middle&#8221; column_margin=&#8221;default&#8221; column_direction=&#8221;default&#8221; column_direction_tablet=&#8221;default&#8221; column_direction_phone=&#8221;default&#8221; scene_position=&#8221;center&#8221; text_color=&#8221;dark&#8221; text_align=&#8221;left&#8221; row_border_radius=&#8221;none&#8221; row_border_radius_applies=&#8221;bg&#8221; overflow=&#8221;visible&#8221; overlay_strength=&#8221;0.3&#8243; gradient_direction=&#8221;left_to_right&#8221; shape_divider_position=&#8221;bottom&#8221; bg_image_animation=&#8221;none&#8221;][vc_column column_padding=&#8221;no-extra-padding&#8221; column_padding_tablet=&#8221;inherit&#8221; column_padding_phone=&#8221;inherit&#8221; column_padding_position=&#8221;all&#8221; column_element_direction_desktop=&#8221;default&#8221; column_element_spacing=&#8221;default&#8221; desktop_text_alignment=&#8221;default&#8221; tablet_text_alignment=&#8221;default&#8221; phone_text_alignment=&#8221;default&#8221; background_color_opacity=&#8221;1&#8243; background_hover_color_opacity=&#8221;1&#8243; column_backdrop_filter=&#8221;none&#8221; column_shadow=&#8221;none&#8221; column_border_radius=&#8221;none&#8221; column_link_target=&#8221;_self&#8221; column_position=&#8221;default&#8221; gradient_direction=&#8221;left_to_right&#8221; overlay_strength=&#8221;0.3&#8243; width=&#8221;1\/2&#8243; tablet_width_inherit=&#8221;default&#8221; animation_type=&#8221;default&#8221; bg_image_animation=&#8221;none&#8221; border_type=&#8221;simple&#8221; column_border_width=&#8221;none&#8221; column_border_style=&#8221;solid&#8221;][image_with_animation image_url=&#8221;8642&#8243; image_size=&#8221;full&#8221; animation_type=&#8221;entrance&#8221; animation=&#8221;None&#8221; animation_movement_type=&#8221;transform_y&#8221; hover_animation=&#8221;zoom&#8221; alignment=&#8221;&#8221; border_radius=&#8221;none&#8221; box_shadow=&#8221;none&#8221; image_loading=&#8221;default&#8221; max_width=&#8221;100%&#8221; max_width_mobile=&#8221;default&#8221;][\/vc_column][vc_column column_padding=&#8221;no-extra-padding&#8221; column_padding_tablet=&#8221;inherit&#8221; column_padding_phone=&#8221;inherit&#8221; column_padding_position=&#8221;all&#8221; column_element_direction_desktop=&#8221;default&#8221; column_element_spacing=&#8221;default&#8221; desktop_text_alignment=&#8221;default&#8221; tablet_text_alignment=&#8221;default&#8221; phone_text_alignment=&#8221;default&#8221; background_color_opacity=&#8221;1&#8243; background_hover_color_opacity=&#8221;1&#8243; column_backdrop_filter=&#8221;none&#8221; column_shadow=&#8221;none&#8221; column_border_radius=&#8221;none&#8221; column_link_target=&#8221;_self&#8221; column_position=&#8221;default&#8221; gradient_direction=&#8221;left_to_right&#8221; overlay_strength=&#8221;0.3&#8243; width=&#8221;1\/2&#8243; tablet_width_inherit=&#8221;default&#8221; animation_type=&#8221;default&#8221; bg_image_animation=&#8221;none&#8221; border_type=&#8221;simple&#8221; column_border_width=&#8221;none&#8221; column_border_style=&#8221;solid&#8221; column_padding_type=&#8221;default&#8221; gradient_type=&#8221;default&#8221;]<div class=\"nectar-fancy-ul\" data-list-icon=\"fa fa-lightbulb-o\" data-animation=\"false\" data-animation-delay=\"0\" data-color=\"accent-color\" data-spacing=\"default\" data-alignment=\"left\"> \n<h2><span class=\"ez-toc-section\" id=\"Zahlen_und_Fakten\"><\/span><strong>Zahlen und Fakten<\/strong><span class=\"ez-toc-section-end\"><\/span><\/h2>\n<p>Die Medica beeindruckt mit einer Vielzahl von Zahlen und Fakten, die ihre Bedeutung unterstreichen:<\/p>\n<ul>\n<li><strong>Gr\u00fcndungsjahr<\/strong>: 1969<\/li>\n<li><strong>Veranstaltungsort<\/strong>: Messezentrum D\u00fcsseldorf<\/li>\n<li><strong>Frequenz<\/strong>: J\u00e4hrlich<\/li>\n<li><strong>Aussteller<\/strong>: Mehr als 5.300 Aussteller aus Rund 70 Nationen im Jahr 2025<\/li>\n<li><strong>Fachbesucher<\/strong>: \u00dcber 80.000 Besucher aus \u00fcber 160 Nationen im Jahr 2025<\/li>\n<li><strong>Entscheidungskompetenz<\/strong>: 70 % der Besucher haben Entscheidungskompetenz<\/li>\n<li><strong>Ausstellungsfl\u00e4che<\/strong>: 284.000 Quadratmeter<\/li>\n<li><strong>Produktvielfalt<\/strong>: Umfasst Medizintechnik, Diagnostik, Labortechnik, Physiotherapie, Gesundheit IT und Telemedizin<\/li>\n<li><strong>Awards und Auszeichnungen<\/strong>: Gastgeber des &#8220;Innovation Award&#8221;.<\/li>\n<\/ul>\n<p>Diese Zahlen spiegeln nicht nur das Wachstum der Messe wider, sondern auch ihre Rolle als zentrale Plattform f\u00fcr Innovationen und Entwicklungen in der Medizinbranche. <\/div>[\/vc_column][\/vc_row][vc_row type=&#8221;in_container&#8221; full_screen_row_position=&#8221;middle&#8221; column_margin=&#8221;default&#8221; column_direction=&#8221;default&#8221; column_direction_tablet=&#8221;default&#8221; column_direction_phone=&#8221;default&#8221; scene_position=&#8221;center&#8221; text_color=&#8221;dark&#8221; text_align=&#8221;left&#8221; row_border_radius=&#8221;none&#8221; row_border_radius_applies=&#8221;bg&#8221; overflow=&#8221;visible&#8221; overlay_strength=&#8221;0.3&#8243; gradient_direction=&#8221;left_to_right&#8221; shape_divider_position=&#8221;bottom&#8221; bg_image_animation=&#8221;none&#8221;][vc_column column_padding=&#8221;no-extra-padding&#8221; column_padding_tablet=&#8221;inherit&#8221; column_padding_phone=&#8221;inherit&#8221; column_padding_position=&#8221;all&#8221; column_element_direction_desktop=&#8221;default&#8221; column_element_spacing=&#8221;default&#8221; desktop_text_alignment=&#8221;default&#8221; tablet_text_alignment=&#8221;default&#8221; phone_text_alignment=&#8221;default&#8221; background_color_opacity=&#8221;1&#8243; background_hover_color_opacity=&#8221;1&#8243; column_backdrop_filter=&#8221;none&#8221; column_shadow=&#8221;none&#8221; column_border_radius=&#8221;none&#8221; column_link_target=&#8221;_self&#8221; column_position=&#8221;default&#8221; gradient_direction=&#8221;left_to_right&#8221; overlay_strength=&#8221;0.3&#8243; width=&#8221;1\/1&#8243; tablet_width_inherit=&#8221;default&#8221; animation_type=&#8221;default&#8221; bg_image_animation=&#8221;none&#8221; border_type=&#8221;simple&#8221; column_border_width=&#8221;none&#8221; column_border_style=&#8221;solid&#8221;][vc_column_text]\n<h2><span class=\"ez-toc-section\" id=\"Medica_%E2%80%93_Katalysator_fuer_Innovation_und_Austausch\"><\/span>Medica &#8211; Katalysator f\u00fcr Innovation und Austausch<span class=\"ez-toc-section-end\"><\/span><\/h2>\n[\/vc_column_text][\/vc_column][\/vc_row][vc_row type=&#8221;in_container&#8221; full_screen_row_position=&#8221;middle&#8221; column_margin=&#8221;default&#8221; column_direction=&#8221;default&#8221; column_direction_tablet=&#8221;default&#8221; column_direction_phone=&#8221;default&#8221; scene_position=&#8221;center&#8221; text_color=&#8221;dark&#8221; text_align=&#8221;left&#8221; row_border_radius=&#8221;none&#8221; row_border_radius_applies=&#8221;bg&#8221; overflow=&#8221;visible&#8221; overlay_strength=&#8221;0.3&#8243; gradient_direction=&#8221;left_to_right&#8221; shape_divider_position=&#8221;bottom&#8221; bg_image_animation=&#8221;none&#8221;][vc_column column_padding=&#8221;no-extra-padding&#8221; column_padding_tablet=&#8221;inherit&#8221; column_padding_phone=&#8221;inherit&#8221; column_padding_position=&#8221;all&#8221; column_element_direction_desktop=&#8221;default&#8221; column_element_spacing=&#8221;default&#8221; desktop_text_alignment=&#8221;default&#8221; tablet_text_alignment=&#8221;default&#8221; phone_text_alignment=&#8221;default&#8221; background_color_opacity=&#8221;1&#8243; background_hover_color_opacity=&#8221;1&#8243; column_backdrop_filter=&#8221;none&#8221; column_shadow=&#8221;none&#8221; column_border_radius=&#8221;none&#8221; column_link_target=&#8221;_self&#8221; column_position=&#8221;default&#8221; gradient_direction=&#8221;left_to_right&#8221; overlay_strength=&#8221;0.3&#8243; width=&#8221;1\/2&#8243; tablet_width_inherit=&#8221;default&#8221; animation_type=&#8221;default&#8221; bg_image_animation=&#8221;none&#8221; border_type=&#8221;simple&#8221; column_border_width=&#8221;none&#8221; column_border_style=&#8221;solid&#8221;]<div class=\"nectar-fancy-ul\" data-list-icon=\"fa fa-lightbulb-o\" data-animation=\"false\" data-animation-delay=\"0\" data-color=\"accent-color\" data-spacing=\"default\" data-alignment=\"left\"> \n<h3><span class=\"ez-toc-section\" id=\"Themen_und_Innovationsbereiche\"><\/span><strong>Themen und Innovationsbereiche<\/strong><span class=\"ez-toc-section-end\"><\/span><\/h3>\n<p>Neben den bereits erw\u00e4hnten Bereichen wie Medizintechnik, Diagnostik und Labortechnik umfasst die Medica auch weitere spezialisierte Themenbereiche:<\/p>\n<ul>\n<li><strong>Krankenhaus- und Pflegemanagement<\/strong>: L\u00f6sungen f\u00fcr effizientere Krankenhausverwaltung und Pflegeeinrichtungen.<\/li>\n<li><strong>Inhalationstherapie und Beatmungsger\u00e4te<\/strong>: Fortschritte in der Atemwegstherapie und Beatmungstechnologie.<\/li>\n<li><strong>Elektromedizin und Medizintechnik<\/strong>: Neueste Entwicklungen in der Elektromedizin, einschlie\u00dflich bildgebender Verfahren und chirurgischer Technologien.<\/li>\n<li><strong>Informations- und Kommunikationstechnologie<\/strong>: Digitale Transformation im Gesundheitswesen, einschlie\u00dflich E-Health und M-Health.<\/li>\n<\/ul>\n<p>Diese Themenbereiche spiegeln die vielf\u00e4ltigen Herausforderungen und Chancen wider, die die moderne Medizin und Gesundheitsversorgung pr\u00e4gen. Die Medica bietet eine umfassende Plattform, um sich \u00fcber die neuesten Entwicklungen zu informieren und L\u00f6sungen f\u00fcr aktuelle Probleme zu finden. <\/div>[\/vc_column][vc_column column_padding=&#8221;no-extra-padding&#8221; column_padding_tablet=&#8221;inherit&#8221; column_padding_phone=&#8221;inherit&#8221; column_padding_position=&#8221;all&#8221; column_element_direction_desktop=&#8221;default&#8221; column_element_spacing=&#8221;default&#8221; desktop_text_alignment=&#8221;default&#8221; tablet_text_alignment=&#8221;default&#8221; phone_text_alignment=&#8221;default&#8221; background_color_opacity=&#8221;1&#8243; background_hover_color_opacity=&#8221;1&#8243; column_backdrop_filter=&#8221;none&#8221; column_shadow=&#8221;none&#8221; column_border_radius=&#8221;none&#8221; column_link_target=&#8221;_self&#8221; column_position=&#8221;default&#8221; gradient_direction=&#8221;left_to_right&#8221; overlay_strength=&#8221;0.3&#8243; width=&#8221;1\/2&#8243; tablet_width_inherit=&#8221;default&#8221; animation_type=&#8221;default&#8221; bg_image_animation=&#8221;none&#8221; border_type=&#8221;simple&#8221; column_border_width=&#8221;none&#8221; column_border_style=&#8221;solid&#8221; column_padding_type=&#8221;default&#8221; gradient_type=&#8221;default&#8221;][image_with_animation image_url=&#8221;8637&#8243; image_size=&#8221;full&#8221; animation_type=&#8221;entrance&#8221; animation=&#8221;None&#8221; animation_movement_type=&#8221;transform_y&#8221; hover_animation=&#8221;zoom&#8221; alignment=&#8221;&#8221; border_radius=&#8221;none&#8221; box_shadow=&#8221;none&#8221; image_loading=&#8221;default&#8221; max_width=&#8221;100%&#8221; max_width_mobile=&#8221;default&#8221;][\/vc_column][\/vc_row][vc_row type=&#8221;in_container&#8221; full_screen_row_position=&#8221;middle&#8221; column_margin=&#8221;default&#8221; column_direction=&#8221;default&#8221; column_direction_tablet=&#8221;default&#8221; column_direction_phone=&#8221;default&#8221; scene_position=&#8221;center&#8221; text_color=&#8221;dark&#8221; text_align=&#8221;left&#8221; row_border_radius=&#8221;none&#8221; row_border_radius_applies=&#8221;bg&#8221; overflow=&#8221;visible&#8221; overlay_strength=&#8221;0.3&#8243; gradient_direction=&#8221;left_to_right&#8221; shape_divider_position=&#8221;bottom&#8221; bg_image_animation=&#8221;none&#8221;][vc_column column_padding=&#8221;no-extra-padding&#8221; column_padding_tablet=&#8221;inherit&#8221; column_padding_phone=&#8221;inherit&#8221; column_padding_position=&#8221;all&#8221; column_element_direction_desktop=&#8221;default&#8221; column_element_spacing=&#8221;default&#8221; desktop_text_alignment=&#8221;default&#8221; tablet_text_alignment=&#8221;default&#8221; phone_text_alignment=&#8221;default&#8221; background_color_opacity=&#8221;1&#8243; background_hover_color_opacity=&#8221;1&#8243; column_backdrop_filter=&#8221;none&#8221; column_shadow=&#8221;none&#8221; column_border_radius=&#8221;none&#8221; column_link_target=&#8221;_self&#8221; column_position=&#8221;default&#8221; gradient_direction=&#8221;left_to_right&#8221; overlay_strength=&#8221;0.3&#8243; width=&#8221;1\/2&#8243; tablet_width_inherit=&#8221;default&#8221; animation_type=&#8221;default&#8221; bg_image_animation=&#8221;none&#8221; border_type=&#8221;simple&#8221; column_border_width=&#8221;none&#8221; column_border_style=&#8221;solid&#8221;][image_with_animation image_url=&#8221;8638&#8243; image_size=&#8221;full&#8221; animation_type=&#8221;entrance&#8221; animation=&#8221;None&#8221; animation_movement_type=&#8221;transform_y&#8221; hover_animation=&#8221;zoom&#8221; alignment=&#8221;&#8221; border_radius=&#8221;none&#8221; box_shadow=&#8221;none&#8221; image_loading=&#8221;default&#8221; max_width=&#8221;100%&#8221; max_width_mobile=&#8221;default&#8221;][\/vc_column][vc_column column_padding=&#8221;no-extra-padding&#8221; column_padding_tablet=&#8221;inherit&#8221; column_padding_phone=&#8221;inherit&#8221; column_padding_position=&#8221;all&#8221; column_element_direction_desktop=&#8221;default&#8221; column_element_spacing=&#8221;default&#8221; desktop_text_alignment=&#8221;default&#8221; tablet_text_alignment=&#8221;default&#8221; phone_text_alignment=&#8221;default&#8221; background_color_opacity=&#8221;1&#8243; background_hover_color_opacity=&#8221;1&#8243; column_backdrop_filter=&#8221;none&#8221; column_shadow=&#8221;none&#8221; column_border_radius=&#8221;none&#8221; column_link_target=&#8221;_self&#8221; column_position=&#8221;default&#8221; gradient_direction=&#8221;left_to_right&#8221; overlay_strength=&#8221;0.3&#8243; width=&#8221;1\/2&#8243; tablet_width_inherit=&#8221;default&#8221; animation_type=&#8221;default&#8221; bg_image_animation=&#8221;none&#8221; border_type=&#8221;simple&#8221; column_border_width=&#8221;none&#8221; column_border_style=&#8221;solid&#8221;]<div class=\"nectar-fancy-ul\" data-list-icon=\"fa fa-lightbulb-o\" data-animation=\"false\" data-animation-delay=\"0\" data-color=\"accent-color\" data-spacing=\"default\" data-alignment=\"left\"> \n<h3><span class=\"ez-toc-section\" id=\"Foren_und_Konferenzen\"><\/span><strong>Foren und Konferenzen<\/strong><span class=\"ez-toc-section-end\"><\/span><\/h3>\n<p>Die Medica bietet eine Vielzahl von Foren und Konferenzen, die tiefgehende Einblicke in spezifische Themenbereiche geben:<\/p>\n<ul>\n<li><strong>Medica Health IT Forum<\/strong>: Diskutiert die neuesten Entwicklungen in der digitalen Gesundheitsversorgung.<\/li>\n<li><strong>Medica Tech Forum<\/strong>: Fokussiert auf technologische Innovationen und ihre Anwendungen im medizinischen Bereich.<\/li>\n<li><strong>Medica Econ Forum<\/strong>: Wirtschaftliche Aspekte des Gesundheitswesens, einschlie\u00dflich Finanzierungsstrategien und Markttrends.<\/li>\n<li><strong>Medica Connected Healthcare Forum<\/strong>: Pr\u00e4sentiert vernetzte Gesundheitsl\u00f6sungen und IoT-Anwendungen in der Medizin.<\/li>\n<li><strong>Labmed Forum:<\/strong> Labormedizin bildet eine Br\u00fccke zwischen klinischer Praxis, Forschung und der Versorgung von Patienten.<\/li>\n<\/ul>\n<p>Diese Foren bieten eine Plattform f\u00fcr den Austausch von Wissen und Erfahrungen und f\u00f6rdern die Diskussion \u00fcber aktuelle Trends und Entwicklungen in der Medizinbranche. Sie sind ein wichtiger Bestandteil der Medica und tragen zur Weiterbildung und Vernetzung der Fachbesucher bei. <\/div>[\/vc_column][\/vc_row][vc_row type=&#8221;in_container&#8221; full_screen_row_position=&#8221;middle&#8221; column_margin=&#8221;default&#8221; column_direction=&#8221;default&#8221; column_direction_tablet=&#8221;default&#8221; column_direction_phone=&#8221;default&#8221; scene_position=&#8221;center&#8221; text_color=&#8221;dark&#8221; text_align=&#8221;left&#8221; row_border_radius=&#8221;none&#8221; row_border_radius_applies=&#8221;bg&#8221; overflow=&#8221;visible&#8221; overlay_strength=&#8221;0.3&#8243; gradient_direction=&#8221;left_to_right&#8221; shape_divider_position=&#8221;bottom&#8221; bg_image_animation=&#8221;none&#8221;][vc_column column_padding=&#8221;no-extra-padding&#8221; column_padding_tablet=&#8221;inherit&#8221; column_padding_phone=&#8221;inherit&#8221; column_padding_position=&#8221;all&#8221; column_element_direction_desktop=&#8221;default&#8221; column_element_spacing=&#8221;default&#8221; desktop_text_alignment=&#8221;default&#8221; tablet_text_alignment=&#8221;default&#8221; phone_text_alignment=&#8221;default&#8221; background_color_opacity=&#8221;1&#8243; background_hover_color_opacity=&#8221;1&#8243; column_backdrop_filter=&#8221;none&#8221; column_shadow=&#8221;none&#8221; column_border_radius=&#8221;none&#8221; column_link_target=&#8221;_self&#8221; column_position=&#8221;default&#8221; gradient_direction=&#8221;left_to_right&#8221; overlay_strength=&#8221;0.3&#8243; width=&#8221;1\/2&#8243; tablet_width_inherit=&#8221;default&#8221; animation_type=&#8221;default&#8221; bg_image_animation=&#8221;none&#8221; border_type=&#8221;simple&#8221; column_border_width=&#8221;none&#8221; column_border_style=&#8221;solid&#8221;]<div class=\"nectar-fancy-ul\" data-list-icon=\"fa fa-lightbulb-o\" data-animation=\"false\" data-animation-delay=\"0\" data-color=\"accent-color\" data-spacing=\"default\" data-alignment=\"left\"> \n<h3><span class=\"ez-toc-section\" id=\"Begleitveranstaltungen\"><\/span><strong>Begleitveranstaltungen<\/strong><span class=\"ez-toc-section-end\"><\/span><\/h3>\n<p>Die Medica ist bekannt f\u00fcr ihre umfangreichen Begleitveranstaltungen, die zus\u00e4tzliche Networking- und Weiterbildungsm\u00f6glichkeiten bieten:<\/p>\n<ul>\n<li><strong>COMPAMED<\/strong>: Parallel zur Medica findet die COMPAMED statt, eine Fachmesse f\u00fcr die Zulieferer der Medizintechnikbranche.<\/li>\n<li><strong>Medica Medicine + Sports Conference<\/strong>: Konferenz, die sich mit den neuesten Erkenntnissen und Technologien im Bereich der Sportmedizin befasst.<\/li>\n<li><strong>DiMiMED<\/strong>: Internationale Konferenz zur Katastrophen- und Milit\u00e4rmedizin, die im Rahmen der Medica stattfindet.<\/li>\n<li><strong>International Conference on Disaster and Military Medicine<\/strong>: Bietet eine Plattform f\u00fcr Experten, um \u00fcber aktuelle Herausforderungen und L\u00f6sungen in der Katastrophen- und Milit\u00e4rmedizin zu diskutieren.<\/li>\n<\/ul>\n<p>Diese Begleitveranstaltungen bieten zus\u00e4tzliche M\u00f6glichkeiten zur Weiterbildung und Vernetzung und tragen dazu bei, dass die Medica eine umfassende Plattform f\u00fcr alle Bereiche der Gesundheitsbranche ist. <\/div>[\/vc_column][vc_column column_padding=&#8221;no-extra-padding&#8221; column_padding_tablet=&#8221;inherit&#8221; column_padding_phone=&#8221;inherit&#8221; column_padding_position=&#8221;all&#8221; column_element_direction_desktop=&#8221;default&#8221; column_element_spacing=&#8221;default&#8221; desktop_text_alignment=&#8221;default&#8221; tablet_text_alignment=&#8221;default&#8221; phone_text_alignment=&#8221;default&#8221; background_color_opacity=&#8221;1&#8243; background_hover_color_opacity=&#8221;1&#8243; column_backdrop_filter=&#8221;none&#8221; column_shadow=&#8221;none&#8221; column_border_radius=&#8221;none&#8221; column_link_target=&#8221;_self&#8221; column_position=&#8221;default&#8221; gradient_direction=&#8221;left_to_right&#8221; overlay_strength=&#8221;0.3&#8243; width=&#8221;1\/2&#8243; tablet_width_inherit=&#8221;default&#8221; animation_type=&#8221;default&#8221; bg_image_animation=&#8221;none&#8221; border_type=&#8221;simple&#8221; column_border_width=&#8221;none&#8221; column_border_style=&#8221;solid&#8221;][image_with_animation image_url=&#8221;8639&#8243; image_size=&#8221;full&#8221; animation_type=&#8221;entrance&#8221; animation=&#8221;None&#8221; animation_movement_type=&#8221;transform_y&#8221; hover_animation=&#8221;zoom&#8221; alignment=&#8221;&#8221; border_radius=&#8221;none&#8221; box_shadow=&#8221;none&#8221; image_loading=&#8221;default&#8221; max_width=&#8221;100%&#8221; max_width_mobile=&#8221;default&#8221;][\/vc_column][\/vc_row][vc_row type=&#8221;in_container&#8221; full_screen_row_position=&#8221;middle&#8221; column_margin=&#8221;default&#8221; column_direction=&#8221;default&#8221; column_direction_tablet=&#8221;default&#8221; column_direction_phone=&#8221;default&#8221; scene_position=&#8221;center&#8221; text_color=&#8221;dark&#8221; text_align=&#8221;left&#8221; row_border_radius=&#8221;none&#8221; row_border_radius_applies=&#8221;bg&#8221; overflow=&#8221;visible&#8221; overlay_strength=&#8221;0.3&#8243; gradient_direction=&#8221;left_to_right&#8221; shape_divider_position=&#8221;bottom&#8221; bg_image_animation=&#8221;none&#8221;][vc_column column_padding=&#8221;no-extra-padding&#8221; column_padding_tablet=&#8221;inherit&#8221; column_padding_phone=&#8221;inherit&#8221; column_padding_position=&#8221;all&#8221; column_element_direction_desktop=&#8221;default&#8221; column_element_spacing=&#8221;default&#8221; desktop_text_alignment=&#8221;default&#8221; tablet_text_alignment=&#8221;default&#8221; phone_text_alignment=&#8221;default&#8221; background_color_opacity=&#8221;1&#8243; background_hover_color_opacity=&#8221;1&#8243; column_backdrop_filter=&#8221;none&#8221; column_shadow=&#8221;none&#8221; column_border_radius=&#8221;none&#8221; column_link_target=&#8221;_self&#8221; column_position=&#8221;default&#8221; gradient_direction=&#8221;left_to_right&#8221; overlay_strength=&#8221;0.3&#8243; width=&#8221;1\/2&#8243; tablet_width_inherit=&#8221;default&#8221; animation_type=&#8221;default&#8221; bg_image_animation=&#8221;none&#8221; border_type=&#8221;simple&#8221; column_border_width=&#8221;none&#8221; column_border_style=&#8221;solid&#8221;][image_with_animation image_url=&#8221;8635&#8243; image_size=&#8221;full&#8221; animation_type=&#8221;entrance&#8221; animation=&#8221;None&#8221; animation_movement_type=&#8221;transform_y&#8221; hover_animation=&#8221;zoom&#8221; alignment=&#8221;&#8221; border_radius=&#8221;none&#8221; box_shadow=&#8221;none&#8221; image_loading=&#8221;default&#8221; max_width=&#8221;100%&#8221; max_width_mobile=&#8221;default&#8221;][\/vc_column][vc_column column_padding=&#8221;no-extra-padding&#8221; column_padding_tablet=&#8221;inherit&#8221; column_padding_phone=&#8221;inherit&#8221; column_padding_position=&#8221;all&#8221; column_element_direction_desktop=&#8221;default&#8221; column_element_spacing=&#8221;default&#8221; desktop_text_alignment=&#8221;default&#8221; tablet_text_alignment=&#8221;default&#8221; phone_text_alignment=&#8221;default&#8221; background_color_opacity=&#8221;1&#8243; background_hover_color_opacity=&#8221;1&#8243; column_backdrop_filter=&#8221;none&#8221; column_shadow=&#8221;none&#8221; column_border_radius=&#8221;none&#8221; column_link_target=&#8221;_self&#8221; column_position=&#8221;default&#8221; gradient_direction=&#8221;left_to_right&#8221; overlay_strength=&#8221;0.3&#8243; width=&#8221;1\/2&#8243; tablet_width_inherit=&#8221;default&#8221; animation_type=&#8221;default&#8221; bg_image_animation=&#8221;none&#8221; border_type=&#8221;simple&#8221; column_border_width=&#8221;none&#8221; column_border_style=&#8221;solid&#8221;]<div class=\"nectar-fancy-ul\" data-list-icon=\"fa fa-lightbulb-o\" data-animation=\"false\" data-animation-delay=\"0\" data-color=\"accent-color\" data-spacing=\"default\" data-alignment=\"left\"> \n<h3><span class=\"ez-toc-section\" id=\"Networking-Plattformen\"><\/span><strong>Networking-Plattformen<\/strong><span class=\"ez-toc-section-end\"><\/span><\/h3>\n<p>Die Medica bietet spezielle Plattformen und Tools f\u00fcr Networking und Gesch\u00e4ftsanbahnung:<\/p>\n<ul>\n<li><strong>Matchmaking-Tool<\/strong>: Online-Plattform, die Ausstellern und Besuchern hilft, gezielt Gesch\u00e4ftspartner zu finden und Meetings zu vereinbaren.<\/li>\n<li><strong>Medica App<\/strong>: Mobile App mit Informationen zur Messe, Ausstellern, Veranstaltungen und Networking-M\u00f6glichkeiten.<\/li>\n<\/ul>\n<p>Diese Tools erleichtern die Kontaktaufnahme und den Austausch zwischen den Messebesuchern. <\/div>[\/vc_column][\/vc_row][vc_row type=&#8221;in_container&#8221; full_screen_row_position=&#8221;middle&#8221; column_margin=&#8221;default&#8221; column_direction=&#8221;default&#8221; column_direction_tablet=&#8221;default&#8221; column_direction_phone=&#8221;default&#8221; scene_position=&#8221;center&#8221; text_color=&#8221;dark&#8221; text_align=&#8221;left&#8221; row_border_radius=&#8221;none&#8221; row_border_radius_applies=&#8221;bg&#8221; overflow=&#8221;visible&#8221; overlay_strength=&#8221;0.3&#8243; gradient_direction=&#8221;left_to_right&#8221; shape_divider_position=&#8221;bottom&#8221; bg_image_animation=&#8221;none&#8221;][vc_column column_padding=&#8221;no-extra-padding&#8221; column_padding_tablet=&#8221;inherit&#8221; column_padding_phone=&#8221;inherit&#8221; column_padding_position=&#8221;all&#8221; column_element_direction_desktop=&#8221;default&#8221; column_element_spacing=&#8221;default&#8221; desktop_text_alignment=&#8221;default&#8221; tablet_text_alignment=&#8221;default&#8221; phone_text_alignment=&#8221;default&#8221; background_color_opacity=&#8221;1&#8243; background_hover_color_opacity=&#8221;1&#8243; column_backdrop_filter=&#8221;none&#8221; column_shadow=&#8221;none&#8221; column_border_radius=&#8221;none&#8221; column_link_target=&#8221;_self&#8221; column_position=&#8221;default&#8221; gradient_direction=&#8221;left_to_right&#8221; overlay_strength=&#8221;0.3&#8243; width=&#8221;1\/2&#8243; tablet_width_inherit=&#8221;default&#8221; animation_type=&#8221;default&#8221; bg_image_animation=&#8221;none&#8221; border_type=&#8221;simple&#8221; column_border_width=&#8221;none&#8221; column_border_style=&#8221;solid&#8221;][image_with_animation image_url=&#8221;8625&#8243; image_size=&#8221;full&#8221; animation_type=&#8221;entrance&#8221; animation=&#8221;None&#8221; animation_movement_type=&#8221;transform_y&#8221; hover_animation=&#8221;zoom&#8221; alignment=&#8221;&#8221; border_radius=&#8221;none&#8221; box_shadow=&#8221;none&#8221; image_loading=&#8221;default&#8221; max_width=&#8221;100%&#8221; max_width_mobile=&#8221;default&#8221;][\/vc_column][vc_column column_padding=&#8221;no-extra-padding&#8221; column_padding_tablet=&#8221;inherit&#8221; column_padding_phone=&#8221;inherit&#8221; column_padding_position=&#8221;all&#8221; column_element_direction_desktop=&#8221;default&#8221; column_element_spacing=&#8221;default&#8221; desktop_text_alignment=&#8221;default&#8221; tablet_text_alignment=&#8221;default&#8221; phone_text_alignment=&#8221;default&#8221; background_color_opacity=&#8221;1&#8243; background_hover_color_opacity=&#8221;1&#8243; column_backdrop_filter=&#8221;none&#8221; column_shadow=&#8221;none&#8221; column_border_radius=&#8221;none&#8221; column_link_target=&#8221;_self&#8221; column_position=&#8221;default&#8221; gradient_direction=&#8221;left_to_right&#8221; overlay_strength=&#8221;0.3&#8243; width=&#8221;1\/2&#8243; tablet_width_inherit=&#8221;default&#8221; animation_type=&#8221;default&#8221; bg_image_animation=&#8221;none&#8221; border_type=&#8221;simple&#8221; column_border_width=&#8221;none&#8221; column_border_style=&#8221;solid&#8221;]<div class=\"nectar-fancy-ul\" data-list-icon=\"fa fa-lightbulb-o\" data-animation=\"false\" data-animation-delay=\"0\" data-color=\"accent-color\" data-spacing=\"default\" data-alignment=\"left\"> \n<h3><span class=\"ez-toc-section\" id=\"Innovationsfoerderung\"><\/span><strong>Innovationsf\u00f6rderung<\/strong><span class=\"ez-toc-section-end\"><\/span><\/h3>\n<p>Die Medica legt gro\u00dfen Wert auf die F\u00f6rderung von Innovationen und Start-ups:<\/p>\n<ul>\n<li><strong>Startup Park<\/strong>: Bereich f\u00fcr junge Unternehmen, die ihre innovativen L\u00f6sungen und Produkte vorstellen.<\/li>\n<li><strong>Innovation Award<\/strong>: Preis f\u00fcr herausragende Innovationen in verschiedenen Kategorien der Medizintechnik und Gesundheitsversorgung.<\/li>\n<\/ul>\n<p>Diese Initiativen zeigen das Engagement der Medica, die Innovationskraft der Branche zu f\u00f6rdern und jungen Unternehmen eine Plattform zu bieten. <\/div>[\/vc_column][\/vc_row][vc_row type=&#8221;in_container&#8221; full_screen_row_position=&#8221;middle&#8221; column_margin=&#8221;default&#8221; column_direction=&#8221;default&#8221; column_direction_tablet=&#8221;default&#8221; column_direction_phone=&#8221;default&#8221; scene_position=&#8221;center&#8221; text_color=&#8221;dark&#8221; text_align=&#8221;left&#8221; row_border_radius=&#8221;none&#8221; row_border_radius_applies=&#8221;bg&#8221; overflow=&#8221;visible&#8221; overlay_strength=&#8221;0.3&#8243; gradient_direction=&#8221;left_to_right&#8221; shape_divider_position=&#8221;bottom&#8221; bg_image_animation=&#8221;none&#8221;][vc_column column_padding=&#8221;no-extra-padding&#8221; column_padding_tablet=&#8221;inherit&#8221; column_padding_phone=&#8221;inherit&#8221; column_padding_position=&#8221;all&#8221; column_element_direction_desktop=&#8221;default&#8221; column_element_spacing=&#8221;default&#8221; desktop_text_alignment=&#8221;default&#8221; tablet_text_alignment=&#8221;default&#8221; phone_text_alignment=&#8221;default&#8221; background_color_opacity=&#8221;1&#8243; background_hover_color_opacity=&#8221;1&#8243; column_backdrop_filter=&#8221;none&#8221; column_shadow=&#8221;none&#8221; column_border_radius=&#8221;none&#8221; column_link_target=&#8221;_self&#8221; column_position=&#8221;default&#8221; gradient_direction=&#8221;left_to_right&#8221; overlay_strength=&#8221;0.3&#8243; width=&#8221;1\/2&#8243; tablet_width_inherit=&#8221;default&#8221; animation_type=&#8221;default&#8221; bg_image_animation=&#8221;none&#8221; border_type=&#8221;simple&#8221; column_border_width=&#8221;none&#8221; column_border_style=&#8221;solid&#8221;]<div class=\"nectar-fancy-ul\" data-list-icon=\"fa fa-lightbulb-o\" data-animation=\"false\" data-animation-delay=\"0\" data-color=\"accent-color\" data-spacing=\"default\" data-alignment=\"left\"> \n<h3><span class=\"ez-toc-section\" id=\"Forschung_und_Entwicklung\"><\/span><strong>Forschung und Entwicklung<\/strong><span class=\"ez-toc-section-end\"><\/span><\/h3>\n<ul>\n<li><strong>Forschungsprojekte<\/strong>: Viele Aussteller nutzen die Medica, um aktuelle Forschungsprojekte zu pr\u00e4sentieren und Partner f\u00fcr weitere Entwicklungsschritte zu gewinnen.<\/li>\n<li><strong>Klinische Studien<\/strong>: Pr\u00e4sentation und Diskussion laufender und abgeschlossener klinischer Studien, die neue Behandlungsmethoden und Technologien evaluieren.<\/li>\n<\/ul>\n<p>Diese Fokussierung auf Forschung und Entwicklung zeigt die Bedeutung der Medica als Plattform f\u00fcr wissenschaftlichen Austausch und Innovationsf\u00f6rderung. <\/div>[\/vc_column][vc_column column_padding=&#8221;no-extra-padding&#8221; column_padding_tablet=&#8221;inherit&#8221; column_padding_phone=&#8221;inherit&#8221; column_padding_position=&#8221;all&#8221; column_element_direction_desktop=&#8221;default&#8221; column_element_spacing=&#8221;default&#8221; desktop_text_alignment=&#8221;default&#8221; tablet_text_alignment=&#8221;default&#8221; phone_text_alignment=&#8221;default&#8221; background_color_opacity=&#8221;1&#8243; background_hover_color_opacity=&#8221;1&#8243; column_backdrop_filter=&#8221;none&#8221; column_shadow=&#8221;none&#8221; column_border_radius=&#8221;none&#8221; column_link_target=&#8221;_self&#8221; column_position=&#8221;default&#8221; gradient_direction=&#8221;left_to_right&#8221; overlay_strength=&#8221;0.3&#8243; width=&#8221;1\/2&#8243; tablet_width_inherit=&#8221;default&#8221; animation_type=&#8221;default&#8221; bg_image_animation=&#8221;none&#8221; border_type=&#8221;simple&#8221; column_border_width=&#8221;none&#8221; column_border_style=&#8221;solid&#8221;][image_with_animation image_url=&#8221;8626&#8243; image_size=&#8221;full&#8221; animation_type=&#8221;entrance&#8221; animation=&#8221;None&#8221; animation_movement_type=&#8221;transform_y&#8221; hover_animation=&#8221;zoom&#8221; alignment=&#8221;&#8221; border_radius=&#8221;none&#8221; box_shadow=&#8221;none&#8221; image_loading=&#8221;default&#8221; max_width=&#8221;100%&#8221; max_width_mobile=&#8221;default&#8221;][\/vc_column][\/vc_row][vc_row type=&#8221;in_container&#8221; full_screen_row_position=&#8221;middle&#8221; column_margin=&#8221;default&#8221; column_direction=&#8221;default&#8221; column_direction_tablet=&#8221;default&#8221; column_direction_phone=&#8221;default&#8221; scene_position=&#8221;center&#8221; text_color=&#8221;dark&#8221; text_align=&#8221;left&#8221; row_border_radius=&#8221;none&#8221; row_border_radius_applies=&#8221;bg&#8221; overflow=&#8221;visible&#8221; overlay_strength=&#8221;0.3&#8243; gradient_direction=&#8221;left_to_right&#8221; shape_divider_position=&#8221;bottom&#8221; bg_image_animation=&#8221;none&#8221;][vc_column column_padding=&#8221;no-extra-padding&#8221; column_padding_tablet=&#8221;inherit&#8221; column_padding_phone=&#8221;inherit&#8221; column_padding_position=&#8221;all&#8221; column_element_direction_desktop=&#8221;default&#8221; column_element_spacing=&#8221;default&#8221; desktop_text_alignment=&#8221;default&#8221; tablet_text_alignment=&#8221;default&#8221; phone_text_alignment=&#8221;default&#8221; background_color_opacity=&#8221;1&#8243; background_hover_color_opacity=&#8221;1&#8243; column_backdrop_filter=&#8221;none&#8221; column_shadow=&#8221;none&#8221; column_border_radius=&#8221;none&#8221; column_link_target=&#8221;_self&#8221; column_position=&#8221;default&#8221; gradient_direction=&#8221;left_to_right&#8221; overlay_strength=&#8221;0.3&#8243; width=&#8221;1\/2&#8243; tablet_width_inherit=&#8221;default&#8221; animation_type=&#8221;default&#8221; bg_image_animation=&#8221;none&#8221; border_type=&#8221;simple&#8221; column_border_width=&#8221;none&#8221; column_border_style=&#8221;solid&#8221;]<div class=\"nectar-fancy-ul\" data-list-icon=\"fa fa-lightbulb-o\" data-animation=\"false\" data-animation-delay=\"0\" data-color=\"accent-color\" data-spacing=\"default\" data-alignment=\"left\"> \n<h3><span class=\"ez-toc-section\" id=\"Bildung_und_Weiterbildung\"><\/span><strong>Bildung und Weiterbildung<\/strong><span class=\"ez-toc-section-end\"><\/span><\/h3>\n<ul>\n<li><strong>Medizinische Fortbildung<\/strong>: Die Medica bietet zahlreiche Workshops, Seminare und Kurse an, die speziell auf die Weiterbildung von Medizinern und Gesundheitspersonal ausgerichtet sind.<\/li>\n<li><strong>Studentenprogramme<\/strong>: Spezielle Programme und Veranstaltungen f\u00fcr Medizinstudenten und junge Fachkr\u00e4fte, um ihnen den Einstieg in die Branche zu erleichtern.<\/li>\n<\/ul>\n<p>Diese Bildungs- und Weiterbildungsangebote tragen dazu bei, dass die Medica nicht nur eine Messe, sondern auch eine wichtige Bildungsplattform f\u00fcr die Medizinbranche ist. <\/div>[\/vc_column][vc_column column_padding=&#8221;no-extra-padding&#8221; column_padding_tablet=&#8221;inherit&#8221; column_padding_phone=&#8221;inherit&#8221; column_padding_position=&#8221;all&#8221; column_element_direction_desktop=&#8221;default&#8221; column_element_spacing=&#8221;default&#8221; desktop_text_alignment=&#8221;default&#8221; tablet_text_alignment=&#8221;default&#8221; phone_text_alignment=&#8221;default&#8221; background_color_opacity=&#8221;1&#8243; background_hover_color_opacity=&#8221;1&#8243; column_backdrop_filter=&#8221;none&#8221; column_shadow=&#8221;none&#8221; column_border_radius=&#8221;none&#8221; column_link_target=&#8221;_self&#8221; column_position=&#8221;default&#8221; gradient_direction=&#8221;left_to_right&#8221; overlay_strength=&#8221;0.3&#8243; width=&#8221;1\/2&#8243; tablet_width_inherit=&#8221;default&#8221; animation_type=&#8221;default&#8221; bg_image_animation=&#8221;none&#8221; border_type=&#8221;simple&#8221; column_border_width=&#8221;none&#8221; column_border_style=&#8221;solid&#8221;][image_with_animation image_url=&#8221;8627&#8243; image_size=&#8221;full&#8221; animation_type=&#8221;entrance&#8221; animation=&#8221;None&#8221; animation_movement_type=&#8221;transform_y&#8221; hover_animation=&#8221;zoom&#8221; alignment=&#8221;&#8221; border_radius=&#8221;none&#8221; box_shadow=&#8221;none&#8221; image_loading=&#8221;default&#8221; max_width=&#8221;100%&#8221; max_width_mobile=&#8221;default&#8221;][\/vc_column][\/vc_row][vc_row type=&#8221;in_container&#8221; full_screen_row_position=&#8221;middle&#8221; column_margin=&#8221;default&#8221; column_direction=&#8221;default&#8221; column_direction_tablet=&#8221;default&#8221; column_direction_phone=&#8221;default&#8221; scene_position=&#8221;center&#8221; text_color=&#8221;dark&#8221; text_align=&#8221;left&#8221; row_border_radius=&#8221;none&#8221; row_border_radius_applies=&#8221;bg&#8221; overflow=&#8221;visible&#8221; overlay_strength=&#8221;0.3&#8243; gradient_direction=&#8221;left_to_right&#8221; shape_divider_position=&#8221;bottom&#8221; bg_image_animation=&#8221;none&#8221;][vc_column column_padding=&#8221;no-extra-padding&#8221; column_padding_tablet=&#8221;inherit&#8221; column_padding_phone=&#8221;inherit&#8221; column_padding_position=&#8221;all&#8221; column_element_direction_desktop=&#8221;default&#8221; column_element_spacing=&#8221;default&#8221; desktop_text_alignment=&#8221;default&#8221; tablet_text_alignment=&#8221;default&#8221; phone_text_alignment=&#8221;default&#8221; background_color_opacity=&#8221;1&#8243; background_hover_color_opacity=&#8221;1&#8243; column_backdrop_filter=&#8221;none&#8221; column_shadow=&#8221;none&#8221; column_border_radius=&#8221;none&#8221; column_link_target=&#8221;_self&#8221; column_position=&#8221;default&#8221; gradient_direction=&#8221;left_to_right&#8221; overlay_strength=&#8221;0.3&#8243; width=&#8221;1\/2&#8243; tablet_width_inherit=&#8221;default&#8221; animation_type=&#8221;default&#8221; bg_image_animation=&#8221;none&#8221; border_type=&#8221;simple&#8221; column_border_width=&#8221;none&#8221; column_border_style=&#8221;solid&#8221;][image_with_animation image_url=&#8221;8629&#8243; image_size=&#8221;full&#8221; animation_type=&#8221;entrance&#8221; animation=&#8221;None&#8221; animation_movement_type=&#8221;transform_y&#8221; hover_animation=&#8221;zoom&#8221; alignment=&#8221;&#8221; border_radius=&#8221;none&#8221; box_shadow=&#8221;none&#8221; image_loading=&#8221;default&#8221; max_width=&#8221;100%&#8221; max_width_mobile=&#8221;default&#8221;][\/vc_column][vc_column column_padding=&#8221;no-extra-padding&#8221; column_padding_tablet=&#8221;inherit&#8221; column_padding_phone=&#8221;inherit&#8221; column_padding_position=&#8221;all&#8221; column_element_direction_desktop=&#8221;default&#8221; column_element_spacing=&#8221;default&#8221; desktop_text_alignment=&#8221;default&#8221; tablet_text_alignment=&#8221;default&#8221; phone_text_alignment=&#8221;default&#8221; background_color_opacity=&#8221;1&#8243; background_hover_color_opacity=&#8221;1&#8243; column_backdrop_filter=&#8221;none&#8221; column_shadow=&#8221;none&#8221; column_border_radius=&#8221;none&#8221; column_link_target=&#8221;_self&#8221; column_position=&#8221;default&#8221; gradient_direction=&#8221;left_to_right&#8221; overlay_strength=&#8221;0.3&#8243; width=&#8221;1\/2&#8243; tablet_width_inherit=&#8221;default&#8221; animation_type=&#8221;default&#8221; bg_image_animation=&#8221;none&#8221; border_type=&#8221;simple&#8221; column_border_width=&#8221;none&#8221; column_border_style=&#8221;solid&#8221;]<div class=\"nectar-fancy-ul\" data-list-icon=\"fa fa-lightbulb-o\" data-animation=\"false\" data-animation-delay=\"0\" data-color=\"accent-color\" data-spacing=\"default\" data-alignment=\"left\"> \n<h3><span class=\"ez-toc-section\" id=\"Markteinfuehrung_neuer_Produkte\"><\/span><strong>Markteinf\u00fchrung neuer Produkte<\/strong><span class=\"ez-toc-section-end\"><\/span><\/h3>\n<ul>\n<li><strong>Produktpremieren<\/strong>: Viele Unternehmen nutzen die Medica als Plattform zur Einf\u00fchrung neuer Produkte und Technologien, die erstmals dem Publikum pr\u00e4sentiert werden.<\/li>\n<li><strong>Live-Demonstrationen<\/strong>: Praktische Vorf\u00fchrungen neuer Ger\u00e4te und Technologien, die Besuchern die M\u00f6glichkeit geben, diese direkt zu erleben und zu testen.<\/li>\n<\/ul>\n<p>Diese M\u00f6glichkeiten zur Markteinf\u00fchrung neuer Produkte und Technologien zeigen die Bedeutung der Medica als Plattform f\u00fcr Innovationen und technologische Entwicklungen. <\/div>[\/vc_column][\/vc_row][vc_row type=&#8221;in_container&#8221; full_screen_row_position=&#8221;middle&#8221; column_margin=&#8221;default&#8221; column_direction=&#8221;default&#8221; column_direction_tablet=&#8221;default&#8221; column_direction_phone=&#8221;default&#8221; scene_position=&#8221;center&#8221; text_color=&#8221;dark&#8221; text_align=&#8221;left&#8221; row_border_radius=&#8221;none&#8221; row_border_radius_applies=&#8221;bg&#8221; overflow=&#8221;visible&#8221; overlay_strength=&#8221;0.3&#8243; gradient_direction=&#8221;left_to_right&#8221; shape_divider_position=&#8221;bottom&#8221; bg_image_animation=&#8221;none&#8221;][vc_column column_padding=&#8221;no-extra-padding&#8221; column_padding_tablet=&#8221;inherit&#8221; column_padding_phone=&#8221;inherit&#8221; column_padding_position=&#8221;all&#8221; column_element_direction_desktop=&#8221;default&#8221; column_element_spacing=&#8221;default&#8221; desktop_text_alignment=&#8221;default&#8221; tablet_text_alignment=&#8221;default&#8221; phone_text_alignment=&#8221;default&#8221; background_color_opacity=&#8221;1&#8243; background_hover_color_opacity=&#8221;1&#8243; column_backdrop_filter=&#8221;none&#8221; column_shadow=&#8221;none&#8221; column_border_radius=&#8221;none&#8221; column_link_target=&#8221;_self&#8221; column_position=&#8221;default&#8221; gradient_direction=&#8221;left_to_right&#8221; overlay_strength=&#8221;0.3&#8243; width=&#8221;1\/2&#8243; tablet_width_inherit=&#8221;default&#8221; animation_type=&#8221;default&#8221; bg_image_animation=&#8221;none&#8221; border_type=&#8221;simple&#8221; column_border_width=&#8221;none&#8221; column_border_style=&#8221;solid&#8221; column_padding_type=&#8221;default&#8221; gradient_type=&#8221;default&#8221;][image_with_animation image_url=&#8221;8623&#8243; image_size=&#8221;full&#8221; animation_type=&#8221;entrance&#8221; animation=&#8221;None&#8221; animation_movement_type=&#8221;transform_y&#8221; hover_animation=&#8221;zoom&#8221; alignment=&#8221;&#8221; border_radius=&#8221;none&#8221; box_shadow=&#8221;none&#8221; image_loading=&#8221;default&#8221; max_width=&#8221;100%&#8221; max_width_mobile=&#8221;default&#8221;][\/vc_column][vc_column column_padding=&#8221;no-extra-padding&#8221; column_padding_tablet=&#8221;inherit&#8221; column_padding_phone=&#8221;inherit&#8221; column_padding_position=&#8221;all&#8221; column_element_direction_desktop=&#8221;default&#8221; column_element_spacing=&#8221;default&#8221; desktop_text_alignment=&#8221;default&#8221; tablet_text_alignment=&#8221;default&#8221; phone_text_alignment=&#8221;default&#8221; background_color_opacity=&#8221;1&#8243; background_hover_color_opacity=&#8221;1&#8243; column_backdrop_filter=&#8221;none&#8221; column_shadow=&#8221;none&#8221; column_border_radius=&#8221;none&#8221; column_link_target=&#8221;_self&#8221; column_position=&#8221;default&#8221; gradient_direction=&#8221;left_to_right&#8221; overlay_strength=&#8221;0.3&#8243; width=&#8221;1\/2&#8243; tablet_width_inherit=&#8221;default&#8221; animation_type=&#8221;default&#8221; bg_image_animation=&#8221;none&#8221; border_type=&#8221;simple&#8221; column_border_width=&#8221;none&#8221; column_border_style=&#8221;solid&#8221;][vc_column_text]\n<h3><span class=\"ez-toc-section\" id=\"Ausstellerstruktur\"><\/span><strong>Ausstellerstruktur<\/strong><span class=\"ez-toc-section-end\"><\/span><\/h3>\n<p>Die Medica zieht Aussteller aus der ganzen Welt an. Im Jahr 2023 kamen sie aus \u00fcber 150 L\u00e4ndern, was die internationale Bedeutung der Messe unterstreicht. Die Top 20 Ausstellungsl\u00e4nder umfassen unter anderem Deutschland, USA, China, Italien und Frankreich. Diese vielf\u00e4ltige Ausstellerstruktur zeigt die globale Anziehungskraft der Medica, die eine Plattform f\u00fcr den Austausch internationaler Gesch\u00e4ftskontakte und die Erschlie\u00dfung neuer M\u00e4rkte bietet. Die Messe bietet somit eine einzigartige Gelegenheit, um internationale Gesch\u00e4ftsbeziehungen zu kn\u00fcpfen und zu vertiefen.[\/vc_column_text][\/vc_column][\/vc_row][vc_row type=&#8221;in_container&#8221; full_screen_row_position=&#8221;middle&#8221; column_margin=&#8221;default&#8221; column_direction=&#8221;default&#8221; column_direction_tablet=&#8221;default&#8221; column_direction_phone=&#8221;default&#8221; scene_position=&#8221;center&#8221; text_color=&#8221;dark&#8221; text_align=&#8221;left&#8221; row_border_radius=&#8221;none&#8221; row_border_radius_applies=&#8221;bg&#8221; overflow=&#8221;visible&#8221; overlay_strength=&#8221;0.3&#8243; gradient_direction=&#8221;left_to_right&#8221; shape_divider_position=&#8221;bottom&#8221; bg_image_animation=&#8221;none&#8221;][vc_column column_padding=&#8221;no-extra-padding&#8221; column_padding_tablet=&#8221;inherit&#8221; column_padding_phone=&#8221;inherit&#8221; column_padding_position=&#8221;all&#8221; column_element_direction_desktop=&#8221;default&#8221; column_element_spacing=&#8221;default&#8221; desktop_text_alignment=&#8221;default&#8221; tablet_text_alignment=&#8221;default&#8221; phone_text_alignment=&#8221;default&#8221; background_color_opacity=&#8221;1&#8243; background_hover_color_opacity=&#8221;1&#8243; column_backdrop_filter=&#8221;none&#8221; column_shadow=&#8221;none&#8221; column_border_radius=&#8221;none&#8221; column_link_target=&#8221;_self&#8221; column_position=&#8221;default&#8221; gradient_direction=&#8221;left_to_right&#8221; overlay_strength=&#8221;0.3&#8243; width=&#8221;1\/2&#8243; tablet_width_inherit=&#8221;default&#8221; animation_type=&#8221;default&#8221; bg_image_animation=&#8221;none&#8221; border_type=&#8221;simple&#8221; column_border_width=&#8221;none&#8221; column_border_style=&#8221;solid&#8221;]<div class=\"nectar-fancy-ul\" data-list-icon=\"fa fa-lightbulb-o\" data-animation=\"false\" data-animation-delay=\"0\" data-color=\"accent-color\" data-spacing=\"default\" data-alignment=\"left\"> \n<h3><span class=\"ez-toc-section\" id=\"Nachhaltigkeit\"><\/span><strong>Nachhaltigkeit<\/strong><span class=\"ez-toc-section-end\"><\/span><\/h3>\n<p>In den letzten Jahren hat die Medica auch den Fokus auf Nachhaltigkeit und umweltfreundliche L\u00f6sungen verst\u00e4rkt:<\/p>\n<ul>\n<li><strong>Nachhaltige Medizintechnik<\/strong>: Pr\u00e4sentationen und Diskussionen zu umweltfreundlichen Materialien und Prozessen in der Medizintechnik.<\/li>\n<li><strong>Green Hospital Initiative<\/strong>: Projekte und Technologien f\u00fcr nachhaltige Krankenhausinfrastrukturen.<\/li>\n<\/ul>\n<p>Diese Initiativen zeigen das Bewusstsein der Medica f\u00fcr die Bedeutung von Nachhaltigkeit in der Medizinbranche. <\/div>[\/vc_column][vc_column column_padding=&#8221;no-extra-padding&#8221; column_padding_tablet=&#8221;inherit&#8221; column_padding_phone=&#8221;inherit&#8221; column_padding_position=&#8221;all&#8221; column_element_direction_desktop=&#8221;default&#8221; column_element_spacing=&#8221;default&#8221; desktop_text_alignment=&#8221;default&#8221; tablet_text_alignment=&#8221;default&#8221; phone_text_alignment=&#8221;default&#8221; background_color_opacity=&#8221;1&#8243; background_hover_color_opacity=&#8221;1&#8243; column_backdrop_filter=&#8221;none&#8221; column_shadow=&#8221;none&#8221; column_border_radius=&#8221;none&#8221; column_link_target=&#8221;_self&#8221; column_position=&#8221;default&#8221; gradient_direction=&#8221;left_to_right&#8221; overlay_strength=&#8221;0.3&#8243; width=&#8221;1\/2&#8243; tablet_width_inherit=&#8221;default&#8221; animation_type=&#8221;default&#8221; bg_image_animation=&#8221;none&#8221; border_type=&#8221;simple&#8221; column_border_width=&#8221;none&#8221; column_border_style=&#8221;solid&#8221;][image_with_animation image_url=&#8221;8616&#8243; image_size=&#8221;full&#8221; animation_type=&#8221;entrance&#8221; animation=&#8221;None&#8221; animation_movement_type=&#8221;transform_y&#8221; hover_animation=&#8221;zoom&#8221; alignment=&#8221;&#8221; border_radius=&#8221;none&#8221; box_shadow=&#8221;none&#8221; image_loading=&#8221;default&#8221; max_width=&#8221;100%&#8221; max_width_mobile=&#8221;default&#8221;][\/vc_column][\/vc_row][vc_row type=&#8221;in_container&#8221; full_screen_row_position=&#8221;middle&#8221; column_margin=&#8221;default&#8221; column_direction=&#8221;default&#8221; column_direction_tablet=&#8221;default&#8221; column_direction_phone=&#8221;default&#8221; scene_position=&#8221;center&#8221; text_color=&#8221;dark&#8221; text_align=&#8221;left&#8221; row_border_radius=&#8221;none&#8221; row_border_radius_applies=&#8221;bg&#8221; overflow=&#8221;visible&#8221; overlay_strength=&#8221;0.3&#8243; gradient_direction=&#8221;left_to_right&#8221; shape_divider_position=&#8221;bottom&#8221; bg_image_animation=&#8221;none&#8221;][vc_column column_padding=&#8221;no-extra-padding&#8221; column_padding_tablet=&#8221;inherit&#8221; column_padding_phone=&#8221;inherit&#8221; column_padding_position=&#8221;all&#8221; column_element_direction_desktop=&#8221;default&#8221; column_element_spacing=&#8221;default&#8221; desktop_text_alignment=&#8221;default&#8221; tablet_text_alignment=&#8221;default&#8221; phone_text_alignment=&#8221;default&#8221; background_color_opacity=&#8221;1&#8243; background_hover_color_opacity=&#8221;1&#8243; column_backdrop_filter=&#8221;none&#8221; column_shadow=&#8221;none&#8221; column_border_radius=&#8221;none&#8221; column_link_target=&#8221;_self&#8221; column_position=&#8221;default&#8221; gradient_direction=&#8221;left_to_right&#8221; overlay_strength=&#8221;0.3&#8243; width=&#8221;1\/2&#8243; tablet_width_inherit=&#8221;default&#8221; animation_type=&#8221;default&#8221; bg_image_animation=&#8221;none&#8221; border_type=&#8221;simple&#8221; column_border_width=&#8221;none&#8221; column_border_color=&#8221;#ffffff&#8221; column_border_style=&#8221;solid&#8221; column_padding_type=&#8221;default&#8221; gradient_type=&#8221;default&#8221;]<div class=\"nectar-fancy-ul\" data-list-icon=\"fa fa-lightbulb-o\" data-animation=\"false\" data-animation-delay=\"0\" data-color=\"accent-color\" data-spacing=\"default\" data-alignment=\"left\"> \n<h2><span class=\"ez-toc-section\" id=\"Naechster_Termin_und_Details\"><\/span><strong>N\u00e4chster Termin und Details<\/strong><span class=\"ez-toc-section-end\"><\/span><\/h2>\n<p>Die n\u00e4chste Medica findet vom <strong>16.-19. November 2026<\/strong> im Messezentrum D\u00fcsseldorf statt. Diese Veranstaltung bietet eine beeindruckende Vielfalt an Medizintechnologien und Dienstleistungen.<\/p>\n<ul>\n<li><strong>\u00d6ffnungszeiten<\/strong>: T\u00e4glich von 10:00 bis 18:00 Uhr<\/li>\n<li><strong>Tickets und Registrierung<\/strong>: Tageskarten sind online und vor Ort erh\u00e4ltlich. Fr\u00fchbucher profitieren von Rabatten.<\/li>\n<li><strong>Ausstellungsbereiche<\/strong>: Die Messe ist in verschiedene Themenbereiche unterteilt.<\/li>\n<li><strong>Sonderveranstaltungen<\/strong>:<\/li>\n<li><strong>Medica Forum<\/strong>: Pr\u00e4sentationen und Diskussionen \u00fcber die neuesten Entwicklungen in der Medizintechnik.<\/li>\n<li><strong>Premieren neuer Technologien<\/strong>: Vorstellung der neuesten Innovationen.<\/li>\n<li><strong>Workshops und Seminare<\/strong>: Expertenwissen und Weiterbildungsm\u00f6glichkeiten.<\/li>\n<li><\/li>\n<\/ul>\n <\/div>[\/vc_column][vc_column column_padding=&#8221;no-extra-padding&#8221; column_padding_tablet=&#8221;inherit&#8221; column_padding_phone=&#8221;inherit&#8221; column_padding_position=&#8221;all&#8221; column_element_direction_desktop=&#8221;default&#8221; column_element_spacing=&#8221;default&#8221; desktop_text_alignment=&#8221;default&#8221; tablet_text_alignment=&#8221;default&#8221; phone_text_alignment=&#8221;default&#8221; background_color_opacity=&#8221;1&#8243; background_hover_color_opacity=&#8221;1&#8243; column_backdrop_filter=&#8221;none&#8221; column_shadow=&#8221;none&#8221; column_border_radius=&#8221;none&#8221; column_link_target=&#8221;_self&#8221; column_position=&#8221;default&#8221; gradient_direction=&#8221;left_to_right&#8221; overlay_strength=&#8221;0.3&#8243; width=&#8221;1\/2&#8243; tablet_width_inherit=&#8221;default&#8221; animation_type=&#8221;default&#8221; bg_image_animation=&#8221;none&#8221; border_type=&#8221;simple&#8221; column_border_width=&#8221;none&#8221; column_border_style=&#8221;solid&#8221;][image_with_animation image_url=&#8221;8646&#8243; image_size=&#8221;full&#8221; animation_type=&#8221;entrance&#8221; animation=&#8221;None&#8221; animation_movement_type=&#8221;transform_y&#8221; hover_animation=&#8221;zoom&#8221; alignment=&#8221;&#8221; border_radius=&#8221;none&#8221; box_shadow=&#8221;none&#8221; image_loading=&#8221;default&#8221; max_width=&#8221;100%&#8221; max_width_mobile=&#8221;default&#8221;][\/vc_column][\/vc_row][vc_row type=&#8221;in_container&#8221; full_screen_row_position=&#8221;middle&#8221; column_margin=&#8221;default&#8221; column_direction=&#8221;default&#8221; column_direction_tablet=&#8221;default&#8221; column_direction_phone=&#8221;default&#8221; scene_position=&#8221;center&#8221; text_color=&#8221;dark&#8221; text_align=&#8221;left&#8221; row_border_radius=&#8221;none&#8221; row_border_radius_applies=&#8221;bg&#8221; overflow=&#8221;visible&#8221; overlay_strength=&#8221;0.3&#8243; gradient_direction=&#8221;left_to_right&#8221; shape_divider_position=&#8221;bottom&#8221; bg_image_animation=&#8221;none&#8221;][vc_column column_padding=&#8221;padding-2-percent&#8221; column_padding_tablet=&#8221;inherit&#8221; column_padding_phone=&#8221;inherit&#8221; column_padding_position=&#8221;all&#8221; column_element_direction_desktop=&#8221;default&#8221; column_element_spacing=&#8221;default&#8221; desktop_text_alignment=&#8221;default&#8221; tablet_text_alignment=&#8221;default&#8221; phone_text_alignment=&#8221;default&#8221; background_color_opacity=&#8221;1&#8243; background_hover_color_opacity=&#8221;1&#8243; column_backdrop_filter=&#8221;none&#8221; column_shadow=&#8221;none&#8221; column_border_radius=&#8221;none&#8221; column_link_target=&#8221;_self&#8221; column_position=&#8221;default&#8221; gradient_direction=&#8221;left_to_right&#8221; overlay_strength=&#8221;0.3&#8243; width=&#8221;1\/1&#8243; tablet_width_inherit=&#8221;default&#8221; animation_type=&#8221;default&#8221; bg_image_animation=&#8221;none&#8221; border_type=&#8221;simple&#8221; column_border_width=&#8221;1px&#8221; column_border_color=&#8221;#000000&#8243; column_border_style=&#8221;solid&#8221; column_padding_type=&#8221;default&#8221; gradient_type=&#8221;default&#8221;][vc_column_text]\n<h2><span class=\"ez-toc-section\" id=\"Fazit\"><\/span><strong>Fazit<\/strong><span class=\"ez-toc-section-end\"><\/span><\/h2>\n<p>Die Medica in D\u00fcsseldorf ist eine der gr\u00f6\u00dften und bedeutendsten Messen f\u00fcr die Medizinbranche. J\u00e4hrlich zieht sie Fachleute und Unternehmen aus aller Welt an, die hier die neuesten Trends und Technologien entdecken k\u00f6nnen. Mit ihrer beeindruckenden Vielfalt an Ausstellern und Innovationen bietet die Medica eine einzigartige Gelegenheit, die Zukunft der Medizintechnik zu erleben und aktiv mitzugestalten. Sie ist ein unverzichtbarer Termin f\u00fcr alle, die auf dem neuesten Stand der medizinischen Entwicklungen bleiben wollen und sich \u00fcber innovative L\u00f6sungen informieren m\u00f6chten.[\/vc_column_text][\/vc_column][\/vc_row][vc_row type=&#8221;in_container&#8221; full_screen_row_position=&#8221;middle&#8221; column_margin=&#8221;default&#8221; column_direction=&#8221;default&#8221; column_direction_tablet=&#8221;default&#8221; column_direction_phone=&#8221;default&#8221; scene_position=&#8221;center&#8221; text_color=&#8221;dark&#8221; text_align=&#8221;left&#8221; row_border_radius=&#8221;none&#8221; row_border_radius_applies=&#8221;bg&#8221; overflow=&#8221;visible&#8221; overlay_strength=&#8221;0.3&#8243; gradient_direction=&#8221;left_to_right&#8221; shape_divider_position=&#8221;bottom&#8221; bg_image_animation=&#8221;none&#8221;][vc_column column_padding=&#8221;no-extra-padding&#8221; column_padding_tablet=&#8221;inherit&#8221; column_padding_phone=&#8221;inherit&#8221; column_padding_position=&#8221;all&#8221; column_element_direction_desktop=&#8221;default&#8221; column_element_spacing=&#8221;default&#8221; desktop_text_alignment=&#8221;default&#8221; tablet_text_alignment=&#8221;default&#8221; phone_text_alignment=&#8221;default&#8221; background_color_opacity=&#8221;1&#8243; background_hover_color_opacity=&#8221;1&#8243; column_backdrop_filter=&#8221;none&#8221; column_shadow=&#8221;none&#8221; column_border_radius=&#8221;none&#8221; column_link_target=&#8221;_self&#8221; column_position=&#8221;default&#8221; gradient_direction=&#8221;left_to_right&#8221; overlay_strength=&#8221;0.3&#8243; width=&#8221;1\/1&#8243; tablet_width_inherit=&#8221;default&#8221; animation_type=&#8221;default&#8221; bg_image_animation=&#8221;none&#8221; border_type=&#8221;simple&#8221; column_border_width=&#8221;none&#8221; column_border_style=&#8221;solid&#8221;][vc_column_text]\n<h5>Quellenangabe:<\/h5>\n<h6><a href=\"https:\/\/www.medica.de\/de\/Media_News\/Presse\/Pressematerial\">Medica Pressematerial<\/a><\/h6>\n<h6><a href=\"https:\/\/de.wikipedia.org\/wiki\/Messe_D%C3%BCsseldorf#\/media\/Datei:MD_Fair_39.jpg\">Messegel\u00e4nde D\u00fcsseldorf &#8211; via Wikipedia &#8211; Messe D\u00fcsseldorf GmbH\u00a0&#8211;\u00a0Eigenes Werk<\/a><\/h6>\n[\/vc_column_text][\/vc_column][\/vc_row]\n","protected":false},"excerpt":{"rendered":"<p>[vc_row type=&#8221;in_container&#8221; full_screen_row_position=&#8221;middle&#8221; column_margin=&#8221;default&#8221; column_direction=&#8221;default&#8221; column_direction_tablet=&#8221;default&#8221; column_direction_phone=&#8221;default&#8221; scene_position=&#8221;center&#8221; text_color=&#8221;dark&#8221; text_align=&#8221;left&#8221; row_border_radius=&#8221;none&#8221; row_border_radius_applies=&#8221;bg&#8221; overflow=&#8221;visible&#8221; overlay_strength=&#8221;0.3&#8243; gradient_direction=&#8221;left_to_right&#8221;&#8230;<\/p>\n","protected":false},"author":11,"featured_media":8621,"comment_status":"closed","ping_status":"open","sticky":false,"template":"","format":"standard","meta":{"_acf_changed":false,"_lmt_disableupdate":"no","_lmt_disable":"no","footnotes":""},"categories":[10],"tags":[],"class_list":{"0":"post-8603","1":"post","2":"type-post","3":"status-publish","4":"format-standard","5":"has-post-thumbnail","7":"category-messestaedte"},"acf":[],"yoast_head":"<!-- This site is optimized with the Yoast SEO plugin v27.5 - https:\/\/yoast.com\/product\/yoast-seo-wordpress\/ -->\n<title>MEDICA D\u00fcsseldorf | Weltleitmesse f\u00fcr Medizintechnik<\/title>\n<meta name=\"description\" content=\"Alle Infos zur MEDICA D\u00fcsseldorf: Branchenfokus, internationale Reichweite und Ausstellerpotenzial im \u00dcberblick.\" \/>\n<meta name=\"robots\" content=\"index, follow, max-snippet:-1, max-image-preview:large, max-video-preview:-1\" \/>\n<link rel=\"canonical\" href=\"https:\/\/www.displayhersteller.de\/ratgeber\/messestaedte\/medica-duesseldorf\" \/>\n<meta property=\"og:locale\" content=\"de_DE\" \/>\n<meta property=\"og:type\" content=\"article\" \/>\n<meta property=\"og:title\" content=\"MEDICA D\u00fcsseldorf | Weltleitmesse f\u00fcr Medizintechnik\" \/>\n<meta property=\"og:description\" content=\"Alle Infos zur MEDICA D\u00fcsseldorf: Branchenfokus, internationale Reichweite und Ausstellerpotenzial im \u00dcberblick.\" \/>\n<meta property=\"og:url\" content=\"https:\/\/www.displayhersteller.de\/ratgeber\/messestaedte\/medica-duesseldorf\" \/>\n<meta property=\"og:site_name\" content=\"displayhersteller Ratgeber\" \/>\n<meta property=\"article:author\" content=\"https:\/\/www.facebook.com\/displayhersteller\" \/>\n<meta property=\"article:published_time\" content=\"2024-08-02T11:43:25+00:00\" \/>\n<meta property=\"article:modified_time\" content=\"2026-02-25T11:28:47+00:00\" \/>\n<meta property=\"og:image\" content=\"http:\/\/www.displayhersteller.de\/ratgeber\/wp-content\/uploads\/2024\/08\/Medica-Titelbild-ohne-Text.jpg\" \/>\n\t<meta property=\"og:image:width\" content=\"1839\" \/>\n\t<meta property=\"og:image:height\" content=\"945\" \/>\n\t<meta property=\"og:image:type\" content=\"image\/jpeg\" \/>\n<meta name=\"author\" content=\"Selin Alica\" \/>\n<meta name=\"twitter:card\" content=\"summary_large_image\" \/>\n<meta name=\"twitter:label1\" content=\"Geschrieben von\" \/>\n\t<meta name=\"twitter:data1\" content=\"Selin Alica\" \/>\n\t<meta name=\"twitter:label2\" content=\"Gesch\u00e4tzte Lesezeit\" \/>\n\t<meta name=\"twitter:data2\" content=\"20\u00a0Minuten\" \/>\n<!-- \/ Yoast SEO plugin. -->","yoast_head_json":{"title":"MEDICA D\u00fcsseldorf | Weltleitmesse f\u00fcr Medizintechnik","description":"Alle Infos zur MEDICA D\u00fcsseldorf: Branchenfokus, internationale Reichweite und Ausstellerpotenzial im \u00dcberblick.","robots":{"index":"index","follow":"follow","max-snippet":"max-snippet:-1","max-image-preview":"max-image-preview:large","max-video-preview":"max-video-preview:-1"},"canonical":"https:\/\/www.displayhersteller.de\/ratgeber\/messestaedte\/medica-duesseldorf","og_locale":"de_DE","og_type":"article","og_title":"MEDICA D\u00fcsseldorf | Weltleitmesse f\u00fcr Medizintechnik","og_description":"Alle Infos zur MEDICA D\u00fcsseldorf: Branchenfokus, internationale Reichweite und Ausstellerpotenzial im \u00dcberblick.","og_url":"https:\/\/www.displayhersteller.de\/ratgeber\/messestaedte\/medica-duesseldorf","og_site_name":"displayhersteller Ratgeber","article_author":"https:\/\/www.facebook.com\/displayhersteller","article_published_time":"2024-08-02T11:43:25+00:00","article_modified_time":"2026-02-25T11:28:47+00:00","og_image":[{"width":1839,"height":945,"url":"http:\/\/www.displayhersteller.de\/ratgeber\/wp-content\/uploads\/2024\/08\/Medica-Titelbild-ohne-Text.jpg","type":"image\/jpeg"}],"author":"Selin Alica","twitter_card":"summary_large_image","twitter_misc":{"Geschrieben von":"Selin Alica","Gesch\u00e4tzte Lesezeit":"20\u00a0Minuten"},"schema":{"@context":"https:\/\/schema.org","@graph":[{"@type":"Article","@id":"https:\/\/www.displayhersteller.de\/ratgeber\/messestaedte\/medica-duesseldorf#article","isPartOf":{"@id":"https:\/\/www.displayhersteller.de\/ratgeber\/messestaedte\/medica-duesseldorf"},"author":{"name":"Selin Alica","@id":"https:\/\/www.displayhersteller.de\/ratgeber\/#\/schema\/person\/1300a732ee83919ebb218862e2c750c7"},"headline":"MEDICA D\u00fcsseldorf: Weltleitmesse f\u00fcr Medizintechnik","datePublished":"2024-08-02T11:43:25+00:00","dateModified":"2026-02-25T11:28:47+00:00","mainEntityOfPage":{"@id":"https:\/\/www.displayhersteller.de\/ratgeber\/messestaedte\/medica-duesseldorf"},"wordCount":7016,"image":{"@id":"https:\/\/www.displayhersteller.de\/ratgeber\/messestaedte\/medica-duesseldorf#primaryimage"},"thumbnailUrl":"https:\/\/www.displayhersteller.de\/ratgeber\/wp-content\/uploads\/2024\/08\/Medica-Titelbild-ohne-Text.jpg","articleSection":["Messest\u00e4dte"],"inLanguage":"de"},{"@type":"WebPage","@id":"https:\/\/www.displayhersteller.de\/ratgeber\/messestaedte\/medica-duesseldorf","url":"https:\/\/www.displayhersteller.de\/ratgeber\/messestaedte\/medica-duesseldorf","name":"MEDICA D\u00fcsseldorf | Weltleitmesse f\u00fcr Medizintechnik","isPartOf":{"@id":"https:\/\/www.displayhersteller.de\/ratgeber\/#website"},"primaryImageOfPage":{"@id":"https:\/\/www.displayhersteller.de\/ratgeber\/messestaedte\/medica-duesseldorf#primaryimage"},"image":{"@id":"https:\/\/www.displayhersteller.de\/ratgeber\/messestaedte\/medica-duesseldorf#primaryimage"},"thumbnailUrl":"https:\/\/www.displayhersteller.de\/ratgeber\/wp-content\/uploads\/2024\/08\/Medica-Titelbild-ohne-Text.jpg","datePublished":"2024-08-02T11:43:25+00:00","dateModified":"2026-02-25T11:28:47+00:00","author":{"@id":"https:\/\/www.displayhersteller.de\/ratgeber\/#\/schema\/person\/1300a732ee83919ebb218862e2c750c7"},"description":"Alle Infos zur MEDICA D\u00fcsseldorf: Branchenfokus, internationale Reichweite und Ausstellerpotenzial im \u00dcberblick.","breadcrumb":{"@id":"https:\/\/www.displayhersteller.de\/ratgeber\/messestaedte\/medica-duesseldorf#breadcrumb"},"inLanguage":"de","potentialAction":[{"@type":"ReadAction","target":["https:\/\/www.displayhersteller.de\/ratgeber\/messestaedte\/medica-duesseldorf"]}]},{"@type":"ImageObject","inLanguage":"de","@id":"https:\/\/www.displayhersteller.de\/ratgeber\/messestaedte\/medica-duesseldorf#primaryimage","url":"https:\/\/www.displayhersteller.de\/ratgeber\/wp-content\/uploads\/2024\/08\/Medica-Titelbild-ohne-Text.jpg","contentUrl":"https:\/\/www.displayhersteller.de\/ratgeber\/wp-content\/uploads\/2024\/08\/Medica-Titelbild-ohne-Text.jpg","width":1839,"height":945},{"@type":"BreadcrumbList","@id":"https:\/\/www.displayhersteller.de\/ratgeber\/messestaedte\/medica-duesseldorf#breadcrumb","itemListElement":[{"@type":"ListItem","position":1,"name":"Home","item":"https:\/\/www.displayhersteller.de\/ratgeber"},{"@type":"ListItem","position":2,"name":"MEDICA D\u00fcsseldorf: Weltleitmesse f\u00fcr Medizintechnik"}]},{"@type":"WebSite","@id":"https:\/\/www.displayhersteller.de\/ratgeber\/#website","url":"https:\/\/www.displayhersteller.de\/ratgeber\/","name":"displayhersteller Ratgeber","description":"Informative Beitr\u00e4ge zu Messest\u00e4nden, Werbeaufstellern f\u00fcr Messen, Events und Veranstaltungen","potentialAction":[{"@type":"SearchAction","target":{"@type":"EntryPoint","urlTemplate":"https:\/\/www.displayhersteller.de\/ratgeber\/?s={search_term_string}"},"query-input":{"@type":"PropertyValueSpecification","valueRequired":true,"valueName":"search_term_string"}}],"inLanguage":"de"},{"@type":"Person","@id":"https:\/\/www.displayhersteller.de\/ratgeber\/#\/schema\/person\/1300a732ee83919ebb218862e2c750c7","name":"Selin Alica","image":{"@type":"ImageObject","inLanguage":"de","@id":"https:\/\/secure.gravatar.com\/avatar\/650c55b627ba9992a08d890f7aa957ebf15c0e3479fbe7a420fa4fec345b976a?s=96&d=mm&r=g","url":"https:\/\/secure.gravatar.com\/avatar\/650c55b627ba9992a08d890f7aa957ebf15c0e3479fbe7a420fa4fec345b976a?s=96&d=mm&r=g","contentUrl":"https:\/\/secure.gravatar.com\/avatar\/650c55b627ba9992a08d890f7aa957ebf15c0e3479fbe7a420fa4fec345b976a?s=96&d=mm&r=g","caption":"Selin Alica"},"description":"Selin ist offiziell seit 2024 Teil des Teams von Displayhersteller.de und bringt frischen Wind sowie ein feines Gesp\u00fcr f\u00fcr Inhalte mit. Als Mediengestalterin mit Schwerpunkt Content Management sorgt sie daf\u00fcr, dass alle Informationen rund um unsere Produkte strukturiert, ansprechend und informativ aufbereitet sind. Messe-DNA hat sie quasi im Blut \u2013 aufgewachsen in einem familiengef\u00fchrten Messebauunternehmen, kennt sie die Branche von Grund auf. Ihre Mischung aus Textsicherheit und Messeerfahrung macht sie zu einer wertvollen Stimme im Ratgeber von Displayhersteller.de.","sameAs":["https:\/\/www.displayhersteller.de\/de\/","https:\/\/www.facebook.com\/displayhersteller","https:\/\/www.instagram.com\/displayhersteller\/","https:\/\/www.linkedin.com\/company\/12794866\/admin\/page-posts\/published\/","https:\/\/www.youtube.com\/@displayhersteller"],"url":"https:\/\/www.displayhersteller.de\/ratgeber\/author\/selin"}]}},"modified_by":"Jonas Dollhofer","_links":{"self":[{"href":"https:\/\/www.displayhersteller.de\/ratgeber\/wp-json\/wp\/v2\/posts\/8603","targetHints":{"allow":["GET"]}}],"collection":[{"href":"https:\/\/www.displayhersteller.de\/ratgeber\/wp-json\/wp\/v2\/posts"}],"about":[{"href":"https:\/\/www.displayhersteller.de\/ratgeber\/wp-json\/wp\/v2\/types\/post"}],"author":[{"embeddable":true,"href":"https:\/\/www.displayhersteller.de\/ratgeber\/wp-json\/wp\/v2\/users\/11"}],"replies":[{"embeddable":true,"href":"https:\/\/www.displayhersteller.de\/ratgeber\/wp-json\/wp\/v2\/comments?post=8603"}],"version-history":[{"count":23,"href":"https:\/\/www.displayhersteller.de\/ratgeber\/wp-json\/wp\/v2\/posts\/8603\/revisions"}],"predecessor-version":[{"id":10235,"href":"https:\/\/www.displayhersteller.de\/ratgeber\/wp-json\/wp\/v2\/posts\/8603\/revisions\/10235"}],"wp:featuredmedia":[{"embeddable":true,"href":"https:\/\/www.displayhersteller.de\/ratgeber\/wp-json\/wp\/v2\/media\/8621"}],"wp:attachment":[{"href":"https:\/\/www.displayhersteller.de\/ratgeber\/wp-json\/wp\/v2\/media?parent=8603"}],"wp:term":[{"taxonomy":"category","embeddable":true,"href":"https:\/\/www.displayhersteller.de\/ratgeber\/wp-json\/wp\/v2\/categories?post=8603"},{"taxonomy":"post_tag","embeddable":true,"href":"https:\/\/www.displayhersteller.de\/ratgeber\/wp-json\/wp\/v2\/tags?post=8603"}],"curies":[{"name":"wp","href":"https:\/\/api.w.org\/{rel}","templated":true}]}}