{"id":9878,"date":"2025-10-10T16:06:41","date_gmt":"2025-10-10T14:06:41","guid":{"rendered":"https:\/\/www.displayhersteller.de\/ratgeber\/?p=9878"},"modified":"2026-04-29T11:22:46","modified_gmt":"2026-04-29T09:22:46","slug":"messefoerderung-2026-foerdermittel-fuer-messestaende","status":"publish","type":"post","link":"https:\/\/www.displayhersteller.de\/ratgeber\/messevorbereitung\/messefoerderung-2026-foerdermittel-fuer-messestaende","title":{"rendered":"Messef\u00f6rderung: F\u00f6rdermittel f\u00fcr In- und Ausland nutzen"},"content":{"rendered":"<div class=\"pld-like-dislike-wrap pld-template-1\">\r\n    <div class=\"pld-like-wrap  pld-common-wrap\">\r\n    <a href=\"javascript:void(0)\" class=\"pld-like-trigger pld-like-dislike-trigger  \" title=\"Gef\u00e4llt mir\" data-post-id=\"9878\" data-trigger-type=\"like\" data-restriction=\"cookie\" data-already-liked=\"0\">\r\n                        <i class=\"fas fa-thumbs-up\"><\/i>\r\n                <\/a>\r\n    <span class=\"pld-like-count-wrap pld-count-wrap\">    <\/span>\r\n<\/div><\/div>[vc_row type=&#8221;in_container&#8221; full_screen_row_position=&#8221;middle&#8221; column_margin=&#8221;default&#8221; column_direction=&#8221;default&#8221; column_direction_tablet=&#8221;default&#8221; column_direction_phone=&#8221;default&#8221; scene_position=&#8221;center&#8221; top_margin=&#8221;-20&#8243; text_color=&#8221;dark&#8221; text_align=&#8221;left&#8221; row_border_radius=&#8221;none&#8221; row_border_radius_applies=&#8221;bg&#8221; overflow=&#8221;visible&#8221; overlay_strength=&#8221;0.3&#8243; gradient_direction=&#8221;left_to_right&#8221; shape_divider_position=&#8221;bottom&#8221; bg_image_animation=&#8221;none&#8221; gradient_type=&#8221;default&#8221; shape_type=&#8221;&#8221;][vc_column column_padding=&#8221;no-extra-padding&#8221; column_padding_tablet=&#8221;inherit&#8221; column_padding_phone=&#8221;inherit&#8221; column_padding_position=&#8221;all&#8221; column_element_direction_desktop=&#8221;default&#8221; column_element_spacing=&#8221;default&#8221; desktop_text_alignment=&#8221;default&#8221; tablet_text_alignment=&#8221;default&#8221; phone_text_alignment=&#8221;default&#8221; background_color_opacity=&#8221;1&#8243; background_hover_color_opacity=&#8221;1&#8243; column_backdrop_filter=&#8221;none&#8221; column_shadow=&#8221;none&#8221; column_border_radius=&#8221;none&#8221; column_link_target=&#8221;_self&#8221; column_position=&#8221;default&#8221; gradient_direction=&#8221;left_to_right&#8221; overlay_strength=&#8221;0.3&#8243; width=&#8221;1\/1&#8243; tablet_width_inherit=&#8221;default&#8221; animation_type=&#8221;default&#8221; bg_image_animation=&#8221;none&#8221; border_type=&#8221;simple&#8221; column_border_width=&#8221;none&#8221; column_border_style=&#8221;solid&#8221;][vc_column_text]\n<p data-start=\"252\" data-end=\"329\">Ein Messeauftritt ist f\u00fcr viele Unternehmen ein wichtiger Wachstumstreiber \u2013 aber auch eine erhebliche Investition. Standmiete, Ausstattung und Personal summieren sich schnell zu hohen Kosten. <strong data-start=\"291\" data-end=\"309\">Gut zu wissen:<\/strong> Bund und L\u00e4nder unterst\u00fctzen Messebeteiligungen mit <strong data-start=\"362\" data-end=\"394\">attraktiven F\u00f6rderprogrammen<\/strong>. In diesem Beitrag erfahren Sie, <strong data-start=\"428\" data-end=\"456\">welche Zusch\u00fcsse es gibt<\/strong>, <strong data-start=\"458\" data-end=\"486\">wer f\u00f6rderberechtigt ist<\/strong> und <strong data-start=\"491\" data-end=\"534\">wie Sie F\u00f6rdermittel gezielt beantragen<\/strong>, um Ihre Messekosten deutlich zu senken.<\/p>\n<p data-start=\"252\" data-end=\"329\"><div id=\"ez-toc-container\" class=\"ez-toc-v2_0_82_2 counter-hierarchy ez-toc-counter ez-toc-grey ez-toc-container-direction\">\n<div class=\"ez-toc-title-container\">\n<p class=\"ez-toc-title\" style=\"cursor:inherit\">Inhaltsverzeichnis<\/p>\n<span class=\"ez-toc-title-toggle\"><a href=\"#\" class=\"ez-toc-pull-right ez-toc-btn ez-toc-btn-xs ez-toc-btn-default ez-toc-toggle\" aria-label=\"Toggle Table of Content\"><span class=\"ez-toc-js-icon-con\"><span class=\"\"><span class=\"eztoc-hide\" style=\"display:none;\">Toggle<\/span><span class=\"ez-toc-icon-toggle-span\"><svg style=\"fill: #999;color:#999\" xmlns=\"http:\/\/www.w3.org\/2000\/svg\" class=\"list-377408\" width=\"20px\" height=\"20px\" viewBox=\"0 0 24 24\" fill=\"none\"><path d=\"M6 6H4v2h2V6zm14 0H8v2h12V6zM4 11h2v2H4v-2zm16 0H8v2h12v-2zM4 16h2v2H4v-2zm16 0H8v2h12v-2z\" fill=\"currentColor\"><\/path><\/svg><svg style=\"fill: #999;color:#999\" class=\"arrow-unsorted-368013\" xmlns=\"http:\/\/www.w3.org\/2000\/svg\" width=\"10px\" height=\"10px\" viewBox=\"0 0 24 24\" version=\"1.2\" baseProfile=\"tiny\"><path d=\"M18.2 9.3l-6.2-6.3-6.2 6.3c-.2.2-.3.4-.3.7s.1.5.3.7c.2.2.4.3.7.3h11c.3 0 .5-.1.7-.3.2-.2.3-.5.3-.7s-.1-.5-.3-.7zM5.8 14.7l6.2 6.3 6.2-6.3c.2-.2.3-.5.3-.7s-.1-.5-.3-.7c-.2-.2-.4-.3-.7-.3h-11c-.3 0-.5.1-.7.3-.2.2-.3.5-.3.7s.1.5.3.7z\"\/><\/svg><\/span><\/span><\/span><\/a><\/span><\/div>\n<nav><ul class='ez-toc-list ez-toc-list-level-1 ' ><li class='ez-toc-page-1 ez-toc-heading-level-2'><a class=\"ez-toc-link ez-toc-heading-1\" href=\"https:\/\/www.displayhersteller.de\/ratgeber\/messevorbereitung\/messefoerderung-2026-foerdermittel-fuer-messestaende\/#Messefoerderung_in_Deutschland_%E2%80%93_Foerdermittel_gezielt_nutzen_und_beantragen\" >Messef\u00f6rderung in Deutschland \u2013 F\u00f6rdermittel gezielt nutzen und beantragen<\/a><\/li><li class='ez-toc-page-1 ez-toc-heading-level-2'><a class=\"ez-toc-link ez-toc-heading-2\" href=\"https:\/\/www.displayhersteller.de\/ratgeber\/messevorbereitung\/messefoerderung-2026-foerdermittel-fuer-messestaende\/#Foerderung_durch_die_Bundeslaender\" >F\u00f6rderung durch die Bundesl\u00e4nder<\/a><ul class='ez-toc-list-level-3' ><li class='ez-toc-heading-level-3'><a class=\"ez-toc-link ez-toc-heading-3\" href=\"https:\/\/www.displayhersteller.de\/ratgeber\/messevorbereitung\/messefoerderung-2026-foerdermittel-fuer-messestaende\/#Umfang_und_Hoehe_der_Foerderung\" >Umfang und H\u00f6he der F\u00f6rderung<\/a><\/li><li class='ez-toc-page-1 ez-toc-heading-level-3'><a class=\"ez-toc-link ez-toc-heading-4\" href=\"https:\/\/www.displayhersteller.de\/ratgeber\/messevorbereitung\/messefoerderung-2026-foerdermittel-fuer-messestaende\/#Vorgehen_bei_der_Beantragung_von_Foerdermitteln\" >Vorgehen bei der Beantragung von F\u00f6rdermitteln<\/a><\/li><li class='ez-toc-page-1 ez-toc-heading-level-3'><a class=\"ez-toc-link ez-toc-heading-5\" href=\"https:\/\/www.displayhersteller.de\/ratgeber\/messevorbereitung\/messefoerderung-2026-foerdermittel-fuer-messestaende\/#Foerderung_fuer_junge_innovative_Unternehmen\" >F\u00f6rderung f\u00fcr junge, innovative Unternehmen<\/a><\/li><\/ul><\/li><li class='ez-toc-page-1 ez-toc-heading-level-2'><a class=\"ez-toc-link ez-toc-heading-6\" href=\"https:\/\/www.displayhersteller.de\/ratgeber\/messevorbereitung\/messefoerderung-2026-foerdermittel-fuer-messestaende\/#Auslandsmesseprogramm_des_Bundes_AMP\" >Auslandsmesseprogramm des Bundes (AMP)<\/a><ul class='ez-toc-list-level-3' ><li class='ez-toc-heading-level-3'><a class=\"ez-toc-link ez-toc-heading-7\" href=\"https:\/\/www.displayhersteller.de\/ratgeber\/messevorbereitung\/messefoerderung-2026-foerdermittel-fuer-messestaende\/#Wer_wird_gefoerdert\" >Wer wird gef\u00f6rdert?<\/a><\/li><li class='ez-toc-page-1 ez-toc-heading-level-3'><a class=\"ez-toc-link ez-toc-heading-8\" href=\"https:\/\/www.displayhersteller.de\/ratgeber\/messevorbereitung\/messefoerderung-2026-foerdermittel-fuer-messestaende\/#Was_wird_gefoerdert\" >Was wird gef\u00f6rdert?<\/a><\/li><li class='ez-toc-page-1 ez-toc-heading-level-3'><a class=\"ez-toc-link ez-toc-heading-9\" href=\"https:\/\/www.displayhersteller.de\/ratgeber\/messevorbereitung\/messefoerderung-2026-foerdermittel-fuer-messestaende\/#Beteiligungsformen\" >Beteiligungsformen<\/a><\/li><li class='ez-toc-page-1 ez-toc-heading-level-3'><a class=\"ez-toc-link ez-toc-heading-10\" href=\"https:\/\/www.displayhersteller.de\/ratgeber\/messevorbereitung\/messefoerderung-2026-foerdermittel-fuer-messestaende\/#Wie_laeuft_die_Anmeldung\" >Wie l\u00e4uft die Anmeldung?<\/a><\/li><\/ul><\/li><li class='ez-toc-page-1 ez-toc-heading-level-2'><a class=\"ez-toc-link ez-toc-heading-11\" href=\"https:\/\/www.displayhersteller.de\/ratgeber\/messevorbereitung\/messefoerderung-2026-foerdermittel-fuer-messestaende\/#Auslandsmesseprogramme_der_Bundeslaender\" >Auslandsmesseprogramme der Bundesl\u00e4nder<\/a><\/li><li class='ez-toc-page-1 ez-toc-heading-level-2'><a class=\"ez-toc-link ez-toc-heading-12\" href=\"https:\/\/www.displayhersteller.de\/ratgeber\/messevorbereitung\/messefoerderung-2026-foerdermittel-fuer-messestaende\/#Fazit\" >Fazit<\/a><\/li><\/ul><\/nav><\/div>\n\n[\/vc_column_text][\/vc_column][\/vc_row][vc_row type=&#8221;in_container&#8221; full_screen_row_position=&#8221;middle&#8221; column_margin=&#8221;default&#8221; column_direction=&#8221;default&#8221; column_direction_tablet=&#8221;default&#8221; column_direction_phone=&#8221;default&#8221; scene_position=&#8221;center&#8221; top_margin=&#8221;-20&#8243; text_color=&#8221;dark&#8221; text_align=&#8221;left&#8221; row_border_radius=&#8221;none&#8221; row_border_radius_applies=&#8221;bg&#8221; overflow=&#8221;visible&#8221; overlay_strength=&#8221;0.3&#8243; gradient_direction=&#8221;left_to_right&#8221; shape_divider_position=&#8221;bottom&#8221; bg_image_animation=&#8221;none&#8221; gradient_type=&#8221;default&#8221; shape_type=&#8221;&#8221;][vc_column column_padding=&#8221;no-extra-padding&#8221; column_padding_tablet=&#8221;inherit&#8221; column_padding_phone=&#8221;inherit&#8221; column_padding_position=&#8221;all&#8221; column_element_direction_desktop=&#8221;default&#8221; column_element_spacing=&#8221;default&#8221; desktop_text_alignment=&#8221;default&#8221; tablet_text_alignment=&#8221;default&#8221; phone_text_alignment=&#8221;default&#8221; background_color_opacity=&#8221;1&#8243; background_hover_color_opacity=&#8221;1&#8243; column_backdrop_filter=&#8221;none&#8221; column_shadow=&#8221;none&#8221; column_border_radius=&#8221;none&#8221; column_link_target=&#8221;_self&#8221; column_position=&#8221;default&#8221; gradient_direction=&#8221;left_to_right&#8221; overlay_strength=&#8221;0.3&#8243; width=&#8221;1\/1&#8243; tablet_width_inherit=&#8221;default&#8221; animation_type=&#8221;default&#8221; bg_image_animation=&#8221;none&#8221; border_type=&#8221;simple&#8221; column_border_width=&#8221;none&#8221; column_border_style=&#8221;solid&#8221;][vc_column_text]\n<h2 data-start=\"252\" data-end=\"329\"><span class=\"ez-toc-section\" id=\"Messefoerderung_in_Deutschland_%E2%80%93_Foerdermittel_gezielt_nutzen_und_beantragen\"><\/span>Messef\u00f6rderung in Deutschland \u2013 F\u00f6rdermittel gezielt nutzen und beantragen<span class=\"ez-toc-section-end\"><\/span><\/h2>\n<p data-start=\"331\" data-end=\"625\">In Zeiten wirtschaftlicher Unsicherheit gewinnen \u00f6ffentliche F\u00f6rderprogramme f\u00fcr Messeauftritte zunehmend an Bedeutung. F\u00fcr viele Unternehmen sind Messen nach wie vor ein zentrales Instrument, um Produkte zu pr\u00e4sentieren, Neukunden zu gewinnen und bestehende Gesch\u00e4ftsbeziehungen zu festigen.<\/p>\n<p data-start=\"627\" data-end=\"1048\">Um insbesondere kleinen und mittelst\u00e4ndischen Unternehmen die Teilnahme an Messen zu erleichtern, stellt der Bund finanzielle Zusch\u00fcsse und Verg\u00fcnstigungen zur Verf\u00fcgung. Diese k\u00f6nnen sowohl f\u00fcr nationale Fachmessen als auch f\u00fcr internationale Messeauftritte beantragt werden. Die F\u00f6rderungen decken in der Regel Anteile an der Standmiete, dem Standbau sowie an organisatorischen Nebenkosten ab. Gerade bei Investitionen in <a title=\"Messestand\" href=\"https:\/\/www.displayhersteller.de\/de\/messestaende-sets\">modulare Messestand-L\u00f6sungen<\/a> oder <a title=\"mobile Messest\u00e4nde\" href=\"https:\/\/www.displayhersteller.de\/de\/messestaende-sets\/mobiler-messestand\">mobile Messest\u00e4nde<\/a> f\u00fcr gef\u00f6rderte Messeauftritte kann eine gezielte Messef\u00f6rderung die Budgetplanung erheblich entlasten.<\/p>\n<p data-start=\"1050\" data-end=\"1265\">Allerdings unterscheiden sich die Programme je nach Veranstaltungsart und Zielgruppe. Daher lohnt sich ein genauer Blick auf die verschiedenen <strong data-start=\"1193\" data-end=\"1228\">Messef\u00f6rderungen in Deutschland<\/strong> und ihre jeweiligen Voraussetzungen.<\/p>\n[\/vc_column_text][\/vc_column][\/vc_row][vc_row type=&#8221;in_container&#8221; full_screen_row_position=&#8221;middle&#8221; column_margin=&#8221;default&#8221; column_direction=&#8221;default&#8221; column_direction_tablet=&#8221;default&#8221; column_direction_phone=&#8221;default&#8221; scene_position=&#8221;center&#8221; text_color=&#8221;dark&#8221; text_align=&#8221;left&#8221; row_border_radius=&#8221;none&#8221; row_border_radius_applies=&#8221;bg&#8221; overflow=&#8221;visible&#8221; overlay_strength=&#8221;0.3&#8243; gradient_direction=&#8221;left_to_right&#8221; shape_divider_position=&#8221;bottom&#8221; bg_image_animation=&#8221;none&#8221;][vc_column column_padding=&#8221;no-extra-padding&#8221; column_padding_tablet=&#8221;inherit&#8221; column_padding_phone=&#8221;inherit&#8221; column_padding_position=&#8221;all&#8221; column_element_direction_desktop=&#8221;default&#8221; column_element_spacing=&#8221;default&#8221; desktop_text_alignment=&#8221;default&#8221; tablet_text_alignment=&#8221;default&#8221; phone_text_alignment=&#8221;default&#8221; background_color_opacity=&#8221;1&#8243; background_hover_color_opacity=&#8221;1&#8243; column_backdrop_filter=&#8221;none&#8221; column_shadow=&#8221;none&#8221; column_border_radius=&#8221;none&#8221; column_link_target=&#8221;_self&#8221; column_position=&#8221;default&#8221; gradient_direction=&#8221;left_to_right&#8221; overlay_strength=&#8221;0.3&#8243; width=&#8221;1\/1&#8243; tablet_width_inherit=&#8221;default&#8221; animation_type=&#8221;default&#8221; bg_image_animation=&#8221;none&#8221; border_type=&#8221;simple&#8221; column_border_width=&#8221;none&#8221; column_border_style=&#8221;solid&#8221;][vc_column_text]\n<h2 data-start=\"0\" data-end=\"37\"><span class=\"ez-toc-section\" id=\"Foerderung_durch_die_Bundeslaender\"><\/span>F\u00f6rderung durch die Bundesl\u00e4nder<span class=\"ez-toc-section-end\"><\/span><\/h2>\n<p data-start=\"39\" data-end=\"332\">Auch die <strong data-start=\"48\" data-end=\"64\">Bundesl\u00e4nder<\/strong> unterst\u00fctzen Unternehmen bei der Teilnahme an <strong data-start=\"111\" data-end=\"136\">Messen in Deutschland<\/strong>. Die Programme richten sich in erster Linie an <strong data-start=\"184\" data-end=\"225\">kleine und mittlere Unternehmen (KMU)<\/strong> mit Sitz im jeweiligen Bundesland und f\u00f6rdern meist die Teilnahme an <strong data-start=\"295\" data-end=\"329\">Fachmessen bestimmter Branchen<\/strong>.<\/p>\n<p data-start=\"334\" data-end=\"457\">Da die Richtlinien und F\u00f6rderh\u00f6hen von Land zu Land variieren, lohnt sich ein genauer Blick auf die jeweiligen Programme.<\/p>\n<p data-start=\"459\" data-end=\"636\" data-is-last-node=\"\" data-is-only-node=\"\">Hier finden Sie Informationen zu den Messef\u00f6rderungen der einzelnen Bundesl\u00e4nder \u2013 w\u00e4hlen Sie Ihr Bundesland, um Details zu den aktuellen F\u00f6rderm\u00f6glichkeiten zu erhalten.<\/p>\n[\/vc_column_text][\/vc_column][\/vc_row][vc_row type=&#8221;in_container&#8221; full_screen_row_position=&#8221;middle&#8221; column_margin=&#8221;default&#8221; column_direction=&#8221;default&#8221; column_direction_tablet=&#8221;default&#8221; column_direction_phone=&#8221;default&#8221; scene_position=&#8221;center&#8221; text_color=&#8221;dark&#8221; text_align=&#8221;left&#8221; row_border_radius=&#8221;none&#8221; row_border_radius_applies=&#8221;bg&#8221; overflow=&#8221;visible&#8221; overlay_strength=&#8221;0.3&#8243; gradient_direction=&#8221;left_to_right&#8221; shape_divider_position=&#8221;bottom&#8221; bg_image_animation=&#8221;none&#8221;][vc_column column_padding=&#8221;no-extra-padding&#8221; column_padding_tablet=&#8221;inherit&#8221; column_padding_phone=&#8221;inherit&#8221; column_padding_position=&#8221;all&#8221; column_element_direction_desktop=&#8221;default&#8221; column_element_spacing=&#8221;default&#8221; desktop_text_alignment=&#8221;center&#8221; tablet_text_alignment=&#8221;default&#8221; phone_text_alignment=&#8221;default&#8221; background_color_opacity=&#8221;1&#8243; background_hover_color_opacity=&#8221;1&#8243; column_backdrop_filter=&#8221;none&#8221; column_shadow=&#8221;none&#8221; column_border_radius=&#8221;none&#8221; column_link_target=&#8221;_self&#8221; column_position=&#8221;default&#8221; gradient_direction=&#8221;left_to_right&#8221; overlay_strength=&#8221;0.3&#8243; width=&#8221;1\/4&#8243; tablet_width_inherit=&#8221;default&#8221; animation_type=&#8221;default&#8221; bg_image_animation=&#8221;none&#8221; border_type=&#8221;simple&#8221; column_border_width=&#8221;none&#8221; column_border_style=&#8221;solid&#8221; column_padding_type=&#8221;default&#8221; gradient_type=&#8221;default&#8221;][nectar_btn size=&#8221;jumbo&#8221; button_style=&#8221;regular&#8221; button_color_2=&#8221;Accent-Color&#8221; icon_family=&#8221;none&#8221; text=&#8221;Baden-W\u00fcrttemberg&#8221; url=&#8221;https:\/\/www.auma.de\/ausstellen\/in-deutschland-ausstellen\/foerderungen\/baden-wuerttemberg\/&#8221;][\/vc_column][vc_column column_padding=&#8221;no-extra-padding&#8221; column_padding_tablet=&#8221;inherit&#8221; column_padding_phone=&#8221;inherit&#8221; column_padding_position=&#8221;all&#8221; column_element_direction_desktop=&#8221;default&#8221; column_element_spacing=&#8221;default&#8221; desktop_text_alignment=&#8221;default&#8221; tablet_text_alignment=&#8221;default&#8221; phone_text_alignment=&#8221;default&#8221; background_color_opacity=&#8221;1&#8243; background_hover_color_opacity=&#8221;1&#8243; column_backdrop_filter=&#8221;none&#8221; column_shadow=&#8221;none&#8221; column_border_radius=&#8221;none&#8221; column_link_target=&#8221;_self&#8221; column_position=&#8221;default&#8221; gradient_direction=&#8221;left_to_right&#8221; overlay_strength=&#8221;0.3&#8243; width=&#8221;1\/4&#8243; tablet_width_inherit=&#8221;default&#8221; animation_type=&#8221;default&#8221; bg_image_animation=&#8221;none&#8221; border_type=&#8221;simple&#8221; column_border_width=&#8221;none&#8221; column_border_style=&#8221;solid&#8221;][nectar_btn size=&#8221;jumbo&#8221; button_style=&#8221;regular&#8221; button_color_2=&#8221;Accent-Color&#8221; icon_family=&#8221;none&#8221; text=&#8221;Bundesland Bayern&#8221; url=&#8221;https:\/\/www.auma.de\/ausstellen\/in-deutschland-ausstellen\/foerderungen\/bayern\/&#8221;][\/vc_column][vc_column column_padding=&#8221;no-extra-padding&#8221; column_padding_tablet=&#8221;inherit&#8221; column_padding_phone=&#8221;inherit&#8221; column_padding_position=&#8221;all&#8221; column_element_direction_desktop=&#8221;default&#8221; column_element_spacing=&#8221;default&#8221; desktop_text_alignment=&#8221;default&#8221; tablet_text_alignment=&#8221;default&#8221; phone_text_alignment=&#8221;default&#8221; background_color_opacity=&#8221;1&#8243; background_hover_color_opacity=&#8221;1&#8243; column_backdrop_filter=&#8221;none&#8221; column_shadow=&#8221;none&#8221; column_border_radius=&#8221;none&#8221; column_link_target=&#8221;_self&#8221; column_position=&#8221;default&#8221; gradient_direction=&#8221;left_to_right&#8221; overlay_strength=&#8221;0.3&#8243; width=&#8221;1\/4&#8243; tablet_width_inherit=&#8221;default&#8221; animation_type=&#8221;default&#8221; bg_image_animation=&#8221;none&#8221; border_type=&#8221;simple&#8221; column_border_width=&#8221;none&#8221; column_border_style=&#8221;solid&#8221;][nectar_btn size=&#8221;jumbo&#8221; button_style=&#8221;regular&#8221; button_color_2=&#8221;Accent-Color&#8221; icon_family=&#8221;none&#8221; text=&#8221;Bundesland Berlin&#8221; url=&#8221;https:\/\/www.auma.de\/ausstellen\/in-deutschland-ausstellen\/foerderungen\/berlin\/&#8221;][\/vc_column][vc_column column_padding=&#8221;no-extra-padding&#8221; column_padding_tablet=&#8221;inherit&#8221; column_padding_phone=&#8221;inherit&#8221; column_padding_position=&#8221;all&#8221; column_element_direction_desktop=&#8221;default&#8221; column_element_spacing=&#8221;default&#8221; desktop_text_alignment=&#8221;default&#8221; tablet_text_alignment=&#8221;default&#8221; phone_text_alignment=&#8221;default&#8221; background_color_opacity=&#8221;1&#8243; background_hover_color_opacity=&#8221;1&#8243; column_backdrop_filter=&#8221;none&#8221; column_shadow=&#8221;none&#8221; column_border_radius=&#8221;none&#8221; column_link_target=&#8221;_self&#8221; column_position=&#8221;default&#8221; gradient_direction=&#8221;left_to_right&#8221; overlay_strength=&#8221;0.3&#8243; width=&#8221;1\/4&#8243; tablet_width_inherit=&#8221;default&#8221; animation_type=&#8221;default&#8221; bg_image_animation=&#8221;none&#8221; border_type=&#8221;simple&#8221; column_border_width=&#8221;none&#8221; column_border_style=&#8221;solid&#8221;][nectar_btn size=&#8221;jumbo&#8221; button_style=&#8221;regular&#8221; button_color_2=&#8221;Accent-Color&#8221; icon_family=&#8221;none&#8221; text=&#8221;Bundesland Brandenburg&#8221; url=&#8221;https:\/\/www.auma.de\/ausstellen\/in-deutschland-ausstellen\/foerderungen\/brandenburg\/&#8221;][\/vc_column][\/vc_row][vc_row type=&#8221;in_container&#8221; full_screen_row_position=&#8221;middle&#8221; column_margin=&#8221;default&#8221; column_direction=&#8221;default&#8221; column_direction_tablet=&#8221;default&#8221; column_direction_phone=&#8221;default&#8221; scene_position=&#8221;center&#8221; text_color=&#8221;dark&#8221; text_align=&#8221;left&#8221; row_border_radius=&#8221;none&#8221; row_border_radius_applies=&#8221;bg&#8221; overflow=&#8221;visible&#8221; overlay_strength=&#8221;0.3&#8243; gradient_direction=&#8221;left_to_right&#8221; shape_divider_position=&#8221;bottom&#8221; bg_image_animation=&#8221;none&#8221;][vc_column column_padding=&#8221;no-extra-padding&#8221; column_padding_tablet=&#8221;inherit&#8221; column_padding_phone=&#8221;inherit&#8221; column_padding_position=&#8221;all&#8221; column_element_direction_desktop=&#8221;default&#8221; column_element_spacing=&#8221;default&#8221; desktop_text_alignment=&#8221;center&#8221; tablet_text_alignment=&#8221;default&#8221; phone_text_alignment=&#8221;default&#8221; background_color_opacity=&#8221;1&#8243; background_hover_color_opacity=&#8221;1&#8243; column_backdrop_filter=&#8221;none&#8221; column_shadow=&#8221;none&#8221; column_border_radius=&#8221;none&#8221; column_link_target=&#8221;_self&#8221; column_position=&#8221;default&#8221; gradient_direction=&#8221;left_to_right&#8221; overlay_strength=&#8221;0.3&#8243; width=&#8221;1\/4&#8243; tablet_width_inherit=&#8221;default&#8221; animation_type=&#8221;default&#8221; bg_image_animation=&#8221;none&#8221; border_type=&#8221;simple&#8221; column_border_width=&#8221;none&#8221; column_border_style=&#8221;solid&#8221; column_padding_type=&#8221;default&#8221; gradient_type=&#8221;default&#8221;][nectar_btn size=&#8221;jumbo&#8221; button_style=&#8221;regular&#8221; button_color_2=&#8221;Accent-Color&#8221; icon_family=&#8221;none&#8221; text=&#8221;Bundesland Bremen&#8221; url=&#8221;https:\/\/www.auma.de\/ausstellen\/in-deutschland-ausstellen\/foerderungen\/bremen\/&#8221;][\/vc_column][vc_column column_padding=&#8221;no-extra-padding&#8221; column_padding_tablet=&#8221;inherit&#8221; column_padding_phone=&#8221;inherit&#8221; column_padding_position=&#8221;all&#8221; column_element_direction_desktop=&#8221;default&#8221; column_element_spacing=&#8221;default&#8221; desktop_text_alignment=&#8221;default&#8221; tablet_text_alignment=&#8221;default&#8221; phone_text_alignment=&#8221;default&#8221; background_color_opacity=&#8221;1&#8243; background_hover_color_opacity=&#8221;1&#8243; column_backdrop_filter=&#8221;none&#8221; column_shadow=&#8221;none&#8221; column_border_radius=&#8221;none&#8221; column_link_target=&#8221;_self&#8221; column_position=&#8221;default&#8221; gradient_direction=&#8221;left_to_right&#8221; overlay_strength=&#8221;0.3&#8243; width=&#8221;1\/4&#8243; tablet_width_inherit=&#8221;default&#8221; animation_type=&#8221;default&#8221; bg_image_animation=&#8221;none&#8221; border_type=&#8221;simple&#8221; column_border_width=&#8221;none&#8221; column_border_style=&#8221;solid&#8221;][nectar_btn size=&#8221;jumbo&#8221; button_style=&#8221;regular&#8221; button_color_2=&#8221;Accent-Color&#8221; icon_family=&#8221;none&#8221; text=&#8221;Bundesland Hamburg&#8221; url=&#8221;https:\/\/www.auma.de\/ausstellen\/in-deutschland-ausstellen\/foerderungen\/hamburg-1\/&#8221;][\/vc_column][vc_column column_padding=&#8221;no-extra-padding&#8221; column_padding_tablet=&#8221;inherit&#8221; column_padding_phone=&#8221;inherit&#8221; column_padding_position=&#8221;all&#8221; column_element_direction_desktop=&#8221;default&#8221; column_element_spacing=&#8221;default&#8221; desktop_text_alignment=&#8221;default&#8221; tablet_text_alignment=&#8221;default&#8221; phone_text_alignment=&#8221;default&#8221; background_color_opacity=&#8221;1&#8243; background_hover_color_opacity=&#8221;1&#8243; column_backdrop_filter=&#8221;none&#8221; column_shadow=&#8221;none&#8221; column_border_radius=&#8221;none&#8221; column_link_target=&#8221;_self&#8221; column_position=&#8221;default&#8221; gradient_direction=&#8221;left_to_right&#8221; overlay_strength=&#8221;0.3&#8243; width=&#8221;1\/4&#8243; tablet_width_inherit=&#8221;default&#8221; animation_type=&#8221;default&#8221; bg_image_animation=&#8221;none&#8221; border_type=&#8221;simple&#8221; column_border_width=&#8221;none&#8221; column_border_style=&#8221;solid&#8221;][nectar_btn size=&#8221;jumbo&#8221; button_style=&#8221;regular&#8221; button_color_2=&#8221;Accent-Color&#8221; icon_family=&#8221;none&#8221; text=&#8221;Bundesland Hessen&#8221; url=&#8221;https:\/\/www.auma.de\/ausstellen\/in-deutschland-ausstellen\/foerderungen\/hessen\/&#8221;][\/vc_column][vc_column column_padding=&#8221;no-extra-padding&#8221; column_padding_tablet=&#8221;inherit&#8221; column_padding_phone=&#8221;inherit&#8221; column_padding_position=&#8221;all&#8221; column_element_direction_desktop=&#8221;default&#8221; column_element_spacing=&#8221;default&#8221; desktop_text_alignment=&#8221;default&#8221; tablet_text_alignment=&#8221;default&#8221; phone_text_alignment=&#8221;default&#8221; background_color_opacity=&#8221;1&#8243; background_hover_color_opacity=&#8221;1&#8243; column_backdrop_filter=&#8221;none&#8221; column_shadow=&#8221;none&#8221; column_border_radius=&#8221;none&#8221; column_link_target=&#8221;_self&#8221; column_position=&#8221;default&#8221; gradient_direction=&#8221;left_to_right&#8221; overlay_strength=&#8221;0.3&#8243; width=&#8221;1\/4&#8243; tablet_width_inherit=&#8221;default&#8221; animation_type=&#8221;default&#8221; bg_image_animation=&#8221;none&#8221; border_type=&#8221;simple&#8221; column_border_width=&#8221;none&#8221; column_border_style=&#8221;solid&#8221;][nectar_btn size=&#8221;jumbo&#8221; button_style=&#8221;regular&#8221; button_color_2=&#8221;Accent-Color&#8221; icon_family=&#8221;none&#8221; text=&#8221;Mecklenburg-Vorpommern&#8221; url=&#8221;https:\/\/www.auma.de\/ausstellen\/in-deutschland-ausstellen\/foerderungen\/mecklenburg-vorpommern\/&#8221;][\/vc_column][\/vc_row][vc_row type=&#8221;in_container&#8221; full_screen_row_position=&#8221;middle&#8221; column_margin=&#8221;default&#8221; column_direction=&#8221;default&#8221; column_direction_tablet=&#8221;default&#8221; column_direction_phone=&#8221;default&#8221; scene_position=&#8221;center&#8221; text_color=&#8221;dark&#8221; text_align=&#8221;left&#8221; row_border_radius=&#8221;none&#8221; row_border_radius_applies=&#8221;bg&#8221; overflow=&#8221;visible&#8221; overlay_strength=&#8221;0.3&#8243; gradient_direction=&#8221;left_to_right&#8221; shape_divider_position=&#8221;bottom&#8221; bg_image_animation=&#8221;none&#8221;][vc_column column_padding=&#8221;no-extra-padding&#8221; column_padding_tablet=&#8221;inherit&#8221; column_padding_phone=&#8221;inherit&#8221; column_padding_position=&#8221;all&#8221; column_element_direction_desktop=&#8221;default&#8221; column_element_spacing=&#8221;default&#8221; desktop_text_alignment=&#8221;center&#8221; tablet_text_alignment=&#8221;default&#8221; phone_text_alignment=&#8221;default&#8221; background_color_opacity=&#8221;1&#8243; background_hover_color_opacity=&#8221;1&#8243; column_backdrop_filter=&#8221;none&#8221; column_shadow=&#8221;none&#8221; column_border_radius=&#8221;none&#8221; column_link_target=&#8221;_self&#8221; column_position=&#8221;default&#8221; gradient_direction=&#8221;left_to_right&#8221; overlay_strength=&#8221;0.3&#8243; width=&#8221;1\/4&#8243; tablet_width_inherit=&#8221;default&#8221; animation_type=&#8221;default&#8221; bg_image_animation=&#8221;none&#8221; border_type=&#8221;simple&#8221; column_border_width=&#8221;none&#8221; column_border_style=&#8221;solid&#8221; column_padding_type=&#8221;default&#8221; gradient_type=&#8221;default&#8221;][nectar_btn size=&#8221;jumbo&#8221; button_style=&#8221;regular&#8221; button_color_2=&#8221;Accent-Color&#8221; icon_family=&#8221;none&#8221; text=&#8221;Bundesland Niedersachsen&#8221; url=&#8221;https:\/\/www.auma.de\/ausstellen\/in-deutschland-ausstellen\/foerderungen\/niedersachsen\/&#8221;][\/vc_column][vc_column column_padding=&#8221;no-extra-padding&#8221; column_padding_tablet=&#8221;inherit&#8221; column_padding_phone=&#8221;inherit&#8221; column_padding_position=&#8221;all&#8221; column_element_direction_desktop=&#8221;default&#8221; column_element_spacing=&#8221;default&#8221; desktop_text_alignment=&#8221;default&#8221; tablet_text_alignment=&#8221;default&#8221; phone_text_alignment=&#8221;default&#8221; background_color_opacity=&#8221;1&#8243; background_hover_color_opacity=&#8221;1&#8243; column_backdrop_filter=&#8221;none&#8221; column_shadow=&#8221;none&#8221; column_border_radius=&#8221;none&#8221; column_link_target=&#8221;_self&#8221; column_position=&#8221;default&#8221; gradient_direction=&#8221;left_to_right&#8221; overlay_strength=&#8221;0.3&#8243; width=&#8221;1\/4&#8243; tablet_width_inherit=&#8221;default&#8221; animation_type=&#8221;default&#8221; bg_image_animation=&#8221;none&#8221; border_type=&#8221;simple&#8221; column_border_width=&#8221;none&#8221; column_border_style=&#8221;solid&#8221;][nectar_btn size=&#8221;jumbo&#8221; button_style=&#8221;regular&#8221; button_color_2=&#8221;Accent-Color&#8221; icon_family=&#8221;none&#8221; text=&#8221;Nordrhein-Westfalen&#8221; url=&#8221;https:\/\/www.auma.de\/ausstellen\/in-deutschland-ausstellen\/foerderungen\/nordrhein-westfalen\/&#8221;][\/vc_column][vc_column column_padding=&#8221;no-extra-padding&#8221; column_padding_tablet=&#8221;inherit&#8221; column_padding_phone=&#8221;inherit&#8221; column_padding_position=&#8221;all&#8221; column_element_direction_desktop=&#8221;default&#8221; column_element_spacing=&#8221;default&#8221; desktop_text_alignment=&#8221;default&#8221; tablet_text_alignment=&#8221;default&#8221; phone_text_alignment=&#8221;default&#8221; background_color_opacity=&#8221;1&#8243; background_hover_color_opacity=&#8221;1&#8243; column_backdrop_filter=&#8221;none&#8221; column_shadow=&#8221;none&#8221; column_border_radius=&#8221;none&#8221; column_link_target=&#8221;_self&#8221; column_position=&#8221;default&#8221; gradient_direction=&#8221;left_to_right&#8221; overlay_strength=&#8221;0.3&#8243; width=&#8221;1\/4&#8243; tablet_width_inherit=&#8221;default&#8221; animation_type=&#8221;default&#8221; bg_image_animation=&#8221;none&#8221; border_type=&#8221;simple&#8221; column_border_width=&#8221;none&#8221; column_border_style=&#8221;solid&#8221;][nectar_btn size=&#8221;jumbo&#8221; button_style=&#8221;regular&#8221; button_color_2=&#8221;Accent-Color&#8221; icon_family=&#8221;none&#8221; text=&#8221;Rheinland-Pfalz&#8221; url=&#8221;https:\/\/www.auma.de\/ausstellen\/in-deutschland-ausstellen\/foerderungen\/rheinland-pfalz\/&#8221;][\/vc_column][vc_column column_padding=&#8221;no-extra-padding&#8221; column_padding_tablet=&#8221;inherit&#8221; column_padding_phone=&#8221;inherit&#8221; column_padding_position=&#8221;all&#8221; column_element_direction_desktop=&#8221;default&#8221; column_element_spacing=&#8221;default&#8221; desktop_text_alignment=&#8221;default&#8221; tablet_text_alignment=&#8221;default&#8221; phone_text_alignment=&#8221;default&#8221; background_color_opacity=&#8221;1&#8243; background_hover_color_opacity=&#8221;1&#8243; column_backdrop_filter=&#8221;none&#8221; column_shadow=&#8221;none&#8221; column_border_radius=&#8221;none&#8221; column_link_target=&#8221;_self&#8221; column_position=&#8221;default&#8221; gradient_direction=&#8221;left_to_right&#8221; overlay_strength=&#8221;0.3&#8243; width=&#8221;1\/4&#8243; tablet_width_inherit=&#8221;default&#8221; animation_type=&#8221;default&#8221; bg_image_animation=&#8221;none&#8221; border_type=&#8221;simple&#8221; column_border_width=&#8221;none&#8221; column_border_style=&#8221;solid&#8221;][nectar_btn size=&#8221;jumbo&#8221; button_style=&#8221;regular&#8221; button_color_2=&#8221;Accent-Color&#8221; icon_family=&#8221;none&#8221; text=&#8221;Bundesland Saarland&#8221; url=&#8221;https:\/\/www.auma.de\/ausstellen\/in-deutschland-ausstellen\/foerderungen\/saarland\/&#8221;][\/vc_column][\/vc_row][vc_row type=&#8221;in_container&#8221; full_screen_row_position=&#8221;middle&#8221; column_margin=&#8221;default&#8221; column_direction=&#8221;default&#8221; column_direction_tablet=&#8221;default&#8221; column_direction_phone=&#8221;default&#8221; scene_position=&#8221;center&#8221; text_color=&#8221;dark&#8221; text_align=&#8221;left&#8221; row_border_radius=&#8221;none&#8221; row_border_radius_applies=&#8221;bg&#8221; overflow=&#8221;visible&#8221; overlay_strength=&#8221;0.3&#8243; gradient_direction=&#8221;left_to_right&#8221; shape_divider_position=&#8221;bottom&#8221; bg_image_animation=&#8221;none&#8221;][vc_column column_padding=&#8221;no-extra-padding&#8221; column_padding_tablet=&#8221;inherit&#8221; column_padding_phone=&#8221;inherit&#8221; column_padding_position=&#8221;all&#8221; column_element_direction_desktop=&#8221;default&#8221; column_element_spacing=&#8221;default&#8221; desktop_text_alignment=&#8221;center&#8221; tablet_text_alignment=&#8221;default&#8221; phone_text_alignment=&#8221;default&#8221; background_color_opacity=&#8221;1&#8243; background_hover_color_opacity=&#8221;1&#8243; column_backdrop_filter=&#8221;none&#8221; column_shadow=&#8221;none&#8221; column_border_radius=&#8221;none&#8221; column_link_target=&#8221;_self&#8221; column_position=&#8221;default&#8221; gradient_direction=&#8221;left_to_right&#8221; overlay_strength=&#8221;0.3&#8243; width=&#8221;1\/4&#8243; tablet_width_inherit=&#8221;default&#8221; animation_type=&#8221;default&#8221; bg_image_animation=&#8221;none&#8221; border_type=&#8221;simple&#8221; column_border_width=&#8221;none&#8221; column_border_style=&#8221;solid&#8221; column_padding_type=&#8221;default&#8221; gradient_type=&#8221;default&#8221;][nectar_btn size=&#8221;jumbo&#8221; button_style=&#8221;regular&#8221; button_color_2=&#8221;Accent-Color&#8221; icon_family=&#8221;none&#8221; text=&#8221;Bundesland Sachsen&#8221; url=&#8221;https:\/\/www.auma.de\/ausstellen\/in-deutschland-ausstellen\/foerderungen\/sachsen\/&#8221;][\/vc_column][vc_column column_padding=&#8221;no-extra-padding&#8221; column_padding_tablet=&#8221;inherit&#8221; column_padding_phone=&#8221;inherit&#8221; column_padding_position=&#8221;all&#8221; column_element_direction_desktop=&#8221;default&#8221; column_element_spacing=&#8221;default&#8221; desktop_text_alignment=&#8221;default&#8221; tablet_text_alignment=&#8221;default&#8221; phone_text_alignment=&#8221;default&#8221; background_color_opacity=&#8221;1&#8243; background_hover_color_opacity=&#8221;1&#8243; column_backdrop_filter=&#8221;none&#8221; column_shadow=&#8221;none&#8221; column_border_radius=&#8221;none&#8221; column_link_target=&#8221;_self&#8221; column_position=&#8221;default&#8221; gradient_direction=&#8221;left_to_right&#8221; overlay_strength=&#8221;0.3&#8243; width=&#8221;1\/4&#8243; tablet_width_inherit=&#8221;default&#8221; animation_type=&#8221;default&#8221; bg_image_animation=&#8221;none&#8221; border_type=&#8221;simple&#8221; column_border_width=&#8221;none&#8221; column_border_style=&#8221;solid&#8221;][nectar_btn size=&#8221;jumbo&#8221; button_style=&#8221;regular&#8221; button_color_2=&#8221;Accent-Color&#8221; icon_family=&#8221;none&#8221; text=&#8221;Sachsen-Anhalt&#8221; url=&#8221;https:\/\/www.auma.de\/ausstellen\/in-deutschland-ausstellen\/foerderungen\/sachsen-anhalt\/&#8221;][\/vc_column][vc_column column_padding=&#8221;no-extra-padding&#8221; column_padding_tablet=&#8221;inherit&#8221; column_padding_phone=&#8221;inherit&#8221; column_padding_position=&#8221;all&#8221; column_element_direction_desktop=&#8221;default&#8221; column_element_spacing=&#8221;default&#8221; desktop_text_alignment=&#8221;default&#8221; tablet_text_alignment=&#8221;default&#8221; phone_text_alignment=&#8221;default&#8221; background_color_opacity=&#8221;1&#8243; background_hover_color_opacity=&#8221;1&#8243; column_backdrop_filter=&#8221;none&#8221; column_shadow=&#8221;none&#8221; column_border_radius=&#8221;none&#8221; column_link_target=&#8221;_self&#8221; column_position=&#8221;default&#8221; gradient_direction=&#8221;left_to_right&#8221; overlay_strength=&#8221;0.3&#8243; width=&#8221;1\/4&#8243; tablet_width_inherit=&#8221;default&#8221; animation_type=&#8221;default&#8221; bg_image_animation=&#8221;none&#8221; border_type=&#8221;simple&#8221; column_border_width=&#8221;none&#8221; column_border_style=&#8221;solid&#8221;][nectar_btn size=&#8221;jumbo&#8221; button_style=&#8221;regular&#8221; button_color_2=&#8221;Accent-Color&#8221; icon_family=&#8221;none&#8221; text=&#8221;Schleswig-Holstein&#8221; url=&#8221;https:\/\/www.auma.de\/ausstellen\/in-deutschland-ausstellen\/foerderungen\/niedersachsen\/&#8221;][\/vc_column][vc_column column_padding=&#8221;no-extra-padding&#8221; column_padding_tablet=&#8221;inherit&#8221; column_padding_phone=&#8221;inherit&#8221; column_padding_position=&#8221;all&#8221; column_element_direction_desktop=&#8221;default&#8221; column_element_spacing=&#8221;default&#8221; desktop_text_alignment=&#8221;default&#8221; tablet_text_alignment=&#8221;default&#8221; phone_text_alignment=&#8221;default&#8221; background_color_opacity=&#8221;1&#8243; background_hover_color_opacity=&#8221;1&#8243; column_backdrop_filter=&#8221;none&#8221; column_shadow=&#8221;none&#8221; column_border_radius=&#8221;none&#8221; column_link_target=&#8221;_self&#8221; column_position=&#8221;default&#8221; gradient_direction=&#8221;left_to_right&#8221; overlay_strength=&#8221;0.3&#8243; width=&#8221;1\/4&#8243; tablet_width_inherit=&#8221;default&#8221; animation_type=&#8221;default&#8221; bg_image_animation=&#8221;none&#8221; border_type=&#8221;simple&#8221; column_border_width=&#8221;none&#8221; column_border_style=&#8221;solid&#8221;][nectar_btn size=&#8221;jumbo&#8221; button_style=&#8221;regular&#8221; button_color_2=&#8221;Accent-Color&#8221; icon_family=&#8221;none&#8221; text=&#8221;Bundesland Th\u00fcringen&#8221; url=&#8221;https:\/\/www.auma.de\/ausstellen\/in-deutschland-ausstellen\/foerderungen\/thueringen\/&#8221;][\/vc_column][\/vc_row][vc_row type=&#8221;in_container&#8221; full_screen_row_position=&#8221;middle&#8221; column_margin=&#8221;default&#8221; column_direction=&#8221;default&#8221; column_direction_tablet=&#8221;default&#8221; column_direction_phone=&#8221;default&#8221; scene_position=&#8221;center&#8221; text_color=&#8221;dark&#8221; text_align=&#8221;left&#8221; row_border_radius=&#8221;none&#8221; row_border_radius_applies=&#8221;bg&#8221; overflow=&#8221;visible&#8221; overlay_strength=&#8221;0.3&#8243; gradient_direction=&#8221;left_to_right&#8221; shape_divider_position=&#8221;bottom&#8221; bg_image_animation=&#8221;none&#8221;][vc_column column_padding=&#8221;no-extra-padding&#8221; column_padding_tablet=&#8221;inherit&#8221; column_padding_phone=&#8221;inherit&#8221; column_padding_position=&#8221;all&#8221; column_element_direction_desktop=&#8221;default&#8221; column_element_spacing=&#8221;default&#8221; desktop_text_alignment=&#8221;default&#8221; tablet_text_alignment=&#8221;default&#8221; phone_text_alignment=&#8221;default&#8221; background_color_opacity=&#8221;1&#8243; background_hover_color_opacity=&#8221;1&#8243; column_backdrop_filter=&#8221;none&#8221; column_shadow=&#8221;none&#8221; column_border_radius=&#8221;none&#8221; column_link_target=&#8221;_self&#8221; column_position=&#8221;default&#8221; gradient_direction=&#8221;left_to_right&#8221; overlay_strength=&#8221;0.3&#8243; width=&#8221;1\/2&#8243; tablet_width_inherit=&#8221;default&#8221; animation_type=&#8221;default&#8221; bg_image_animation=&#8221;none&#8221; border_type=&#8221;simple&#8221; column_border_width=&#8221;none&#8221; column_border_style=&#8221;solid&#8221;][vc_column_text]\n<h3 data-start=\"2270\" data-end=\"2303\"><span class=\"ez-toc-section\" id=\"Umfang_und_Hoehe_der_Foerderung\"><\/span>Umfang und H\u00f6he der F\u00f6rderung<span class=\"ez-toc-section-end\"><\/span><\/h3>\n<p data-start=\"2305\" data-end=\"2361\">Gef\u00f6rdert werden in der Regel folgende Kostenpositionen:<\/p>\n<ul data-start=\"2363\" data-end=\"2632\">\n<li data-start=\"2363\" data-end=\"2437\">\n<p data-start=\"2365\" data-end=\"2437\"><strong data-start=\"2365\" data-end=\"2398\">Standmiete und Standbaukosten<\/strong> innerhalb eines Gemeinschaftsstandes<\/p>\n<\/li>\n<li data-start=\"2438\" data-end=\"2498\">\n<p data-start=\"2440\" data-end=\"2498\"><strong data-start=\"2440\" data-end=\"2477\">Design- und Gestaltungsleistungen f\u00fcr den Messestand, einschlie\u00dflich <a title=\"Gro\u00dfformatdruck\" href=\"https:\/\/www.displayhersteller.de\/de\/grossformatdruck\">professioneller Gro\u00dfformatdrucke<\/a> f\u00fcr Messegrafiken<\/strong><\/p>\n<\/li>\n<li data-start=\"2499\" data-end=\"2579\">\n<p data-start=\"2501\" data-end=\"2579\"><strong data-start=\"2501\" data-end=\"2559\">Mietkosten f\u00fcr Pr\u00e4sentationen oder Fachveranstaltungen<\/strong> w\u00e4hrend der Messe<\/p>\n<\/li>\n<li data-start=\"2580\" data-end=\"2632\">\n<p data-start=\"2582\" data-end=\"2632\"><strong data-start=\"2582\" data-end=\"2604\">Verpflegungskosten<\/strong> f\u00fcr Fachbesucher am Stand<\/p>\n<\/li>\n<\/ul>\n<p data-start=\"2634\" data-end=\"2712\">Die F\u00f6rderh\u00f6he richtet sich nach der Anzahl der bisherigen Messebeteiligungen:<\/p>\n<ul data-start=\"2714\" data-end=\"2978\">\n<li data-start=\"2714\" data-end=\"2793\">\n<p data-start=\"2716\" data-end=\"2793\"><strong data-start=\"2716\" data-end=\"2733\">60 % Zuschuss<\/strong> bei den ersten beiden Messeauftritten (Eigenanteil: 40 %)<\/p>\n<\/li>\n<li data-start=\"2794\" data-end=\"2860\">\n<p data-start=\"2796\" data-end=\"2860\"><strong data-start=\"2796\" data-end=\"2813\">50 % Zuschuss<\/strong> ab der dritten Teilnahme (Eigenanteil: 50 %)<\/p>\n<\/li>\n<li data-start=\"2861\" data-end=\"2925\">\n<p data-start=\"2863\" data-end=\"2925\">F\u00f6rderung f\u00fcr maximal <strong data-start=\"2885\" data-end=\"2923\">drei Teilnahmen an derselben Messe<\/strong><\/p>\n<\/li>\n<li data-start=\"2926\" data-end=\"2978\">\n<p data-start=\"2928\" data-end=\"2978\"><strong data-start=\"2928\" data-end=\"2978\">H\u00f6chstbetrag: 7.500 \u20ac pro Messe und Aussteller<\/strong><\/p>\n<\/li>\n<\/ul>\n[\/vc_column_text][\/vc_column][vc_column column_padding=&#8221;no-extra-padding&#8221; column_padding_tablet=&#8221;inherit&#8221; column_padding_phone=&#8221;inherit&#8221; column_padding_position=&#8221;all&#8221; top_margin=&#8221;20&#8243; column_element_direction_desktop=&#8221;default&#8221; column_element_spacing=&#8221;default&#8221; desktop_text_alignment=&#8221;default&#8221; tablet_text_alignment=&#8221;default&#8221; phone_text_alignment=&#8221;default&#8221; background_color_opacity=&#8221;1&#8243; background_hover_color_opacity=&#8221;1&#8243; column_backdrop_filter=&#8221;none&#8221; column_shadow=&#8221;none&#8221; column_border_radius=&#8221;none&#8221; column_link_target=&#8221;_self&#8221; column_position=&#8221;default&#8221; gradient_direction=&#8221;left_to_right&#8221; overlay_strength=&#8221;0.3&#8243; width=&#8221;1\/2&#8243; tablet_width_inherit=&#8221;default&#8221; animation_type=&#8221;default&#8221; bg_image_animation=&#8221;none&#8221; border_type=&#8221;simple&#8221; column_border_width=&#8221;none&#8221; column_border_style=&#8221;solid&#8221; column_padding_type=&#8221;default&#8221; gradient_type=&#8221;default&#8221;][image_with_animation image_url=&#8221;9895&#8243; image_size=&#8221;full&#8221; animation_type=&#8221;entrance&#8221; animation=&#8221;None&#8221; animation_movement_type=&#8221;transform_y&#8221; hover_animation=&#8221;none&#8221; alignment=&#8221;&#8221; border_radius=&#8221;none&#8221; box_shadow=&#8221;none&#8221; image_loading=&#8221;default&#8221; max_width=&#8221;100%&#8221; max_width_mobile=&#8221;default&#8221;][\/vc_column][\/vc_row][vc_row type=&#8221;in_container&#8221; full_screen_row_position=&#8221;middle&#8221; column_margin=&#8221;default&#8221; column_direction=&#8221;default&#8221; column_direction_tablet=&#8221;default&#8221; column_direction_phone=&#8221;default&#8221; scene_position=&#8221;center&#8221; text_color=&#8221;dark&#8221; text_align=&#8221;left&#8221; row_border_radius=&#8221;none&#8221; row_border_radius_applies=&#8221;bg&#8221; overflow=&#8221;visible&#8221; overlay_strength=&#8221;0.3&#8243; gradient_direction=&#8221;left_to_right&#8221; shape_divider_position=&#8221;bottom&#8221; bg_image_animation=&#8221;none&#8221;][vc_column column_padding=&#8221;no-extra-padding&#8221; column_padding_tablet=&#8221;inherit&#8221; column_padding_phone=&#8221;inherit&#8221; column_padding_position=&#8221;all&#8221; column_element_direction_desktop=&#8221;default&#8221; column_element_spacing=&#8221;default&#8221; desktop_text_alignment=&#8221;default&#8221; tablet_text_alignment=&#8221;default&#8221; phone_text_alignment=&#8221;default&#8221; background_color_opacity=&#8221;1&#8243; background_hover_color_opacity=&#8221;1&#8243; column_backdrop_filter=&#8221;none&#8221; column_shadow=&#8221;none&#8221; column_border_radius=&#8221;none&#8221; column_link_target=&#8221;_self&#8221; column_position=&#8221;default&#8221; gradient_direction=&#8221;left_to_right&#8221; overlay_strength=&#8221;0.3&#8243; width=&#8221;1\/1&#8243; tablet_width_inherit=&#8221;default&#8221; animation_type=&#8221;default&#8221; bg_image_animation=&#8221;none&#8221; border_type=&#8221;simple&#8221; column_border_width=&#8221;none&#8221; column_border_style=&#8221;solid&#8221;][vc_column_text]\n<h3 data-start=\"2985\" data-end=\"3035\"><span class=\"ez-toc-section\" id=\"Vorgehen_bei_der_Beantragung_von_Foerdermitteln\"><\/span>Vorgehen bei der Beantragung von F\u00f6rdermitteln<span class=\"ez-toc-section-end\"><\/span><\/h3>\n<ol data-start=\"3037\" data-end=\"3702\">\n<li data-start=\"3037\" data-end=\"3170\">\n<p data-start=\"3040\" data-end=\"3170\"><strong data-start=\"3040\" data-end=\"3060\">Messe ausw\u00e4hlen:<\/strong><br data-start=\"3060\" data-end=\"3063\" \/>Entscheiden Sie zun\u00e4chst, welche Veranstaltung f\u00fcr Ihre Zielgruppe und Branche am besten geeignet ist.<\/p>\n<\/li>\n<li data-start=\"3172\" data-end=\"3286\">\n<p data-start=\"3175\" data-end=\"3286\"><strong data-start=\"3175\" data-end=\"3202\">F\u00f6rderkriterien pr\u00fcfen:<\/strong><br data-start=\"3202\" data-end=\"3205\" \/>\u00dcberpr\u00fcfen Sie, ob die Messe die genannten Voraussetzungen des BMWK erf\u00fcllt.<\/p>\n<\/li>\n<li data-start=\"3288\" data-end=\"3431\">\n<p data-start=\"3291\" data-end=\"3431\"><strong data-start=\"3291\" data-end=\"3313\">Antrag einreichen:<\/strong><br data-start=\"3313\" data-end=\"3316\" \/>Der F\u00f6rderantrag wird beim <strong data-start=\"3346\" data-end=\"3402\">Bundesamt f\u00fcr Wirtschaft und Ausfuhrkontrolle (BAFA)<\/strong> gestellt und dort gepr\u00fcft.<\/p>\n<\/li>\n<li data-start=\"3433\" data-end=\"3529\">\n<p data-start=\"3436\" data-end=\"3529\"><strong data-start=\"3436\" data-end=\"3462\">Entscheidung abwarten:<\/strong><br data-start=\"3462\" data-end=\"3465\" \/>Nach der Pr\u00fcfung erfolgt eine schriftliche Zu- oder Absage.<\/p>\n<\/li>\n<li data-start=\"3531\" data-end=\"3702\">\n<p data-start=\"3534\" data-end=\"3702\"><strong data-start=\"3534\" data-end=\"3558\">Alternativen pr\u00fcfen:<\/strong><br data-start=\"3558\" data-end=\"3561\" \/>Sollte die gew\u00fcnschte Messe nicht f\u00f6rderf\u00e4hig sein, gibt es alternative Programme \u2013 etwa die <strong data-start=\"3657\" data-end=\"3701\">F\u00f6rderung junger innovativer Unternehmen<\/strong>.<\/p>\n<\/li>\n<\/ol>\n[\/vc_column_text][\/vc_column][\/vc_row][vc_row type=&#8221;in_container&#8221; full_screen_row_position=&#8221;middle&#8221; column_margin=&#8221;default&#8221; column_direction=&#8221;default&#8221; column_direction_tablet=&#8221;default&#8221; column_direction_phone=&#8221;default&#8221; scene_position=&#8221;center&#8221; text_color=&#8221;dark&#8221; text_align=&#8221;left&#8221; row_border_radius=&#8221;none&#8221; row_border_radius_applies=&#8221;bg&#8221; overflow=&#8221;visible&#8221; overlay_strength=&#8221;0.3&#8243; gradient_direction=&#8221;left_to_right&#8221; shape_divider_position=&#8221;bottom&#8221; bg_image_animation=&#8221;none&#8221;][vc_column column_padding=&#8221;no-extra-padding&#8221; column_padding_tablet=&#8221;inherit&#8221; column_padding_phone=&#8221;inherit&#8221; column_padding_position=&#8221;all&#8221; column_element_direction_desktop=&#8221;default&#8221; column_element_spacing=&#8221;default&#8221; desktop_text_alignment=&#8221;default&#8221; tablet_text_alignment=&#8221;default&#8221; phone_text_alignment=&#8221;default&#8221; background_color_opacity=&#8221;1&#8243; background_hover_color_opacity=&#8221;1&#8243; column_backdrop_filter=&#8221;none&#8221; column_shadow=&#8221;none&#8221; column_border_radius=&#8221;none&#8221; column_link_target=&#8221;_self&#8221; column_position=&#8221;default&#8221; gradient_direction=&#8221;left_to_right&#8221; overlay_strength=&#8221;0.3&#8243; width=&#8221;1\/1&#8243; tablet_width_inherit=&#8221;default&#8221; animation_type=&#8221;default&#8221; bg_image_animation=&#8221;none&#8221; border_type=&#8221;simple&#8221; column_border_width=&#8221;none&#8221; column_border_style=&#8221;solid&#8221;][vc_column_text]\n<h3 data-start=\"3709\" data-end=\"3756\"><span class=\"ez-toc-section\" id=\"Foerderung_fuer_junge_innovative_Unternehmen\"><\/span>F\u00f6rderung f\u00fcr junge, innovative Unternehmen<span class=\"ez-toc-section-end\"><\/span><\/h3>\n<p data-start=\"3758\" data-end=\"3974\">Das BMWK unterst\u00fctzt gezielt <strong data-start=\"3787\" data-end=\"3834\">Start-ups und kleine Technologieunternehmen<\/strong>, die innovative Produkte, Verfahren oder Dienstleistungen pr\u00e4sentieren.<br data-start=\"3906\" data-end=\"3909\" \/>F\u00f6rderf\u00e4hig sind Betriebe, die folgende Voraussetzungen erf\u00fcllen:<\/p>\n<ul data-start=\"3976\" data-end=\"4311\">\n<li data-start=\"3976\" data-end=\"4020\">\n<p data-start=\"3978\" data-end=\"4020\">Sitz und Gesch\u00e4ftsbetrieb in Deutschland<\/p>\n<\/li>\n<li data-start=\"4021\" data-end=\"4098\">\n<p data-start=\"4023\" data-end=\"4098\">Nachweislich <strong data-start=\"4036\" data-end=\"4096\">neue oder wesentlich verbesserte Produkte oder Verfahren<\/strong><\/p>\n<\/li>\n<li data-start=\"4099\" data-end=\"4173\">\n<p data-start=\"4101\" data-end=\"4173\">Zugeh\u00f6rigkeit zu Industrie, Handwerk oder technischen Dienstleistungen<\/p>\n<\/li>\n<\/ul>\n<p data-start=\"4101\" data-end=\"4173\"><strong>Unternehmen nach EU-Definition:<\/strong><\/p>\n<ul>\n<li><strong data-start=\"4208\" data-end=\"4234\">unter 50 Mitarbeitende<\/strong>,<\/li>\n<li><strong data-start=\"4236\" data-end=\"4279\">Umsatz oder Bilanzsumme unter 10 Mio. \u20ac<\/strong>,<\/li>\n<li><strong data-start=\"4281\" data-end=\"4311\">weniger als zehn Jahre alt<\/strong><\/li>\n<\/ul>\n<p data-start=\"4313\" data-end=\"4495\">Ziel ist es, junge Unternehmen bei der Markteinf\u00fchrung ihrer Innovationen zu unterst\u00fctzen und deren Wettbewerbsf\u00e4higkeit auf nationalen und internationalen Leitmessen zu st\u00e4rken. Besonders bei technologisch gepr\u00e4gten Pr\u00e4sentationsformen, etwa mit <a title=\"LED Messest\u00e4nde\" href=\"https:\/\/www.displayhersteller.de\/de\/led-werbedisplays\/led-messestaende\">energieeffizienten LED-Messest\u00e4nden<\/a> f\u00fcr innovative Messekonzepte, profitieren innovative Betriebe von einer professionellen und f\u00f6rderf\u00e4higen Messepr\u00e4senz.<\/p>\n[\/vc_column_text][\/vc_column][\/vc_row][vc_row type=&#8221;in_container&#8221; full_screen_row_position=&#8221;middle&#8221; column_margin=&#8221;default&#8221; column_direction=&#8221;default&#8221; column_direction_tablet=&#8221;default&#8221; column_direction_phone=&#8221;default&#8221; scene_position=&#8221;center&#8221; text_color=&#8221;dark&#8221; text_align=&#8221;left&#8221; row_border_radius=&#8221;none&#8221; row_border_radius_applies=&#8221;bg&#8221; overflow=&#8221;visible&#8221; overlay_strength=&#8221;0.3&#8243; gradient_direction=&#8221;left_to_right&#8221; shape_divider_position=&#8221;bottom&#8221; bg_image_animation=&#8221;none&#8221;][vc_column column_padding=&#8221;no-extra-padding&#8221; column_padding_tablet=&#8221;inherit&#8221; column_padding_phone=&#8221;inherit&#8221; column_padding_position=&#8221;all&#8221; column_element_direction_desktop=&#8221;default&#8221; column_element_spacing=&#8221;default&#8221; desktop_text_alignment=&#8221;center&#8221; tablet_text_alignment=&#8221;default&#8221; phone_text_alignment=&#8221;default&#8221; background_color_opacity=&#8221;1&#8243; background_hover_color_opacity=&#8221;1&#8243; column_backdrop_filter=&#8221;none&#8221; column_shadow=&#8221;none&#8221; column_border_radius=&#8221;none&#8221; column_link_target=&#8221;_self&#8221; column_position=&#8221;default&#8221; gradient_direction=&#8221;left_to_right&#8221; overlay_strength=&#8221;0.3&#8243; width=&#8221;1\/1&#8243; tablet_width_inherit=&#8221;default&#8221; animation_type=&#8221;default&#8221; bg_image_animation=&#8221;none&#8221; border_type=&#8221;simple&#8221; column_border_width=&#8221;none&#8221; column_border_style=&#8221;solid&#8221; column_padding_type=&#8221;default&#8221; gradient_type=&#8221;default&#8221;][nectar_btn size=&#8221;jumbo&#8221; button_style=&#8221;regular&#8221; button_color_2=&#8221;Accent-Color&#8221; icon_family=&#8221;none&#8221; text=&#8221;Messe YI F\u00f6rderprogamm&#8221; url=&#8221;https:\/\/www.auma.de\/ausstellen\/in-deutschland-ausstellen\/foerderungen\/&#8221;][\/vc_column][\/vc_row][vc_row type=&#8221;in_container&#8221; full_screen_row_position=&#8221;middle&#8221; column_margin=&#8221;default&#8221; column_direction=&#8221;default&#8221; column_direction_tablet=&#8221;default&#8221; column_direction_phone=&#8221;default&#8221; scene_position=&#8221;center&#8221; text_color=&#8221;dark&#8221; text_align=&#8221;left&#8221; row_border_radius=&#8221;none&#8221; row_border_radius_applies=&#8221;bg&#8221; overflow=&#8221;visible&#8221; overlay_strength=&#8221;0.3&#8243; gradient_direction=&#8221;left_to_right&#8221; shape_divider_position=&#8221;bottom&#8221; bg_image_animation=&#8221;none&#8221;][vc_column column_padding=&#8221;no-extra-padding&#8221; column_padding_tablet=&#8221;inherit&#8221; column_padding_phone=&#8221;inherit&#8221; column_padding_position=&#8221;all&#8221; column_element_direction_desktop=&#8221;default&#8221; column_element_spacing=&#8221;default&#8221; desktop_text_alignment=&#8221;default&#8221; tablet_text_alignment=&#8221;default&#8221; phone_text_alignment=&#8221;default&#8221; background_color_opacity=&#8221;1&#8243; background_hover_color_opacity=&#8221;1&#8243; column_backdrop_filter=&#8221;none&#8221; column_shadow=&#8221;none&#8221; column_border_radius=&#8221;none&#8221; column_link_target=&#8221;_self&#8221; column_position=&#8221;default&#8221; gradient_direction=&#8221;left_to_right&#8221; overlay_strength=&#8221;0.3&#8243; width=&#8221;1\/1&#8243; tablet_width_inherit=&#8221;default&#8221; animation_type=&#8221;default&#8221; bg_image_animation=&#8221;none&#8221; border_type=&#8221;simple&#8221; column_border_width=&#8221;none&#8221; column_border_style=&#8221;solid&#8221;][vc_column_text]\n<h2 data-start=\"129\" data-end=\"170\"><span class=\"ez-toc-section\" id=\"Auslandsmesseprogramm_des_Bundes_AMP\"><\/span>Auslandsmesseprogramm des Bundes (AMP)<span class=\"ez-toc-section-end\"><\/span><\/h2>\n<p data-start=\"172\" data-end=\"520\">Das <strong data-start=\"176\" data-end=\"218\">Auslandsmesseprogramm des Bundes (AMP)<\/strong> unterst\u00fctzt deutsche Unternehmen bei der Teilnahme an <strong data-start=\"273\" data-end=\"303\">internationalen Fachmessen<\/strong>. Ziel ist die F\u00f6rderung des Exports und die St\u00e4rkung der Marke <strong data-start=\"367\" data-end=\"388\">\u201emade in Germany\u201c<\/strong>. Die Organisation erfolgt durch das <strong data-start=\"425\" data-end=\"484\">Bundesministerium f\u00fcr Wirtschaft und Klimaschutz (BMWK)<\/strong> in Zusammenarbeit mit dem <strong data-start=\"511\" data-end=\"519\">AUMA<\/strong>.<\/p>\n<h3 data-start=\"522\" data-end=\"545\"><span class=\"ez-toc-section\" id=\"Wer_wird_gefoerdert\"><\/span>Wer wird gef\u00f6rdert?<span class=\"ez-toc-section-end\"><\/span><\/h3>\n<ul data-start=\"546\" data-end=\"743\">\n<li data-start=\"546\" data-end=\"611\">\n<p data-start=\"548\" data-end=\"611\">Kleine und mittlere Unternehmen (KMU) mit Sitz in Deutschland<\/p>\n<\/li>\n<li data-start=\"612\" data-end=\"692\">\n<p data-start=\"614\" data-end=\"692\">Unternehmen, die Produkte oder Dienstleistungen \u201emade in Germany\u201c ausstellen<\/p>\n<\/li>\n<li data-start=\"693\" data-end=\"743\">\n<p data-start=\"695\" data-end=\"743\">Branchenverb\u00e4nde und Wirtschaftsorganisationen<\/p>\n<\/li>\n<\/ul>\n<h3 data-start=\"745\" data-end=\"768\"><span class=\"ez-toc-section\" id=\"Was_wird_gefoerdert\"><\/span>Was wird gef\u00f6rdert?<span class=\"ez-toc-section-end\"><\/span><\/h3>\n<p data-start=\"769\" data-end=\"933\">Die F\u00f6rderung erfolgt <strong data-start=\"791\" data-end=\"827\">nicht in Form direkter Zusch\u00fcsse<\/strong>, sondern durch <strong data-start=\"843\" data-end=\"876\">subventionierte Kostenanteile<\/strong> bei Gemeinschaftsst\u00e4nden. Enthalten sind typischerweise:<\/p>\n<ul data-start=\"934\" data-end=\"1080\">\n<li data-start=\"934\" data-end=\"961\">\n<p data-start=\"936\" data-end=\"961\">Standmiete und Standbau<\/p>\n<\/li>\n<li data-start=\"962\" data-end=\"1002\">\n<p data-start=\"964\" data-end=\"1002\">Grundausstattung, Strom, Beleuchtung<\/p>\n<\/li>\n<li data-start=\"1003\" data-end=\"1080\">\n<p data-start=\"1005\" data-end=\"1080\">Organisation und Betreuung durch eine <strong data-start=\"1043\" data-end=\"1078\">Durchf\u00fchrungsgesellschaft (DFG)<\/strong><\/p>\n<\/li>\n<\/ul>\n<p data-start=\"1082\" data-end=\"1162\">Der Eigenanteil der Aussteller liegt deutlich unter den regul\u00e4ren Messekosten.<\/p>\n<h3 data-start=\"1164\" data-end=\"1186\"><span class=\"ez-toc-section\" id=\"Beteiligungsformen\"><\/span>Beteiligungsformen<span class=\"ez-toc-section-end\"><\/span><\/h3>\n<ol data-start=\"1187\" data-end=\"1448\">\n<li data-start=\"1187\" data-end=\"1274\">\n<p data-start=\"1190\" data-end=\"1274\"><strong data-start=\"1190\" data-end=\"1228\">Firmengemeinschaftsausstellung (G)<\/strong> \u2013 gemeinsamer Stand unter \u201emade in Germany\u201c<\/p>\n<\/li>\n<li data-start=\"1275\" data-end=\"1370\">\n<p data-start=\"1278\" data-end=\"1370\"><strong data-start=\"1278\" data-end=\"1303\">Informationsstand (I)<\/strong> \u2013 zentraler Messestand zur Pr\u00e4sentation der deutschen Wirtschaft<\/p>\n<\/li>\n<li data-start=\"1371\" data-end=\"1448\">\n<p data-start=\"1374\" data-end=\"1448\"><strong data-start=\"1374\" data-end=\"1402\">Informationszentrum (IZ)<\/strong> \u2013 Pr\u00e4sentationsfl\u00e4che mit Besprechungszonen<\/p>\n<\/li>\n<\/ol>\n[\/vc_column_text][\/vc_column][\/vc_row][vc_row type=&#8221;in_container&#8221; full_screen_row_position=&#8221;middle&#8221; column_margin=&#8221;default&#8221; column_direction=&#8221;default&#8221; column_direction_tablet=&#8221;default&#8221; column_direction_phone=&#8221;default&#8221; scene_position=&#8221;center&#8221; text_color=&#8221;dark&#8221; text_align=&#8221;left&#8221; row_border_radius=&#8221;none&#8221; row_border_radius_applies=&#8221;bg&#8221; overflow=&#8221;visible&#8221; overlay_strength=&#8221;0.3&#8243; gradient_direction=&#8221;left_to_right&#8221; shape_divider_position=&#8221;bottom&#8221; bg_image_animation=&#8221;none&#8221;][vc_column column_padding=&#8221;no-extra-padding&#8221; column_padding_tablet=&#8221;inherit&#8221; column_padding_phone=&#8221;inherit&#8221; column_padding_position=&#8221;all&#8221; column_element_direction_desktop=&#8221;default&#8221; column_element_spacing=&#8221;default&#8221; desktop_text_alignment=&#8221;default&#8221; tablet_text_alignment=&#8221;default&#8221; phone_text_alignment=&#8221;default&#8221; background_color_opacity=&#8221;1&#8243; background_hover_color_opacity=&#8221;1&#8243; column_backdrop_filter=&#8221;none&#8221; column_shadow=&#8221;none&#8221; column_border_radius=&#8221;none&#8221; column_link_target=&#8221;_self&#8221; column_position=&#8221;default&#8221; gradient_direction=&#8221;left_to_right&#8221; overlay_strength=&#8221;0.3&#8243; width=&#8221;1\/1&#8243; tablet_width_inherit=&#8221;default&#8221; animation_type=&#8221;default&#8221; bg_image_animation=&#8221;none&#8221; border_type=&#8221;simple&#8221; column_border_width=&#8221;none&#8221; column_border_style=&#8221;solid&#8221;][vc_column_text]\n<h3 data-start=\"1450\" data-end=\"1478\"><span class=\"ez-toc-section\" id=\"Wie_laeuft_die_Anmeldung\"><\/span>Wie l\u00e4uft die Anmeldung?<span class=\"ez-toc-section-end\"><\/span><\/h3>\n<ol data-start=\"1479\" data-end=\"1998\">\n<li data-start=\"1479\" data-end=\"1687\">\n<p data-start=\"1482\" data-end=\"1687\"><strong data-start=\"1482\" data-end=\"1509\">Geeignete Messe finden:<\/strong><br data-start=\"1509\" data-end=\"1512\" \/>Auf der AUMA-Website die aktuelle <strong data-start=\"1549\" data-end=\"1567\">AMP-Messeliste<\/strong> pr\u00fcfen:<br data-start=\"1575\" data-end=\"1578\" \/>? <a class=\"decorated-link\" href=\"https:\/\/www.auma.de\/ausstellen\/weltweit-ausstellen\/foerderungen\/?utm_source=chatgpt.com\" target=\"_new\" rel=\"noopener\" data-start=\"1584\" data-end=\"1685\">www.auma.de\/auslandsmesseprogramm<\/a><\/p>\n<\/li>\n<li data-start=\"1689\" data-end=\"1866\">\n<p data-start=\"1692\" data-end=\"1866\"><strong data-start=\"1692\" data-end=\"1706\">Anmeldung:<\/strong><br data-start=\"1706\" data-end=\"1709\" \/>\u00dcber die zust\u00e4ndige <strong data-start=\"1732\" data-end=\"1767\">Durchf\u00fchrungsgesellschaft (DFG)<\/strong>, meist \u00fcber das Online-Portal<br data-start=\"1797\" data-end=\"1800\" \/>? <a class=\"decorated-link cursor-pointer\" target=\"_new\" rel=\"noopener\" data-start=\"1806\" data-end=\"1864\">www.german-pavilion.com<\/a><\/p>\n<\/li>\n<li data-start=\"1868\" data-end=\"1998\">\n<p data-start=\"1871\" data-end=\"1998\"><strong data-start=\"1871\" data-end=\"1911\">Teilnahmebest\u00e4tigung &amp; Vorbereitung:<\/strong><br data-start=\"1911\" data-end=\"1914\" \/>Nach Zulassung \u00fcbernimmt die DFG Organisation, Standbau und Abwicklung vor Ort.<\/p>\n<\/li>\n<\/ol>\n[\/vc_column_text][\/vc_column][\/vc_row][vc_row type=&#8221;in_container&#8221; full_screen_row_position=&#8221;middle&#8221; column_margin=&#8221;default&#8221; column_direction=&#8221;default&#8221; column_direction_tablet=&#8221;default&#8221; column_direction_phone=&#8221;default&#8221; scene_position=&#8221;center&#8221; text_color=&#8221;dark&#8221; text_align=&#8221;left&#8221; row_border_radius=&#8221;none&#8221; row_border_radius_applies=&#8221;bg&#8221; overflow=&#8221;visible&#8221; overlay_strength=&#8221;0.3&#8243; gradient_direction=&#8221;left_to_right&#8221; shape_divider_position=&#8221;bottom&#8221; bg_image_animation=&#8221;none&#8221;][vc_column column_padding=&#8221;no-extra-padding&#8221; column_padding_tablet=&#8221;inherit&#8221; column_padding_phone=&#8221;inherit&#8221; column_padding_position=&#8221;all&#8221; column_element_direction_desktop=&#8221;default&#8221; column_element_spacing=&#8221;default&#8221; desktop_text_alignment=&#8221;center&#8221; tablet_text_alignment=&#8221;default&#8221; phone_text_alignment=&#8221;default&#8221; background_color_opacity=&#8221;1&#8243; background_hover_color_opacity=&#8221;1&#8243; column_backdrop_filter=&#8221;none&#8221; column_shadow=&#8221;none&#8221; column_border_radius=&#8221;none&#8221; column_link_target=&#8221;_self&#8221; column_position=&#8221;default&#8221; gradient_direction=&#8221;left_to_right&#8221; overlay_strength=&#8221;0.3&#8243; width=&#8221;1\/1&#8243; tablet_width_inherit=&#8221;default&#8221; animation_type=&#8221;default&#8221; bg_image_animation=&#8221;none&#8221; border_type=&#8221;simple&#8221; column_border_width=&#8221;none&#8221; column_border_style=&#8221;solid&#8221; column_padding_type=&#8221;default&#8221; gradient_type=&#8221;default&#8221;][nectar_btn size=&#8221;jumbo&#8221; button_style=&#8221;regular&#8221; button_color_2=&#8221;Accent-Color&#8221; icon_family=&#8221;none&#8221; text=&#8221;Messef\u00f6rderung im Ausland&#8221; url=&#8221;https:\/\/www.auma.de\/ausstellen\/weltweit-ausstellen\/foerderungen\/&#8221;][\/vc_column][\/vc_row][vc_row type=&#8221;in_container&#8221; full_screen_row_position=&#8221;middle&#8221; column_margin=&#8221;default&#8221; column_direction=&#8221;default&#8221; column_direction_tablet=&#8221;default&#8221; column_direction_phone=&#8221;default&#8221; scene_position=&#8221;center&#8221; text_color=&#8221;dark&#8221; text_align=&#8221;left&#8221; row_border_radius=&#8221;none&#8221; row_border_radius_applies=&#8221;bg&#8221; overflow=&#8221;visible&#8221; overlay_strength=&#8221;0.3&#8243; gradient_direction=&#8221;left_to_right&#8221; shape_divider_position=&#8221;bottom&#8221; bg_image_animation=&#8221;none&#8221;][vc_column column_padding=&#8221;no-extra-padding&#8221; column_padding_tablet=&#8221;inherit&#8221; column_padding_phone=&#8221;inherit&#8221; column_padding_position=&#8221;all&#8221; column_element_direction_desktop=&#8221;default&#8221; column_element_spacing=&#8221;default&#8221; desktop_text_alignment=&#8221;default&#8221; tablet_text_alignment=&#8221;default&#8221; phone_text_alignment=&#8221;default&#8221; background_color_opacity=&#8221;1&#8243; background_hover_color_opacity=&#8221;1&#8243; column_backdrop_filter=&#8221;none&#8221; column_shadow=&#8221;none&#8221; column_border_radius=&#8221;none&#8221; column_link_target=&#8221;_self&#8221; column_position=&#8221;default&#8221; gradient_direction=&#8221;left_to_right&#8221; overlay_strength=&#8221;0.3&#8243; width=&#8221;1\/1&#8243; tablet_width_inherit=&#8221;default&#8221; animation_type=&#8221;default&#8221; bg_image_animation=&#8221;none&#8221; border_type=&#8221;simple&#8221; column_border_width=&#8221;none&#8221; column_border_style=&#8221;solid&#8221;][vc_column_text]\n<h2><span class=\"ez-toc-section\" id=\"Auslandsmesseprogramme_der_Bundeslaender\"><\/span>Auslandsmesseprogramme der Bundesl\u00e4nder<span class=\"ez-toc-section-end\"><\/span><\/h2>\n<p data-start=\"0\" data-end=\"222\">Auch die <strong data-start=\"9\" data-end=\"25\">Bundesl\u00e4nder<\/strong> unterst\u00fctzen Unternehmen bei <strong data-start=\"55\" data-end=\"88\">Messebeteiligungen im Ausland<\/strong>. Diese F\u00f6rderprogramme richten sich in erster Linie an <strong data-start=\"144\" data-end=\"185\">kleine und mittlere Unternehmen (KMU)<\/strong> mit Sitz im jeweiligen Bundesland.<\/p>\n<p data-start=\"224\" data-end=\"452\">Da es <strong data-start=\"230\" data-end=\"265\">keine einheitlichen Richtlinien<\/strong> gibt, unterscheiden sich H\u00f6he der F\u00f6rderung, Messeauswahl und Antragsverfahren je nach Land. Viele Bundesl\u00e4nder kooperieren inzwischen, um ihre F\u00f6rderangebote effizienter zu gestalten.<\/p>\n<p data-start=\"1450\" data-end=\"1478\">Hier erhalten Sie einen \u00dcberblick \u00fcber die Auslandsmesseprogramme aller 16 Bundesl\u00e4nder \u2013 w\u00e4hlen Sie einfach Ihr Bundesland aus, um weitere Informationen zu erhalten.<\/p>\n[\/vc_column_text][\/vc_column][\/vc_row][vc_row type=&#8221;in_container&#8221; full_screen_row_position=&#8221;middle&#8221; column_margin=&#8221;default&#8221; column_direction=&#8221;default&#8221; column_direction_tablet=&#8221;default&#8221; column_direction_phone=&#8221;default&#8221; scene_position=&#8221;center&#8221; text_color=&#8221;dark&#8221; text_align=&#8221;left&#8221; row_border_radius=&#8221;none&#8221; row_border_radius_applies=&#8221;bg&#8221; overflow=&#8221;visible&#8221; overlay_strength=&#8221;0.3&#8243; gradient_direction=&#8221;left_to_right&#8221; shape_divider_position=&#8221;bottom&#8221; bg_image_animation=&#8221;none&#8221;][vc_column column_padding=&#8221;no-extra-padding&#8221; column_padding_tablet=&#8221;inherit&#8221; column_padding_phone=&#8221;inherit&#8221; column_padding_position=&#8221;all&#8221; column_element_direction_desktop=&#8221;default&#8221; column_element_spacing=&#8221;default&#8221; desktop_text_alignment=&#8221;center&#8221; tablet_text_alignment=&#8221;default&#8221; phone_text_alignment=&#8221;default&#8221; background_color_opacity=&#8221;1&#8243; background_hover_color_opacity=&#8221;1&#8243; column_backdrop_filter=&#8221;none&#8221; column_shadow=&#8221;none&#8221; column_border_radius=&#8221;none&#8221; column_link_target=&#8221;_self&#8221; column_position=&#8221;default&#8221; gradient_direction=&#8221;left_to_right&#8221; overlay_strength=&#8221;0.3&#8243; width=&#8221;1\/4&#8243; tablet_width_inherit=&#8221;default&#8221; animation_type=&#8221;default&#8221; bg_image_animation=&#8221;none&#8221; border_type=&#8221;simple&#8221; column_border_width=&#8221;none&#8221; column_border_style=&#8221;solid&#8221; column_padding_type=&#8221;default&#8221; gradient_type=&#8221;default&#8221;][nectar_btn size=&#8221;jumbo&#8221; button_style=&#8221;regular&#8221; button_color_2=&#8221;Accent-Color&#8221; icon_family=&#8221;none&#8221; text=&#8221;Baden-W\u00fcrttemberg&#8221; url=&#8221;https:\/\/www.auma.de\/ausstellen\/weltweit-ausstellen\/foerderungen\/baden-wuerttemberg\/&#8221;][\/vc_column][vc_column column_padding=&#8221;no-extra-padding&#8221; column_padding_tablet=&#8221;inherit&#8221; column_padding_phone=&#8221;inherit&#8221; column_padding_position=&#8221;all&#8221; column_element_direction_desktop=&#8221;default&#8221; column_element_spacing=&#8221;default&#8221; desktop_text_alignment=&#8221;default&#8221; tablet_text_alignment=&#8221;default&#8221; phone_text_alignment=&#8221;default&#8221; background_color_opacity=&#8221;1&#8243; background_hover_color_opacity=&#8221;1&#8243; column_backdrop_filter=&#8221;none&#8221; column_shadow=&#8221;none&#8221; column_border_radius=&#8221;none&#8221; column_link_target=&#8221;_self&#8221; column_position=&#8221;default&#8221; gradient_direction=&#8221;left_to_right&#8221; overlay_strength=&#8221;0.3&#8243; width=&#8221;1\/4&#8243; tablet_width_inherit=&#8221;default&#8221; animation_type=&#8221;default&#8221; bg_image_animation=&#8221;none&#8221; border_type=&#8221;simple&#8221; column_border_width=&#8221;none&#8221; column_border_style=&#8221;solid&#8221;][nectar_btn size=&#8221;jumbo&#8221; button_style=&#8221;regular&#8221; button_color_2=&#8221;Accent-Color&#8221; icon_family=&#8221;none&#8221; text=&#8221;Bundesland Bayern&#8221; url=&#8221;https:\/\/www.auma.de\/ausstellen\/weltweit-ausstellen\/foerderungen\/bayern\/&#8221;][\/vc_column][vc_column column_padding=&#8221;no-extra-padding&#8221; column_padding_tablet=&#8221;inherit&#8221; column_padding_phone=&#8221;inherit&#8221; column_padding_position=&#8221;all&#8221; column_element_direction_desktop=&#8221;default&#8221; column_element_spacing=&#8221;default&#8221; desktop_text_alignment=&#8221;default&#8221; tablet_text_alignment=&#8221;default&#8221; phone_text_alignment=&#8221;default&#8221; background_color_opacity=&#8221;1&#8243; background_hover_color_opacity=&#8221;1&#8243; column_backdrop_filter=&#8221;none&#8221; column_shadow=&#8221;none&#8221; column_border_radius=&#8221;none&#8221; column_link_target=&#8221;_self&#8221; column_position=&#8221;default&#8221; gradient_direction=&#8221;left_to_right&#8221; overlay_strength=&#8221;0.3&#8243; width=&#8221;1\/4&#8243; tablet_width_inherit=&#8221;default&#8221; animation_type=&#8221;default&#8221; bg_image_animation=&#8221;none&#8221; border_type=&#8221;simple&#8221; column_border_width=&#8221;none&#8221; column_border_style=&#8221;solid&#8221;][nectar_btn size=&#8221;jumbo&#8221; button_style=&#8221;regular&#8221; button_color_2=&#8221;Accent-Color&#8221; icon_family=&#8221;none&#8221; text=&#8221;Bundesland Berlin&#8221; url=&#8221;https:\/\/www.auma.de\/ausstellen\/weltweit-ausstellen\/foerderungen\/berlin\/&#8221;][\/vc_column][vc_column column_padding=&#8221;no-extra-padding&#8221; column_padding_tablet=&#8221;inherit&#8221; column_padding_phone=&#8221;inherit&#8221; column_padding_position=&#8221;all&#8221; column_element_direction_desktop=&#8221;default&#8221; column_element_spacing=&#8221;default&#8221; desktop_text_alignment=&#8221;default&#8221; tablet_text_alignment=&#8221;default&#8221; phone_text_alignment=&#8221;default&#8221; background_color_opacity=&#8221;1&#8243; background_hover_color_opacity=&#8221;1&#8243; column_backdrop_filter=&#8221;none&#8221; column_shadow=&#8221;none&#8221; column_border_radius=&#8221;none&#8221; column_link_target=&#8221;_self&#8221; column_position=&#8221;default&#8221; gradient_direction=&#8221;left_to_right&#8221; overlay_strength=&#8221;0.3&#8243; width=&#8221;1\/4&#8243; tablet_width_inherit=&#8221;default&#8221; animation_type=&#8221;default&#8221; bg_image_animation=&#8221;none&#8221; border_type=&#8221;simple&#8221; column_border_width=&#8221;none&#8221; column_border_style=&#8221;solid&#8221;][nectar_btn size=&#8221;jumbo&#8221; button_style=&#8221;regular&#8221; button_color_2=&#8221;Accent-Color&#8221; icon_family=&#8221;none&#8221; text=&#8221;Bundesland Brandenburg&#8221; url=&#8221;https:\/\/www.auma.de\/ausstellen\/weltweit-ausstellen\/foerderungen\/brandenburg\/&#8221;][\/vc_column][\/vc_row][vc_row type=&#8221;in_container&#8221; full_screen_row_position=&#8221;middle&#8221; column_margin=&#8221;default&#8221; column_direction=&#8221;default&#8221; column_direction_tablet=&#8221;default&#8221; column_direction_phone=&#8221;default&#8221; scene_position=&#8221;center&#8221; text_color=&#8221;dark&#8221; text_align=&#8221;left&#8221; row_border_radius=&#8221;none&#8221; row_border_radius_applies=&#8221;bg&#8221; overflow=&#8221;visible&#8221; overlay_strength=&#8221;0.3&#8243; gradient_direction=&#8221;left_to_right&#8221; shape_divider_position=&#8221;bottom&#8221; bg_image_animation=&#8221;none&#8221;][vc_column column_padding=&#8221;no-extra-padding&#8221; column_padding_tablet=&#8221;inherit&#8221; column_padding_phone=&#8221;inherit&#8221; column_padding_position=&#8221;all&#8221; column_element_direction_desktop=&#8221;default&#8221; column_element_spacing=&#8221;default&#8221; desktop_text_alignment=&#8221;center&#8221; tablet_text_alignment=&#8221;default&#8221; phone_text_alignment=&#8221;default&#8221; background_color_opacity=&#8221;1&#8243; background_hover_color_opacity=&#8221;1&#8243; column_backdrop_filter=&#8221;none&#8221; column_shadow=&#8221;none&#8221; column_border_radius=&#8221;none&#8221; column_link_target=&#8221;_self&#8221; column_position=&#8221;default&#8221; gradient_direction=&#8221;left_to_right&#8221; overlay_strength=&#8221;0.3&#8243; width=&#8221;1\/4&#8243; tablet_width_inherit=&#8221;default&#8221; animation_type=&#8221;default&#8221; bg_image_animation=&#8221;none&#8221; border_type=&#8221;simple&#8221; column_border_width=&#8221;none&#8221; column_border_style=&#8221;solid&#8221; column_padding_type=&#8221;default&#8221; gradient_type=&#8221;default&#8221;][nectar_btn size=&#8221;jumbo&#8221; button_style=&#8221;regular&#8221; button_color_2=&#8221;Accent-Color&#8221; icon_family=&#8221;none&#8221; text=&#8221;Bundesland Bremen&#8221; url=&#8221;https:\/\/www.auma.de\/ausstellen\/weltweit-ausstellen\/foerderungen\/bremen\/&#8221;][\/vc_column][vc_column column_padding=&#8221;no-extra-padding&#8221; column_padding_tablet=&#8221;inherit&#8221; column_padding_phone=&#8221;inherit&#8221; column_padding_position=&#8221;all&#8221; column_element_direction_desktop=&#8221;default&#8221; column_element_spacing=&#8221;default&#8221; desktop_text_alignment=&#8221;default&#8221; tablet_text_alignment=&#8221;default&#8221; phone_text_alignment=&#8221;default&#8221; background_color_opacity=&#8221;1&#8243; background_hover_color_opacity=&#8221;1&#8243; column_backdrop_filter=&#8221;none&#8221; column_shadow=&#8221;none&#8221; column_border_radius=&#8221;none&#8221; column_link_target=&#8221;_self&#8221; column_position=&#8221;default&#8221; gradient_direction=&#8221;left_to_right&#8221; overlay_strength=&#8221;0.3&#8243; width=&#8221;1\/4&#8243; tablet_width_inherit=&#8221;default&#8221; animation_type=&#8221;default&#8221; bg_image_animation=&#8221;none&#8221; border_type=&#8221;simple&#8221; column_border_width=&#8221;none&#8221; column_border_style=&#8221;solid&#8221;][nectar_btn size=&#8221;jumbo&#8221; button_style=&#8221;regular&#8221; button_color_2=&#8221;Accent-Color&#8221; icon_family=&#8221;none&#8221; text=&#8221;Bundesland Hamburg&#8221; url=&#8221;https:\/\/www.auma.de\/ausstellen\/weltweit-ausstellen\/foerderungen\/hamburg\/&#8221;][\/vc_column][vc_column column_padding=&#8221;no-extra-padding&#8221; column_padding_tablet=&#8221;inherit&#8221; column_padding_phone=&#8221;inherit&#8221; column_padding_position=&#8221;all&#8221; column_element_direction_desktop=&#8221;default&#8221; column_element_spacing=&#8221;default&#8221; desktop_text_alignment=&#8221;default&#8221; tablet_text_alignment=&#8221;default&#8221; phone_text_alignment=&#8221;default&#8221; background_color_opacity=&#8221;1&#8243; background_hover_color_opacity=&#8221;1&#8243; column_backdrop_filter=&#8221;none&#8221; column_shadow=&#8221;none&#8221; column_border_radius=&#8221;none&#8221; column_link_target=&#8221;_self&#8221; column_position=&#8221;default&#8221; gradient_direction=&#8221;left_to_right&#8221; overlay_strength=&#8221;0.3&#8243; width=&#8221;1\/4&#8243; tablet_width_inherit=&#8221;default&#8221; animation_type=&#8221;default&#8221; bg_image_animation=&#8221;none&#8221; border_type=&#8221;simple&#8221; column_border_width=&#8221;none&#8221; column_border_style=&#8221;solid&#8221;][nectar_btn size=&#8221;jumbo&#8221; button_style=&#8221;regular&#8221; button_color_2=&#8221;Accent-Color&#8221; icon_family=&#8221;none&#8221; text=&#8221;Bundesland Hessen&#8221; url=&#8221;https:\/\/www.auma.de\/ausstellen\/weltweit-ausstellen\/foerderungen\/hessen\/&#8221;][\/vc_column][vc_column column_padding=&#8221;no-extra-padding&#8221; column_padding_tablet=&#8221;inherit&#8221; column_padding_phone=&#8221;inherit&#8221; column_padding_position=&#8221;all&#8221; column_element_direction_desktop=&#8221;default&#8221; column_element_spacing=&#8221;default&#8221; desktop_text_alignment=&#8221;default&#8221; tablet_text_alignment=&#8221;default&#8221; phone_text_alignment=&#8221;default&#8221; background_color_opacity=&#8221;1&#8243; background_hover_color_opacity=&#8221;1&#8243; column_backdrop_filter=&#8221;none&#8221; column_shadow=&#8221;none&#8221; column_border_radius=&#8221;none&#8221; column_link_target=&#8221;_self&#8221; column_position=&#8221;default&#8221; gradient_direction=&#8221;left_to_right&#8221; overlay_strength=&#8221;0.3&#8243; width=&#8221;1\/4&#8243; tablet_width_inherit=&#8221;default&#8221; animation_type=&#8221;default&#8221; bg_image_animation=&#8221;none&#8221; border_type=&#8221;simple&#8221; column_border_width=&#8221;none&#8221; column_border_style=&#8221;solid&#8221;][nectar_btn size=&#8221;jumbo&#8221; button_style=&#8221;regular&#8221; button_color_2=&#8221;Accent-Color&#8221; icon_family=&#8221;none&#8221; text=&#8221;Mecklenburg-Vorpommern&#8221; url=&#8221;https:\/\/www.auma.de\/ausstellen\/weltweit-ausstellen\/foerderungen\/mecklenburg-vorpommern\/&#8221;][\/vc_column][\/vc_row][vc_row type=&#8221;in_container&#8221; full_screen_row_position=&#8221;middle&#8221; column_margin=&#8221;default&#8221; column_direction=&#8221;default&#8221; column_direction_tablet=&#8221;default&#8221; column_direction_phone=&#8221;default&#8221; scene_position=&#8221;center&#8221; text_color=&#8221;dark&#8221; text_align=&#8221;left&#8221; row_border_radius=&#8221;none&#8221; row_border_radius_applies=&#8221;bg&#8221; overflow=&#8221;visible&#8221; overlay_strength=&#8221;0.3&#8243; gradient_direction=&#8221;left_to_right&#8221; shape_divider_position=&#8221;bottom&#8221; bg_image_animation=&#8221;none&#8221;][vc_column column_padding=&#8221;no-extra-padding&#8221; column_padding_tablet=&#8221;inherit&#8221; column_padding_phone=&#8221;inherit&#8221; column_padding_position=&#8221;all&#8221; column_element_direction_desktop=&#8221;default&#8221; column_element_spacing=&#8221;default&#8221; desktop_text_alignment=&#8221;center&#8221; tablet_text_alignment=&#8221;default&#8221; phone_text_alignment=&#8221;default&#8221; background_color_opacity=&#8221;1&#8243; background_hover_color_opacity=&#8221;1&#8243; column_backdrop_filter=&#8221;none&#8221; column_shadow=&#8221;none&#8221; column_border_radius=&#8221;none&#8221; column_link_target=&#8221;_self&#8221; column_position=&#8221;default&#8221; gradient_direction=&#8221;left_to_right&#8221; overlay_strength=&#8221;0.3&#8243; width=&#8221;1\/4&#8243; tablet_width_inherit=&#8221;default&#8221; animation_type=&#8221;default&#8221; bg_image_animation=&#8221;none&#8221; border_type=&#8221;simple&#8221; column_border_width=&#8221;none&#8221; column_border_style=&#8221;solid&#8221; column_padding_type=&#8221;default&#8221; gradient_type=&#8221;default&#8221;][nectar_btn size=&#8221;jumbo&#8221; button_style=&#8221;regular&#8221; button_color_2=&#8221;Accent-Color&#8221; icon_family=&#8221;none&#8221; text=&#8221;Bundesland Niedersachsen&#8221; url=&#8221;https:\/\/www.auma.de\/ausstellen\/weltweit-ausstellen\/foerderungen\/niedersachsen\/&#8221;][\/vc_column][vc_column column_padding=&#8221;no-extra-padding&#8221; column_padding_tablet=&#8221;inherit&#8221; column_padding_phone=&#8221;inherit&#8221; column_padding_position=&#8221;all&#8221; column_element_direction_desktop=&#8221;default&#8221; column_element_spacing=&#8221;default&#8221; desktop_text_alignment=&#8221;default&#8221; tablet_text_alignment=&#8221;default&#8221; phone_text_alignment=&#8221;default&#8221; background_color_opacity=&#8221;1&#8243; background_hover_color_opacity=&#8221;1&#8243; column_backdrop_filter=&#8221;none&#8221; column_shadow=&#8221;none&#8221; column_border_radius=&#8221;none&#8221; column_link_target=&#8221;_self&#8221; column_position=&#8221;default&#8221; gradient_direction=&#8221;left_to_right&#8221; overlay_strength=&#8221;0.3&#8243; width=&#8221;1\/4&#8243; tablet_width_inherit=&#8221;default&#8221; animation_type=&#8221;default&#8221; bg_image_animation=&#8221;none&#8221; border_type=&#8221;simple&#8221; column_border_width=&#8221;none&#8221; column_border_style=&#8221;solid&#8221;][nectar_btn size=&#8221;jumbo&#8221; button_style=&#8221;regular&#8221; button_color_2=&#8221;Accent-Color&#8221; icon_family=&#8221;none&#8221; text=&#8221;Nordrhein-Westfalen&#8221; url=&#8221;https:\/\/www.auma.de\/ausstellen\/weltweit-ausstellen\/foerderungen\/nordrhein-westfalen\/&#8221;][\/vc_column][vc_column column_padding=&#8221;no-extra-padding&#8221; column_padding_tablet=&#8221;inherit&#8221; column_padding_phone=&#8221;inherit&#8221; column_padding_position=&#8221;all&#8221; column_element_direction_desktop=&#8221;default&#8221; column_element_spacing=&#8221;default&#8221; desktop_text_alignment=&#8221;default&#8221; tablet_text_alignment=&#8221;default&#8221; phone_text_alignment=&#8221;default&#8221; background_color_opacity=&#8221;1&#8243; background_hover_color_opacity=&#8221;1&#8243; column_backdrop_filter=&#8221;none&#8221; column_shadow=&#8221;none&#8221; column_border_radius=&#8221;none&#8221; column_link_target=&#8221;_self&#8221; column_position=&#8221;default&#8221; gradient_direction=&#8221;left_to_right&#8221; overlay_strength=&#8221;0.3&#8243; width=&#8221;1\/4&#8243; tablet_width_inherit=&#8221;default&#8221; animation_type=&#8221;default&#8221; bg_image_animation=&#8221;none&#8221; border_type=&#8221;simple&#8221; column_border_width=&#8221;none&#8221; column_border_style=&#8221;solid&#8221;][nectar_btn size=&#8221;jumbo&#8221; button_style=&#8221;regular&#8221; button_color_2=&#8221;Accent-Color&#8221; icon_family=&#8221;none&#8221; text=&#8221;Rheinland-Pfalz&#8221; url=&#8221;https:\/\/www.auma.de\/ausstellen\/weltweit-ausstellen\/foerderungen\/rheinland-pfalz\/&#8221;][\/vc_column][vc_column column_padding=&#8221;no-extra-padding&#8221; column_padding_tablet=&#8221;inherit&#8221; column_padding_phone=&#8221;inherit&#8221; column_padding_position=&#8221;all&#8221; column_element_direction_desktop=&#8221;default&#8221; column_element_spacing=&#8221;default&#8221; desktop_text_alignment=&#8221;default&#8221; tablet_text_alignment=&#8221;default&#8221; phone_text_alignment=&#8221;default&#8221; background_color_opacity=&#8221;1&#8243; background_hover_color_opacity=&#8221;1&#8243; column_backdrop_filter=&#8221;none&#8221; column_shadow=&#8221;none&#8221; column_border_radius=&#8221;none&#8221; column_link_target=&#8221;_self&#8221; column_position=&#8221;default&#8221; gradient_direction=&#8221;left_to_right&#8221; overlay_strength=&#8221;0.3&#8243; width=&#8221;1\/4&#8243; tablet_width_inherit=&#8221;default&#8221; animation_type=&#8221;default&#8221; bg_image_animation=&#8221;none&#8221; border_type=&#8221;simple&#8221; column_border_width=&#8221;none&#8221; column_border_style=&#8221;solid&#8221;][nectar_btn size=&#8221;jumbo&#8221; button_style=&#8221;regular&#8221; button_color_2=&#8221;Accent-Color&#8221; icon_family=&#8221;none&#8221; text=&#8221;Bundesland Saarland&#8221; url=&#8221;https:\/\/www.auma.de\/ausstellen\/weltweit-ausstellen\/foerderungen\/saarland\/&#8221;][\/vc_column][\/vc_row][vc_row type=&#8221;in_container&#8221; full_screen_row_position=&#8221;middle&#8221; column_margin=&#8221;default&#8221; column_direction=&#8221;default&#8221; column_direction_tablet=&#8221;default&#8221; column_direction_phone=&#8221;default&#8221; scene_position=&#8221;center&#8221; text_color=&#8221;dark&#8221; text_align=&#8221;left&#8221; row_border_radius=&#8221;none&#8221; row_border_radius_applies=&#8221;bg&#8221; overflow=&#8221;visible&#8221; overlay_strength=&#8221;0.3&#8243; gradient_direction=&#8221;left_to_right&#8221; shape_divider_position=&#8221;bottom&#8221; bg_image_animation=&#8221;none&#8221;][vc_column column_padding=&#8221;no-extra-padding&#8221; column_padding_tablet=&#8221;inherit&#8221; column_padding_phone=&#8221;inherit&#8221; column_padding_position=&#8221;all&#8221; column_element_direction_desktop=&#8221;default&#8221; column_element_spacing=&#8221;default&#8221; desktop_text_alignment=&#8221;center&#8221; tablet_text_alignment=&#8221;default&#8221; phone_text_alignment=&#8221;default&#8221; background_color_opacity=&#8221;1&#8243; background_hover_color_opacity=&#8221;1&#8243; column_backdrop_filter=&#8221;none&#8221; column_shadow=&#8221;none&#8221; column_border_radius=&#8221;none&#8221; column_link_target=&#8221;_self&#8221; column_position=&#8221;default&#8221; gradient_direction=&#8221;left_to_right&#8221; overlay_strength=&#8221;0.3&#8243; width=&#8221;1\/4&#8243; tablet_width_inherit=&#8221;default&#8221; animation_type=&#8221;default&#8221; bg_image_animation=&#8221;none&#8221; border_type=&#8221;simple&#8221; column_border_width=&#8221;none&#8221; column_border_style=&#8221;solid&#8221; column_padding_type=&#8221;default&#8221; gradient_type=&#8221;default&#8221;][nectar_btn size=&#8221;jumbo&#8221; button_style=&#8221;regular&#8221; button_color_2=&#8221;Accent-Color&#8221; icon_family=&#8221;none&#8221; text=&#8221;Bundesland Sachsen&#8221; url=&#8221;https:\/\/www.auma.de\/ausstellen\/weltweit-ausstellen\/foerderungen\/sachsen\/&#8221;][\/vc_column][vc_column column_padding=&#8221;no-extra-padding&#8221; column_padding_tablet=&#8221;inherit&#8221; column_padding_phone=&#8221;inherit&#8221; column_padding_position=&#8221;all&#8221; column_element_direction_desktop=&#8221;default&#8221; column_element_spacing=&#8221;default&#8221; desktop_text_alignment=&#8221;default&#8221; tablet_text_alignment=&#8221;default&#8221; phone_text_alignment=&#8221;default&#8221; background_color_opacity=&#8221;1&#8243; background_hover_color_opacity=&#8221;1&#8243; column_backdrop_filter=&#8221;none&#8221; column_shadow=&#8221;none&#8221; column_border_radius=&#8221;none&#8221; column_link_target=&#8221;_self&#8221; column_position=&#8221;default&#8221; gradient_direction=&#8221;left_to_right&#8221; overlay_strength=&#8221;0.3&#8243; width=&#8221;1\/4&#8243; tablet_width_inherit=&#8221;default&#8221; animation_type=&#8221;default&#8221; bg_image_animation=&#8221;none&#8221; border_type=&#8221;simple&#8221; column_border_width=&#8221;none&#8221; column_border_style=&#8221;solid&#8221;][nectar_btn size=&#8221;jumbo&#8221; button_style=&#8221;regular&#8221; button_color_2=&#8221;Accent-Color&#8221; icon_family=&#8221;none&#8221; text=&#8221;Sachsen-Anhalt&#8221; url=&#8221;https:\/\/www.auma.de\/ausstellen\/weltweit-ausstellen\/foerderungen\/sachsen-anhalt\/&#8221;][\/vc_column][vc_column column_padding=&#8221;no-extra-padding&#8221; column_padding_tablet=&#8221;inherit&#8221; column_padding_phone=&#8221;inherit&#8221; column_padding_position=&#8221;all&#8221; column_element_direction_desktop=&#8221;default&#8221; column_element_spacing=&#8221;default&#8221; desktop_text_alignment=&#8221;default&#8221; tablet_text_alignment=&#8221;default&#8221; phone_text_alignment=&#8221;default&#8221; background_color_opacity=&#8221;1&#8243; background_hover_color_opacity=&#8221;1&#8243; column_backdrop_filter=&#8221;none&#8221; column_shadow=&#8221;none&#8221; column_border_radius=&#8221;none&#8221; column_link_target=&#8221;_self&#8221; column_position=&#8221;default&#8221; gradient_direction=&#8221;left_to_right&#8221; overlay_strength=&#8221;0.3&#8243; width=&#8221;1\/4&#8243; tablet_width_inherit=&#8221;default&#8221; animation_type=&#8221;default&#8221; bg_image_animation=&#8221;none&#8221; border_type=&#8221;simple&#8221; column_border_width=&#8221;none&#8221; column_border_style=&#8221;solid&#8221;][nectar_btn size=&#8221;jumbo&#8221; button_style=&#8221;regular&#8221; button_color_2=&#8221;Accent-Color&#8221; icon_family=&#8221;none&#8221; text=&#8221;Schleswig-Holstein&#8221; url=&#8221;https:\/\/www.auma.de\/ausstellen\/weltweit-ausstellen\/foerderungen\/schleswig-holstein\/&#8221;][\/vc_column][vc_column column_padding=&#8221;no-extra-padding&#8221; column_padding_tablet=&#8221;inherit&#8221; column_padding_phone=&#8221;inherit&#8221; column_padding_position=&#8221;all&#8221; column_element_direction_desktop=&#8221;default&#8221; column_element_spacing=&#8221;default&#8221; desktop_text_alignment=&#8221;default&#8221; tablet_text_alignment=&#8221;default&#8221; phone_text_alignment=&#8221;default&#8221; background_color_opacity=&#8221;1&#8243; background_hover_color_opacity=&#8221;1&#8243; column_backdrop_filter=&#8221;none&#8221; column_shadow=&#8221;none&#8221; column_border_radius=&#8221;none&#8221; column_link_target=&#8221;_self&#8221; column_position=&#8221;default&#8221; gradient_direction=&#8221;left_to_right&#8221; overlay_strength=&#8221;0.3&#8243; width=&#8221;1\/4&#8243; tablet_width_inherit=&#8221;default&#8221; animation_type=&#8221;default&#8221; bg_image_animation=&#8221;none&#8221; border_type=&#8221;simple&#8221; column_border_width=&#8221;none&#8221; column_border_style=&#8221;solid&#8221;][nectar_btn size=&#8221;jumbo&#8221; button_style=&#8221;regular&#8221; button_color_2=&#8221;Accent-Color&#8221; icon_family=&#8221;none&#8221; text=&#8221;Bundesland Th\u00fcringen&#8221; url=&#8221;https:\/\/www.auma.de\/ausstellen\/weltweit-ausstellen\/foerderungen\/thueringen\/&#8221;][\/vc_column][\/vc_row][vc_row type=&#8221;in_container&#8221; full_screen_row_position=&#8221;middle&#8221; column_margin=&#8221;default&#8221; column_direction=&#8221;default&#8221; column_direction_tablet=&#8221;default&#8221; column_direction_phone=&#8221;default&#8221; scene_position=&#8221;center&#8221; text_color=&#8221;dark&#8221; text_align=&#8221;left&#8221; row_border_radius=&#8221;none&#8221; row_border_radius_applies=&#8221;bg&#8221; overflow=&#8221;visible&#8221; overlay_strength=&#8221;0.3&#8243; gradient_direction=&#8221;left_to_right&#8221; shape_divider_position=&#8221;bottom&#8221; bg_image_animation=&#8221;none&#8221;][vc_column column_padding=&#8221;padding-2-percent&#8221; column_padding_tablet=&#8221;inherit&#8221; column_padding_phone=&#8221;inherit&#8221; column_padding_position=&#8221;all&#8221; column_element_direction_desktop=&#8221;default&#8221; column_element_spacing=&#8221;default&#8221; desktop_text_alignment=&#8221;default&#8221; tablet_text_alignment=&#8221;default&#8221; phone_text_alignment=&#8221;default&#8221; background_color_opacity=&#8221;1&#8243; background_hover_color_opacity=&#8221;1&#8243; column_backdrop_filter=&#8221;none&#8221; column_shadow=&#8221;none&#8221; column_border_radius=&#8221;none&#8221; column_link_target=&#8221;_self&#8221; column_position=&#8221;default&#8221; gradient_direction=&#8221;left_to_right&#8221; overlay_strength=&#8221;0.3&#8243; width=&#8221;1\/1&#8243; tablet_width_inherit=&#8221;default&#8221; animation_type=&#8221;default&#8221; bg_image_animation=&#8221;none&#8221; border_type=&#8221;simple&#8221; column_border_width=&#8221;1px&#8221; column_border_color=&#8221;#000000&#8243; column_border_style=&#8221;solid&#8221; column_padding_type=&#8221;default&#8221; gradient_type=&#8221;default&#8221;][vc_column_text]\n<h2 data-start=\"5862\" data-end=\"5905\"><span class=\"ez-toc-section\" id=\"Fazit\"><\/span>Fazit<span class=\"ez-toc-section-end\"><\/span><\/h2>\n<p data-start=\"5907\" data-end=\"6225\">Eine gezielte <strong data-start=\"5921\" data-end=\"5939\">Messef\u00f6rderung<\/strong> kann die finanziellen H\u00fcrden einer Teilnahme erheblich senken und den Zugang zu neuen M\u00e4rkten erleichtern.<br data-start=\"6046\" data-end=\"6049\" \/>Gerade f\u00fcr kleine und mittlere Unternehmen lohnt sich die Pr\u00fcfung der <strong data-start=\"6119\" data-end=\"6147\">BMWK- und BAFA-Programme<\/strong>, um <strong data-start=\"6152\" data-end=\"6222\">Investitionen zu reduzieren und den Markteintritt zu beschleunigen<\/strong>.<\/p>\n<p data-start=\"6227\" data-end=\"6394\">Wer F\u00f6rdervoraussetzungen und Fristen fr\u00fchzeitig beachtet, kann <strong data-start=\"6291\" data-end=\"6330\">staatliche Zusch\u00fcsse optimal nutzen<\/strong> und seine Messebeteiligung wirtschaftlich nachhaltig gestalten.<\/p>\n<p>Unterst\u00fctzung bei der Antragstellung bieten unter anderem die Industrie- und Handelskammern (IHK), die Handwerkskammern (HWK) sowie die F\u00f6rderbanken der L\u00e4nder. Auch spezialisierte Beratungsagenturen helfen bei der Erstellung vollst\u00e4ndiger Antragsunterlagen.[\/vc_column_text][\/vc_column][\/vc_row]\n","protected":false},"excerpt":{"rendered":"<p>[vc_row type=&#8221;in_container&#8221; full_screen_row_position=&#8221;middle&#8221; column_margin=&#8221;default&#8221; column_direction=&#8221;default&#8221; column_direction_tablet=&#8221;default&#8221; column_direction_phone=&#8221;default&#8221; scene_position=&#8221;center&#8221; top_margin=&#8221;-20&#8243; text_color=&#8221;dark&#8221; text_align=&#8221;left&#8221; row_border_radius=&#8221;none&#8221; row_border_radius_applies=&#8221;bg&#8221; overflow=&#8221;visible&#8221; overlay_strength=&#8221;0.3&#8243;&#8230;<\/p>\n","protected":false},"author":11,"featured_media":9891,"comment_status":"closed","ping_status":"open","sticky":false,"template":"","format":"standard","meta":{"_acf_changed":false,"_lmt_disableupdate":"no","_lmt_disable":"no","footnotes":""},"categories":[11],"tags":[],"class_list":{"0":"post-9878","1":"post","2":"type-post","3":"status-publish","4":"format-standard","5":"has-post-thumbnail","7":"category-messevorbereitung"},"acf":[],"yoast_head":"<!-- This site is optimized with the Yoast SEO plugin v27.5 - https:\/\/yoast.com\/product\/yoast-seo-wordpress\/ -->\n<title>Messef\u00f6rderung 2026 | F\u00f6rdermittel f\u00fcr Messest\u00e4nde<\/title>\n<meta name=\"description\" content=\"Messef\u00f6rderung im In- und Ausland: F\u00f6rdermittel f\u00fcr Messest\u00e4nde sichern und Messekosten senken. Jetzt informieren.\" \/>\n<meta name=\"robots\" content=\"index, follow, max-snippet:-1, max-image-preview:large, max-video-preview:-1\" \/>\n<link rel=\"canonical\" href=\"https:\/\/www.displayhersteller.de\/ratgeber\/messevorbereitung\/messefoerderung-2026-foerdermittel-fuer-messestaende\" \/>\n<meta property=\"og:locale\" content=\"de_DE\" \/>\n<meta property=\"og:type\" content=\"article\" \/>\n<meta property=\"og:title\" content=\"Messef\u00f6rderung 2026 | F\u00f6rdermittel f\u00fcr Messest\u00e4nde\" \/>\n<meta property=\"og:description\" content=\"Messef\u00f6rderung im In- und Ausland: F\u00f6rdermittel f\u00fcr Messest\u00e4nde sichern und Messekosten senken. Jetzt informieren.\" \/>\n<meta property=\"og:url\" content=\"https:\/\/www.displayhersteller.de\/ratgeber\/messevorbereitung\/messefoerderung-2026-foerdermittel-fuer-messestaende\" \/>\n<meta property=\"og:site_name\" content=\"displayhersteller Ratgeber\" \/>\n<meta property=\"article:author\" content=\"https:\/\/www.facebook.com\/displayhersteller\" \/>\n<meta property=\"article:published_time\" content=\"2025-10-10T14:06:41+00:00\" \/>\n<meta property=\"article:modified_time\" content=\"2026-04-29T09:22:46+00:00\" \/>\n<meta property=\"og:image\" content=\"http:\/\/www.displayhersteller.de\/ratgeber\/wp-content\/uploads\/2025\/10\/titelbild-foerderung-deutschland-ohne-text-v2.jpg\" \/>\n\t<meta property=\"og:image:width\" content=\"1839\" \/>\n\t<meta property=\"og:image:height\" content=\"945\" \/>\n\t<meta property=\"og:image:type\" content=\"image\/jpeg\" \/>\n<meta name=\"author\" content=\"Selin Alica\" \/>\n<meta name=\"twitter:card\" content=\"summary_large_image\" \/>\n<meta name=\"twitter:label1\" content=\"Geschrieben von\" \/>\n\t<meta name=\"twitter:data1\" content=\"Selin Alica\" \/>\n\t<meta name=\"twitter:label2\" content=\"Gesch\u00e4tzte Lesezeit\" \/>\n\t<meta name=\"twitter:data2\" content=\"16\u00a0Minuten\" \/>\n<!-- \/ Yoast SEO plugin. -->","yoast_head_json":{"title":"Messef\u00f6rderung 2026 | F\u00f6rdermittel f\u00fcr Messest\u00e4nde","description":"Messef\u00f6rderung im In- und Ausland: F\u00f6rdermittel f\u00fcr Messest\u00e4nde sichern und Messekosten senken. Jetzt informieren.","robots":{"index":"index","follow":"follow","max-snippet":"max-snippet:-1","max-image-preview":"max-image-preview:large","max-video-preview":"max-video-preview:-1"},"canonical":"https:\/\/www.displayhersteller.de\/ratgeber\/messevorbereitung\/messefoerderung-2026-foerdermittel-fuer-messestaende","og_locale":"de_DE","og_type":"article","og_title":"Messef\u00f6rderung 2026 | F\u00f6rdermittel f\u00fcr Messest\u00e4nde","og_description":"Messef\u00f6rderung im In- und Ausland: F\u00f6rdermittel f\u00fcr Messest\u00e4nde sichern und Messekosten senken. Jetzt informieren.","og_url":"https:\/\/www.displayhersteller.de\/ratgeber\/messevorbereitung\/messefoerderung-2026-foerdermittel-fuer-messestaende","og_site_name":"displayhersteller Ratgeber","article_author":"https:\/\/www.facebook.com\/displayhersteller","article_published_time":"2025-10-10T14:06:41+00:00","article_modified_time":"2026-04-29T09:22:46+00:00","og_image":[{"width":1839,"height":945,"url":"http:\/\/www.displayhersteller.de\/ratgeber\/wp-content\/uploads\/2025\/10\/titelbild-foerderung-deutschland-ohne-text-v2.jpg","type":"image\/jpeg"}],"author":"Selin Alica","twitter_card":"summary_large_image","twitter_misc":{"Geschrieben von":"Selin Alica","Gesch\u00e4tzte Lesezeit":"16\u00a0Minuten"},"schema":{"@context":"https:\/\/schema.org","@graph":[{"@type":"Article","@id":"https:\/\/www.displayhersteller.de\/ratgeber\/messevorbereitung\/messefoerderung-2026-foerdermittel-fuer-messestaende#article","isPartOf":{"@id":"https:\/\/www.displayhersteller.de\/ratgeber\/messevorbereitung\/messefoerderung-2026-foerdermittel-fuer-messestaende"},"author":{"name":"Selin Alica","@id":"https:\/\/www.displayhersteller.de\/ratgeber\/#\/schema\/person\/1300a732ee83919ebb218862e2c750c7"},"headline":"Messef\u00f6rderung: F\u00f6rdermittel f\u00fcr In- und Ausland nutzen","datePublished":"2025-10-10T14:06:41+00:00","dateModified":"2026-04-29T09:22:46+00:00","mainEntityOfPage":{"@id":"https:\/\/www.displayhersteller.de\/ratgeber\/messevorbereitung\/messefoerderung-2026-foerdermittel-fuer-messestaende"},"wordCount":7584,"image":{"@id":"https:\/\/www.displayhersteller.de\/ratgeber\/messevorbereitung\/messefoerderung-2026-foerdermittel-fuer-messestaende#primaryimage"},"thumbnailUrl":"https:\/\/www.displayhersteller.de\/ratgeber\/wp-content\/uploads\/2025\/10\/titelbild-foerderung-deutschland-ohne-text-v2.jpg","articleSection":["Messevorbereitung"],"inLanguage":"de"},{"@type":"WebPage","@id":"https:\/\/www.displayhersteller.de\/ratgeber\/messevorbereitung\/messefoerderung-2026-foerdermittel-fuer-messestaende","url":"https:\/\/www.displayhersteller.de\/ratgeber\/messevorbereitung\/messefoerderung-2026-foerdermittel-fuer-messestaende","name":"Messef\u00f6rderung 2026 | F\u00f6rdermittel f\u00fcr Messest\u00e4nde","isPartOf":{"@id":"https:\/\/www.displayhersteller.de\/ratgeber\/#website"},"primaryImageOfPage":{"@id":"https:\/\/www.displayhersteller.de\/ratgeber\/messevorbereitung\/messefoerderung-2026-foerdermittel-fuer-messestaende#primaryimage"},"image":{"@id":"https:\/\/www.displayhersteller.de\/ratgeber\/messevorbereitung\/messefoerderung-2026-foerdermittel-fuer-messestaende#primaryimage"},"thumbnailUrl":"https:\/\/www.displayhersteller.de\/ratgeber\/wp-content\/uploads\/2025\/10\/titelbild-foerderung-deutschland-ohne-text-v2.jpg","datePublished":"2025-10-10T14:06:41+00:00","dateModified":"2026-04-29T09:22:46+00:00","author":{"@id":"https:\/\/www.displayhersteller.de\/ratgeber\/#\/schema\/person\/1300a732ee83919ebb218862e2c750c7"},"description":"Messef\u00f6rderung im In- und Ausland: F\u00f6rdermittel f\u00fcr Messest\u00e4nde sichern und Messekosten senken. Jetzt informieren.","breadcrumb":{"@id":"https:\/\/www.displayhersteller.de\/ratgeber\/messevorbereitung\/messefoerderung-2026-foerdermittel-fuer-messestaende#breadcrumb"},"inLanguage":"de","potentialAction":[{"@type":"ReadAction","target":["https:\/\/www.displayhersteller.de\/ratgeber\/messevorbereitung\/messefoerderung-2026-foerdermittel-fuer-messestaende"]}]},{"@type":"ImageObject","inLanguage":"de","@id":"https:\/\/www.displayhersteller.de\/ratgeber\/messevorbereitung\/messefoerderung-2026-foerdermittel-fuer-messestaende#primaryimage","url":"https:\/\/www.displayhersteller.de\/ratgeber\/wp-content\/uploads\/2025\/10\/titelbild-foerderung-deutschland-ohne-text-v2.jpg","contentUrl":"https:\/\/www.displayhersteller.de\/ratgeber\/wp-content\/uploads\/2025\/10\/titelbild-foerderung-deutschland-ohne-text-v2.jpg","width":1839,"height":945},{"@type":"BreadcrumbList","@id":"https:\/\/www.displayhersteller.de\/ratgeber\/messevorbereitung\/messefoerderung-2026-foerdermittel-fuer-messestaende#breadcrumb","itemListElement":[{"@type":"ListItem","position":1,"name":"Home","item":"https:\/\/www.displayhersteller.de\/ratgeber"},{"@type":"ListItem","position":2,"name":"Messef\u00f6rderung: F\u00f6rdermittel f\u00fcr In- und Ausland nutzen"}]},{"@type":"WebSite","@id":"https:\/\/www.displayhersteller.de\/ratgeber\/#website","url":"https:\/\/www.displayhersteller.de\/ratgeber\/","name":"displayhersteller Ratgeber","description":"Informative Beitr\u00e4ge zu Messest\u00e4nden, Werbeaufstellern f\u00fcr Messen, Events und Veranstaltungen","potentialAction":[{"@type":"SearchAction","target":{"@type":"EntryPoint","urlTemplate":"https:\/\/www.displayhersteller.de\/ratgeber\/?s={search_term_string}"},"query-input":{"@type":"PropertyValueSpecification","valueRequired":true,"valueName":"search_term_string"}}],"inLanguage":"de"},{"@type":"Person","@id":"https:\/\/www.displayhersteller.de\/ratgeber\/#\/schema\/person\/1300a732ee83919ebb218862e2c750c7","name":"Selin Alica","image":{"@type":"ImageObject","inLanguage":"de","@id":"https:\/\/secure.gravatar.com\/avatar\/650c55b627ba9992a08d890f7aa957ebf15c0e3479fbe7a420fa4fec345b976a?s=96&d=mm&r=g","url":"https:\/\/secure.gravatar.com\/avatar\/650c55b627ba9992a08d890f7aa957ebf15c0e3479fbe7a420fa4fec345b976a?s=96&d=mm&r=g","contentUrl":"https:\/\/secure.gravatar.com\/avatar\/650c55b627ba9992a08d890f7aa957ebf15c0e3479fbe7a420fa4fec345b976a?s=96&d=mm&r=g","caption":"Selin Alica"},"description":"Selin ist offiziell seit 2024 Teil des Teams von Displayhersteller.de und bringt frischen Wind sowie ein feines Gesp\u00fcr f\u00fcr Inhalte mit. Als Mediengestalterin mit Schwerpunkt Content Management sorgt sie daf\u00fcr, dass alle Informationen rund um unsere Produkte strukturiert, ansprechend und informativ aufbereitet sind. Messe-DNA hat sie quasi im Blut \u2013 aufgewachsen in einem familiengef\u00fchrten Messebauunternehmen, kennt sie die Branche von Grund auf. Ihre Mischung aus Textsicherheit und Messeerfahrung macht sie zu einer wertvollen Stimme im Ratgeber von Displayhersteller.de.","sameAs":["https:\/\/www.displayhersteller.de\/de\/","https:\/\/www.facebook.com\/displayhersteller","https:\/\/www.instagram.com\/displayhersteller\/","https:\/\/www.linkedin.com\/company\/12794866\/admin\/page-posts\/published\/","https:\/\/www.youtube.com\/@displayhersteller"],"url":"https:\/\/www.displayhersteller.de\/ratgeber\/author\/selin"}]}},"modified_by":"Jonas Dollhofer","_links":{"self":[{"href":"https:\/\/www.displayhersteller.de\/ratgeber\/wp-json\/wp\/v2\/posts\/9878","targetHints":{"allow":["GET"]}}],"collection":[{"href":"https:\/\/www.displayhersteller.de\/ratgeber\/wp-json\/wp\/v2\/posts"}],"about":[{"href":"https:\/\/www.displayhersteller.de\/ratgeber\/wp-json\/wp\/v2\/types\/post"}],"author":[{"embeddable":true,"href":"https:\/\/www.displayhersteller.de\/ratgeber\/wp-json\/wp\/v2\/users\/11"}],"replies":[{"embeddable":true,"href":"https:\/\/www.displayhersteller.de\/ratgeber\/wp-json\/wp\/v2\/comments?post=9878"}],"version-history":[{"count":30,"href":"https:\/\/www.displayhersteller.de\/ratgeber\/wp-json\/wp\/v2\/posts\/9878\/revisions"}],"predecessor-version":[{"id":11036,"href":"https:\/\/www.displayhersteller.de\/ratgeber\/wp-json\/wp\/v2\/posts\/9878\/revisions\/11036"}],"wp:featuredmedia":[{"embeddable":true,"href":"https:\/\/www.displayhersteller.de\/ratgeber\/wp-json\/wp\/v2\/media\/9891"}],"wp:attachment":[{"href":"https:\/\/www.displayhersteller.de\/ratgeber\/wp-json\/wp\/v2\/media?parent=9878"}],"wp:term":[{"taxonomy":"category","embeddable":true,"href":"https:\/\/www.displayhersteller.de\/ratgeber\/wp-json\/wp\/v2\/categories?post=9878"},{"taxonomy":"post_tag","embeddable":true,"href":"https:\/\/www.displayhersteller.de\/ratgeber\/wp-json\/wp\/v2\/tags?post=9878"}],"curies":[{"name":"wp","href":"https:\/\/api.w.org\/{rel}","templated":true}]}}